{"id":9301,"date":"2026-01-22T12:03:51","date_gmt":"2026-01-22T12:03:51","guid":{"rendered":"https:\/\/www.merlinproperties.com\/pt\/?p=9301"},"modified":"2026-01-23T08:23:52","modified_gmt":"2026-01-23T08:23:52","slug":"tivemos-uma-reuniao-na-torre-glories-para-analisar-como-a-conclusao-do-plano-cerda-e-a-renovacao-da-praca-das-glories-estao-a-transformar-esta-zona-num-novo-epicentro-empresarial-de-barcelona","status":"publish","type":"post","link":"https:\/\/www.merlinproperties.com\/pt\/dia-a-dia\/tivemos-uma-reuniao-na-torre-glories-para-analisar-como-a-conclusao-do-plano-cerda-e-a-renovacao-da-praca-das-glories-estao-a-transformar-esta-zona-num-novo-epicentro-empresarial-de-barcelona\/","title":{"rendered":"Encontro na Torre Gl\u00f2ries, o novo epicentro empresarial de Barcelona"},"content":{"rendered":"<p>Tivemos uma reuni\u00e3o na Torre Gl\u00f2ries para analisar como a conclus\u00e3o do Plano Cerd\u00e0 e a renova\u00e7\u00e3o da Pra\u00e7a das Gl\u00f2ries est\u00e3o a transformar esta zona num novo epicentro empresarial de Barcelona.<\/p>\n<p>Uma \u00e1rea que oferece espa\u00e7os ideais para os escrit\u00f3rios do futuro, capazes de atrair e fidelizar talentos gra\u00e7as a um urbanismo que coloca as pessoas no centro e promove a qualidade de vida no dia a dia.<\/p>\n<p>Agradecemos a Daniel M\u00f2dol Deltell, arquiteto e urbanista, Anna Gener, CEO da Savills Barcelona, e Xavier Paton, gerente da \u00c1rea de Promo\u00e7\u00e3o Econ\u00f3mica, Turismo, Rela\u00e7\u00f5es Internacionais e Desporto da C\u00e2mara Municipal de Barcelona, por participarem nesta mesa redonda juntamente com o nosso Diretor de Escrit\u00f3rios, Fernando Ferrero Cant\u00e1n.<\/p>\n<p>Pode encontrar todos os detalhes aqui: <a href=\"https:\/\/www.elconfidencial.com\/inmobiliario\/\">https:\/\/www.elconfidencial.com\/inmobiliario\/<\/a><\/p>\n<p><iframe loading=\"lazy\" title=\"Mesa redonda El Confidencial &amp; Merlin Properties\" width=\"500\" height=\"281\" src=\"https:\/\/www.youtube.com\/embed\/awAUlGGqdjU?feature=oembed\" frameborder=\"0\" allow=\"accelerometer; autoplay; clipboard-write; encrypted-media; gyroscope; picture-in-picture; web-share\" referrerpolicy=\"strict-origin-when-cross-origin\" allowfullscreen><\/iframe><\/p>\n<p>&nbsp;<\/p>\n","protected":false},"excerpt":{"rendered":"<p>Tivemos uma reuni\u00e3o na Torre Gl\u00f2ries para analisar como a conclus\u00e3o do Plano Cerd\u00e0 e a renova\u00e7\u00e3o da Pra\u00e7a das Gl\u00f2ries est\u00e3o a transformar esta zona num novo epicentro empresarial de Barcelona. Uma \u00e1rea que oferece espa\u00e7os ideais para os escrit\u00f3rios do futuro, capazes de atrair e fidelizar talentos gra\u00e7as a um urbanismo que coloca [&hellip;]<\/p>\n","protected":false},"author":14,"featured_media":9303,"comment_status":"closed","ping_status":"open","sticky":false,"template":"","format":"standard","meta":{"footnotes":""},"categories":[41,46],"class_list":["post-9301","post","type-post","status-publish","format-standard","has-post-thumbnail","hentry","category-dia-a-dia","category-dia-oficinas"],"acf":[],"yoast_head":"<!-- This site is optimized with the Yoast SEO plugin v26.5 - https:\/\/yoast.com\/wordpress\/plugins\/seo\/ -->\n<title>Encontro na Torre Gl\u00f2ries, o novo epicentro empresarial de Barcelona - Merlin Properties Socimi, S.A. (PT)<\/title>\n<meta name=\"robots\" content=\"index, follow, max-snippet:-1, max-image-preview:large, max-video-preview:-1\" \/>\n<link rel=\"canonical\" href=\"https:\/\/www.merlinproperties.com\/pt\/dia-a-dia\/tivemos-uma-reuniao-na-torre-glories-para-analisar-como-a-conclusao-do-plano-cerda-e-a-renovacao-da-praca-das-glories-estao-a-transformar-esta-zona-num-novo-epicentro-empresarial-de-barcelona\/\" \/>\n<meta property=\"og:locale\" content=\"es_ES\" \/>\n<meta property=\"og:type\" content=\"article\" \/>\n<meta property=\"og:title\" content=\"Encontro na Torre Gl\u00f2ries, o novo epicentro empresarial de Barcelona - Merlin Properties Socimi, S.A. (PT)\" \/>\n<meta property=\"og:description\" content=\"Tivemos uma reuni\u00e3o na Torre Gl\u00f2ries para analisar como a conclus\u00e3o do Plano Cerd\u00e0 e a renova\u00e7\u00e3o da Pra\u00e7a das Gl\u00f2ries est\u00e3o a transformar esta zona num novo epicentro empresarial de Barcelona. Uma \u00e1rea que oferece espa\u00e7os ideais para os escrit\u00f3rios do futuro, capazes de atrair e fidelizar talentos gra\u00e7as a um urbanismo que coloca [&hellip;]\" \/>\n<meta property=\"og:url\" content=\"https:\/\/www.merlinproperties.com\/pt\/dia-a-dia\/tivemos-uma-reuniao-na-torre-glories-para-analisar-como-a-conclusao-do-plano-cerda-e-a-renovacao-da-praca-das-glories-estao-a-transformar-esta-zona-num-novo-epicentro-empresarial-de-barcelona\/\" \/>\n<meta property=\"og:site_name\" content=\"Merlin Properties Socimi, S.A. (PT)\" \/>\n<meta property=\"article:published_time\" content=\"2026-01-22T12:03:51+00:00\" \/>\n<meta property=\"article:modified_time\" content=\"2026-01-23T08:23:52+00:00\" \/>\n<meta property=\"og:image\" content=\"https:\/\/www.merlinproperties.com\/pt\/wp-content\/uploads\/sites\/3\/2026\/01\/Proyecto-nuevo1500-3.png\" \/>\n\t<meta property=\"og:image:width\" content=\"1500\" \/>\n\t<meta property=\"og:image:height\" content=\"500\" \/>\n\t<meta property=\"og:image:type\" content=\"image\/png\" \/>\n<meta name=\"author\" content=\"albaclavero\" \/>\n<meta name=\"twitter:card\" content=\"summary_large_image\" \/>\n<meta name=\"twitter:label1\" content=\"Escrito por\" \/>\n\t<meta name=\"twitter:data1\" content=\"albaclavero\" \/>\n\t<meta name=\"twitter:label2\" content=\"Tiempo de lectura\" \/>\n\t<meta name=\"twitter:data2\" content=\"1 minuto\" \/>\n<script type=\"application\/ld+json\" class=\"yoast-schema-graph\">{\"@context\":\"https:\/\/schema.org\",\"@graph\":[{\"@type\":\"Article\",\"@id\":\"https:\/\/www.merlinproperties.com\/pt\/dia-a-dia\/tivemos-uma-reuniao-na-torre-glories-para-analisar-como-a-conclusao-do-plano-cerda-e-a-renovacao-da-praca-das-glories-estao-a-transformar-esta-zona-num-novo-epicentro-empresarial-de-barcelona\/#article\",\"isPartOf\":{\"@id\":\"https:\/\/www.merlinproperties.com\/pt\/dia-a-dia\/tivemos-uma-reuniao-na-torre-glories-para-analisar-como-a-conclusao-do-plano-cerda-e-a-renovacao-da-praca-das-glories-estao-a-transformar-esta-zona-num-novo-epicentro-empresarial-de-barcelona\/\"},\"author\":{\"name\":\"albaclavero\",\"@id\":\"https:\/\/www.merlinproperties.com\/pt\/#\/schema\/person\/1bcb8cdc1d11df155e03700d933bee6a\"},\"headline\":\"Encontro na Torre Gl\u00f2ries, o novo epicentro empresarial de Barcelona\",\"datePublished\":\"2026-01-22T12:03:51+00:00\",\"dateModified\":\"2026-01-23T08:23:52+00:00\",\"mainEntityOfPage\":{\"@id\":\"https:\/\/www.merlinproperties.com\/pt\/dia-a-dia\/tivemos-uma-reuniao-na-torre-glories-para-analisar-como-a-conclusao-do-plano-cerda-e-a-renovacao-da-praca-das-glories-estao-a-transformar-esta-zona-num-novo-epicentro-empresarial-de-barcelona\/\"},\"wordCount\":164,\"publisher\":{\"@id\":\"https:\/\/www.merlinproperties.com\/pt\/#organization\"},\"image\":{\"@id\":\"https:\/\/www.merlinproperties.com\/pt\/dia-a-dia\/tivemos-uma-reuniao-na-torre-glories-para-analisar-como-a-conclusao-do-plano-cerda-e-a-renovacao-da-praca-das-glories-estao-a-transformar-esta-zona-num-novo-epicentro-empresarial-de-barcelona\/#primaryimage\"},\"thumbnailUrl\":\"https:\/\/www.merlinproperties.com\/pt\/wp-content\/uploads\/sites\/3\/2026\/01\/Proyecto-nuevo1500-3.png\",\"articleSection\":[\"D\u00eda a d\u00eda\",\"Oficinas\"],\"inLanguage\":\"es\"},{\"@type\":\"WebPage\",\"@id\":\"https:\/\/www.merlinproperties.com\/pt\/dia-a-dia\/tivemos-uma-reuniao-na-torre-glories-para-analisar-como-a-conclusao-do-plano-cerda-e-a-renovacao-da-praca-das-glories-estao-a-transformar-esta-zona-num-novo-epicentro-empresarial-de-barcelona\/\",\"url\":\"https:\/\/www.merlinproperties.com\/pt\/dia-a-dia\/tivemos-uma-reuniao-na-torre-glories-para-analisar-como-a-conclusao-do-plano-cerda-e-a-renovacao-da-praca-das-glories-estao-a-transformar-esta-zona-num-novo-epicentro-empresarial-de-barcelona\/\",\"name\":\"Encontro na Torre Gl\u00f2ries, o novo epicentro empresarial de Barcelona - Merlin Properties Socimi, S.A. (PT)\",\"isPartOf\":{\"@id\":\"https:\/\/www.merlinproperties.com\/pt\/#website\"},\"primaryImageOfPage\":{\"@id\":\"https:\/\/www.merlinproperties.com\/pt\/dia-a-dia\/tivemos-uma-reuniao-na-torre-glories-para-analisar-como-a-conclusao-do-plano-cerda-e-a-renovacao-da-praca-das-glories-estao-a-transformar-esta-zona-num-novo-epicentro-empresarial-de-barcelona\/#primaryimage\"},\"image\":{\"@id\":\"https:\/\/www.merlinproperties.com\/pt\/dia-a-dia\/tivemos-uma-reuniao-na-torre-glories-para-analisar-como-a-conclusao-do-plano-cerda-e-a-renovacao-da-praca-das-glories-estao-a-transformar-esta-zona-num-novo-epicentro-empresarial-de-barcelona\/#primaryimage\"},\"thumbnailUrl\":\"https:\/\/www.merlinproperties.com\/pt\/wp-content\/uploads\/sites\/3\/2026\/01\/Proyecto-nuevo1500-3.png\",\"datePublished\":\"2026-01-22T12:03:51+00:00\",\"dateModified\":\"2026-01-23T08:23:52+00:00\",\"inLanguage\":\"es\",\"potentialAction\":[{\"@type\":\"ReadAction\",\"target\":[\"https:\/\/www.merlinproperties.com\/pt\/dia-a-dia\/tivemos-uma-reuniao-na-torre-glories-para-analisar-como-a-conclusao-do-plano-cerda-e-a-renovacao-da-praca-das-glories-estao-a-transformar-esta-zona-num-novo-epicentro-empresarial-de-barcelona\/\"]}]},{\"@type\":\"ImageObject\",\"inLanguage\":\"es\",\"@id\":\"https:\/\/www.merlinproperties.com\/pt\/dia-a-dia\/tivemos-uma-reuniao-na-torre-glories-para-analisar-como-a-conclusao-do-plano-cerda-e-a-renovacao-da-praca-das-glories-estao-a-transformar-esta-zona-num-novo-epicentro-empresarial-de-barcelona\/#primaryimage\",\"url\":\"https:\/\/www.merlinproperties.com\/pt\/wp-content\/uploads\/sites\/3\/2026\/01\/Proyecto-nuevo1500-3.png\",\"contentUrl\":\"https:\/\/www.merlinproperties.com\/pt\/wp-content\/uploads\/sites\/3\/2026\/01\/Proyecto-nuevo1500-3.png\",\"width\":1500,\"height\":500},{\"@type\":\"WebSite\",\"@id\":\"https:\/\/www.merlinproperties.com\/pt\/#website\",\"url\":\"https:\/\/www.merlinproperties.com\/pt\/\",\"name\":\"Merlin Properties Socimi, S.A. (PT)\",\"description\":\"Compa\u00f1\u00eda Inmobiliaria, cotizada, l\u00edder en el sector de activos terciarios en la Pen\u00ednsula Ib\u00e9rica.\",\"publisher\":{\"@id\":\"https:\/\/www.merlinproperties.com\/pt\/#organization\"},\"potentialAction\":[{\"@type\":\"SearchAction\",\"target\":{\"@type\":\"EntryPoint\",\"urlTemplate\":\"https:\/\/www.merlinproperties.com\/pt\/?s={search_term_string}\"},\"query-input\":{\"@type\":\"PropertyValueSpecification\",\"valueRequired\":true,\"valueName\":\"search_term_string\"}}],\"inLanguage\":\"es\"},{\"@type\":\"Organization\",\"@id\":\"https:\/\/www.merlinproperties.com\/pt\/#organization\",\"name\":\"Merlin Properties Socimi, S.A. (PT)\",\"url\":\"https:\/\/www.merlinproperties.com\/pt\/\",\"logo\":{\"@type\":\"ImageObject\",\"inLanguage\":\"es\",\"@id\":\"https:\/\/www.merlinproperties.com\/pt\/#\/schema\/logo\/image\/\",\"url\":\"https:\/\/www.merlinproperties.com\/pt\/wp-content\/uploads\/sites\/3\/2023\/03\/Merlin-Logo-Horizontal-Negativo-scaled-3.png\",\"contentUrl\":\"https:\/\/www.merlinproperties.com\/pt\/wp-content\/uploads\/sites\/3\/2023\/03\/Merlin-Logo-Horizontal-Negativo-scaled-3.png\",\"width\":600,\"height\":204,\"caption\":\"Merlin Properties Socimi, S.A. (PT)\"},\"image\":{\"@id\":\"https:\/\/www.merlinproperties.com\/pt\/#\/schema\/logo\/image\/\"}},{\"@type\":\"Person\",\"@id\":\"https:\/\/www.merlinproperties.com\/pt\/#\/schema\/person\/1bcb8cdc1d11df155e03700d933bee6a\",\"name\":\"albaclavero\",\"image\":{\"@type\":\"ImageObject\",\"inLanguage\":\"es\",\"@id\":\"https:\/\/www.merlinproperties.com\/pt\/#\/schema\/person\/image\/\",\"url\":\"https:\/\/secure.gravatar.com\/avatar\/bb2cd22b45218e9e06701ca4b693cdd392bd06fc7d29be2b9339b092c70bced0?s=96&d=mm&r=g\",\"contentUrl\":\"https:\/\/secure.gravatar.com\/avatar\/bb2cd22b45218e9e06701ca4b693cdd392bd06fc7d29be2b9339b092c70bced0?s=96&d=mm&r=g\",\"caption\":\"albaclavero\"},\"url\":\"https:\/\/www.merlinproperties.com\/pt\/author\/albaclavero\/\"}]}<\/script>\n<!-- \/ Yoast SEO plugin. -->","yoast_head_json":{"title":"Encontro na Torre Gl\u00f2ries, o novo epicentro empresarial de Barcelona - Merlin Properties Socimi, S.A. (PT)","robots":{"index":"index","follow":"follow","max-snippet":"max-snippet:-1","max-image-preview":"max-image-preview:large","max-video-preview":"max-video-preview:-1"},"canonical":"https:\/\/www.merlinproperties.com\/pt\/dia-a-dia\/tivemos-uma-reuniao-na-torre-glories-para-analisar-como-a-conclusao-do-plano-cerda-e-a-renovacao-da-praca-das-glories-estao-a-transformar-esta-zona-num-novo-epicentro-empresarial-de-barcelona\/","og_locale":"es_ES","og_type":"article","og_title":"Encontro na Torre Gl\u00f2ries, o novo epicentro empresarial de Barcelona - Merlin Properties Socimi, S.A. (PT)","og_description":"Tivemos uma reuni\u00e3o na Torre Gl\u00f2ries para analisar como a conclus\u00e3o do Plano Cerd\u00e0 e a renova\u00e7\u00e3o da Pra\u00e7a das Gl\u00f2ries est\u00e3o a transformar esta zona num novo epicentro empresarial de Barcelona. Uma \u00e1rea que oferece espa\u00e7os ideais para os escrit\u00f3rios do futuro, capazes de atrair e fidelizar talentos gra\u00e7as a um urbanismo que coloca [&hellip;]","og_url":"https:\/\/www.merlinproperties.com\/pt\/dia-a-dia\/tivemos-uma-reuniao-na-torre-glories-para-analisar-como-a-conclusao-do-plano-cerda-e-a-renovacao-da-praca-das-glories-estao-a-transformar-esta-zona-num-novo-epicentro-empresarial-de-barcelona\/","og_site_name":"Merlin Properties Socimi, S.A. (PT)","article_published_time":"2026-01-22T12:03:51+00:00","article_modified_time":"2026-01-23T08:23:52+00:00","og_image":[{"width":1500,"height":500,"url":"https:\/\/www.merlinproperties.com\/pt\/wp-content\/uploads\/sites\/3\/2026\/01\/Proyecto-nuevo1500-3.png","type":"image\/png"}],"author":"albaclavero","twitter_card":"summary_large_image","twitter_misc":{"Escrito por":"albaclavero","Tiempo de lectura":"1 minuto"},"schema":{"@context":"https:\/\/schema.org","@graph":[{"@type":"Article","@id":"https:\/\/www.merlinproperties.com\/pt\/dia-a-dia\/tivemos-uma-reuniao-na-torre-glories-para-analisar-como-a-conclusao-do-plano-cerda-e-a-renovacao-da-praca-das-glories-estao-a-transformar-esta-zona-num-novo-epicentro-empresarial-de-barcelona\/#article","isPartOf":{"@id":"https:\/\/www.merlinproperties.com\/pt\/dia-a-dia\/tivemos-uma-reuniao-na-torre-glories-para-analisar-como-a-conclusao-do-plano-cerda-e-a-renovacao-da-praca-das-glories-estao-a-transformar-esta-zona-num-novo-epicentro-empresarial-de-barcelona\/"},"author":{"name":"albaclavero","@id":"https:\/\/www.merlinproperties.com\/pt\/#\/schema\/person\/1bcb8cdc1d11df155e03700d933bee6a"},"headline":"Encontro na Torre Gl\u00f2ries, o novo epicentro empresarial de Barcelona","datePublished":"2026-01-22T12:03:51+00:00","dateModified":"2026-01-23T08:23:52+00:00","mainEntityOfPage":{"@id":"https:\/\/www.merlinproperties.com\/pt\/dia-a-dia\/tivemos-uma-reuniao-na-torre-glories-para-analisar-como-a-conclusao-do-plano-cerda-e-a-renovacao-da-praca-das-glories-estao-a-transformar-esta-zona-num-novo-epicentro-empresarial-de-barcelona\/"},"wordCount":164,"publisher":{"@id":"https:\/\/www.merlinproperties.com\/pt\/#organization"},"image":{"@id":"https:\/\/www.merlinproperties.com\/pt\/dia-a-dia\/tivemos-uma-reuniao-na-torre-glories-para-analisar-como-a-conclusao-do-plano-cerda-e-a-renovacao-da-praca-das-glories-estao-a-transformar-esta-zona-num-novo-epicentro-empresarial-de-barcelona\/#primaryimage"},"thumbnailUrl":"https:\/\/www.merlinproperties.com\/pt\/wp-content\/uploads\/sites\/3\/2026\/01\/Proyecto-nuevo1500-3.png","articleSection":["D\u00eda a d\u00eda","Oficinas"],"inLanguage":"es"},{"@type":"WebPage","@id":"https:\/\/www.merlinproperties.com\/pt\/dia-a-dia\/tivemos-uma-reuniao-na-torre-glories-para-analisar-como-a-conclusao-do-plano-cerda-e-a-renovacao-da-praca-das-glories-estao-a-transformar-esta-zona-num-novo-epicentro-empresarial-de-barcelona\/","url":"https:\/\/www.merlinproperties.com\/pt\/dia-a-dia\/tivemos-uma-reuniao-na-torre-glories-para-analisar-como-a-conclusao-do-plano-cerda-e-a-renovacao-da-praca-das-glories-estao-a-transformar-esta-zona-num-novo-epicentro-empresarial-de-barcelona\/","name":"Encontro na Torre Gl\u00f2ries, o novo epicentro empresarial de Barcelona - Merlin Properties Socimi, S.A. (PT)","isPartOf":{"@id":"https:\/\/www.merlinproperties.com\/pt\/#website"},"primaryImageOfPage":{"@id":"https:\/\/www.merlinproperties.com\/pt\/dia-a-dia\/tivemos-uma-reuniao-na-torre-glories-para-analisar-como-a-conclusao-do-plano-cerda-e-a-renovacao-da-praca-das-glories-estao-a-transformar-esta-zona-num-novo-epicentro-empresarial-de-barcelona\/#primaryimage"},"image":{"@id":"https:\/\/www.merlinproperties.com\/pt\/dia-a-dia\/tivemos-uma-reuniao-na-torre-glories-para-analisar-como-a-conclusao-do-plano-cerda-e-a-renovacao-da-praca-das-glories-estao-a-transformar-esta-zona-num-novo-epicentro-empresarial-de-barcelona\/#primaryimage"},"thumbnailUrl":"https:\/\/www.merlinproperties.com\/pt\/wp-content\/uploads\/sites\/3\/2026\/01\/Proyecto-nuevo1500-3.png","datePublished":"2026-01-22T12:03:51+00:00","dateModified":"2026-01-23T08:23:52+00:00","inLanguage":"es","potentialAction":[{"@type":"ReadAction","target":["https:\/\/www.merlinproperties.com\/pt\/dia-a-dia\/tivemos-uma-reuniao-na-torre-glories-para-analisar-como-a-conclusao-do-plano-cerda-e-a-renovacao-da-praca-das-glories-estao-a-transformar-esta-zona-num-novo-epicentro-empresarial-de-barcelona\/"]}]},{"@type":"ImageObject","inLanguage":"es","@id":"https:\/\/www.merlinproperties.com\/pt\/dia-a-dia\/tivemos-uma-reuniao-na-torre-glories-para-analisar-como-a-conclusao-do-plano-cerda-e-a-renovacao-da-praca-das-glories-estao-a-transformar-esta-zona-num-novo-epicentro-empresarial-de-barcelona\/#primaryimage","url":"https:\/\/www.merlinproperties.com\/pt\/wp-content\/uploads\/sites\/3\/2026\/01\/Proyecto-nuevo1500-3.png","contentUrl":"https:\/\/www.merlinproperties.com\/pt\/wp-content\/uploads\/sites\/3\/2026\/01\/Proyecto-nuevo1500-3.png","width":1500,"height":500},{"@type":"WebSite","@id":"https:\/\/www.merlinproperties.com\/pt\/#website","url":"https:\/\/www.merlinproperties.com\/pt\/","name":"Merlin Properties Socimi, S.A. (PT)","description":"Compa\u00f1\u00eda Inmobiliaria, cotizada, l\u00edder en el sector de activos terciarios en la Pen\u00ednsula Ib\u00e9rica.","publisher":{"@id":"https:\/\/www.merlinproperties.com\/pt\/#organization"},"potentialAction":[{"@type":"SearchAction","target":{"@type":"EntryPoint","urlTemplate":"https:\/\/www.merlinproperties.com\/pt\/?s={search_term_string}"},"query-input":{"@type":"PropertyValueSpecification","valueRequired":true,"valueName":"search_term_string"}}],"inLanguage":"es"},{"@type":"Organization","@id":"https:\/\/www.merlinproperties.com\/pt\/#organization","name":"Merlin Properties Socimi, S.A. (PT)","url":"https:\/\/www.merlinproperties.com\/pt\/","logo":{"@type":"ImageObject","inLanguage":"es","@id":"https:\/\/www.merlinproperties.com\/pt\/#\/schema\/logo\/image\/","url":"https:\/\/www.merlinproperties.com\/pt\/wp-content\/uploads\/sites\/3\/2023\/03\/Merlin-Logo-Horizontal-Negativo-scaled-3.png","contentUrl":"https:\/\/www.merlinproperties.com\/pt\/wp-content\/uploads\/sites\/3\/2023\/03\/Merlin-Logo-Horizontal-Negativo-scaled-3.png","width":600,"height":204,"caption":"Merlin Properties Socimi, S.A. (PT)"},"image":{"@id":"https:\/\/www.merlinproperties.com\/pt\/#\/schema\/logo\/image\/"}},{"@type":"Person","@id":"https:\/\/www.merlinproperties.com\/pt\/#\/schema\/person\/1bcb8cdc1d11df155e03700d933bee6a","name":"albaclavero","image":{"@type":"ImageObject","inLanguage":"es","@id":"https:\/\/www.merlinproperties.com\/pt\/#\/schema\/person\/image\/","url":"https:\/\/secure.gravatar.com\/avatar\/bb2cd22b45218e9e06701ca4b693cdd392bd06fc7d29be2b9339b092c70bced0?s=96&d=mm&r=g","contentUrl":"https:\/\/secure.gravatar.com\/avatar\/bb2cd22b45218e9e06701ca4b693cdd392bd06fc7d29be2b9339b092c70bced0?s=96&d=mm&r=g","caption":"albaclavero"},"url":"https:\/\/www.merlinproperties.com\/pt\/author\/albaclavero\/"}]}},"_links":{"self":[{"href":"https:\/\/www.merlinproperties.com\/pt\/wp-json\/wp\/v2\/posts\/9301","targetHints":{"allow":["GET"]}}],"collection":[{"href":"https:\/\/www.merlinproperties.com\/pt\/wp-json\/wp\/v2\/posts"}],"about":[{"href":"https:\/\/www.merlinproperties.com\/pt\/wp-json\/wp\/v2\/types\/post"}],"author":[{"embeddable":true,"href":"https:\/\/www.merlinproperties.com\/pt\/wp-json\/wp\/v2\/users\/14"}],"replies":[{"embeddable":true,"href":"https:\/\/www.merlinproperties.com\/pt\/wp-json\/wp\/v2\/comments?post=9301"}],"version-history":[{"count":2,"href":"https:\/\/www.merlinproperties.com\/pt\/wp-json\/wp\/v2\/posts\/9301\/revisions"}],"predecessor-version":[{"id":9305,"href":"https:\/\/www.merlinproperties.com\/pt\/wp-json\/wp\/v2\/posts\/9301\/revisions\/9305"}],"wp:featuredmedia":[{"embeddable":true,"href":"https:\/\/www.merlinproperties.com\/pt\/wp-json\/wp\/v2\/media\/9303"}],"wp:attachment":[{"href":"https:\/\/www.merlinproperties.com\/pt\/wp-json\/wp\/v2\/media?parent=9301"}],"wp:term":[{"taxonomy":"category","embeddable":true,"href":"https:\/\/www.merlinproperties.com\/pt\/wp-json\/wp\/v2\/categories?post=9301"}],"curies":[{"name":"wp","href":"https:\/\/api.w.org\/{rel}","templated":true}]}}