{"id":9299,"date":"2026-01-19T17:00:25","date_gmt":"2026-01-19T17:00:25","guid":{"rendered":"https:\/\/www.merlinproperties.com\/pt\/?p=9299"},"modified":"2026-01-19T17:00:25","modified_gmt":"2026-01-19T17:00:25","slug":"participamos-na-mesa-redonda-madrid-um-investimento-de-valor-no-spain-investors-day","status":"publish","type":"post","link":"https:\/\/www.merlinproperties.com\/pt\/dia-a-dia\/participamos-na-mesa-redonda-madrid-um-investimento-de-valor-no-spain-investors-day\/","title":{"rendered":"Particip\u00e1mos na mesa redonda \u00abMadrid, um investimento de valor\u00bb no Spain Investors Day"},"content":{"rendered":"<p>Particip\u00e1mos na mesa redonda \u00abMadrid, um investimento de valor\u00bb, moderada por Luis Soc\u00edas Uribe, diretor executivo da Invest in Madrid, no Spain Investors Day.<\/p>\n<p>Ismael Clemente, CEO da MERLIN Properties, participou numa sess\u00e3o fundamental em que se analisou o papel de Madrid como motor econ\u00f3mico e a capacidade de atrair projetos de alto impacto, posicionando-se como um centro de inova\u00e7\u00e3o e oportunidades no panorama europeu e internacional.<\/p>\n<p>Foi um prazer partilhar o espa\u00e7o com Roc\u00edo Albert L\u00f3pez-Ibor, conselheira de Economia, Finan\u00e7as e Emprego da Comunidade de Madrid, Paco S\u00e1nchez Segura, presidente da Airbus, Veit Stutz, CEO da Allianz Espanha, e Manuel Terroba, presidente executivo do BMW Group Espanha e Portugal.<\/p>\n<p><img loading=\"lazy\" decoding=\"async\" class=\"alignnone size-medium wp-image-9281\" src=\"https:\/\/www.merlinproperties.com\/pt\/wp-content\/uploads\/sites\/3\/2026\/01\/WhatsApp-Image-2026-01-15-at-10.11.50-840x560.jpeg\" alt=\"\" width=\"840\" height=\"560\" srcset=\"https:\/\/www.merlinproperties.com\/pt\/wp-content\/uploads\/sites\/3\/2026\/01\/WhatsApp-Image-2026-01-15-at-10.11.50-840x560.jpeg 840w, https:\/\/www.merlinproperties.com\/pt\/wp-content\/uploads\/sites\/3\/2026\/01\/WhatsApp-Image-2026-01-15-at-10.11.50-1440x959.jpeg 1440w, https:\/\/www.merlinproperties.com\/pt\/wp-content\/uploads\/sites\/3\/2026\/01\/WhatsApp-Image-2026-01-15-at-10.11.50-450x300.jpeg 450w, https:\/\/www.merlinproperties.com\/pt\/wp-content\/uploads\/sites\/3\/2026\/01\/WhatsApp-Image-2026-01-15-at-10.11.50-768x512.jpeg 768w, https:\/\/www.merlinproperties.com\/pt\/wp-content\/uploads\/sites\/3\/2026\/01\/WhatsApp-Image-2026-01-15-at-10.11.50-1536x1023.jpeg 1536w, https:\/\/www.merlinproperties.com\/pt\/wp-content\/uploads\/sites\/3\/2026\/01\/WhatsApp-Image-2026-01-15-at-10.11.50-1200x800.jpeg 1200w, https:\/\/www.merlinproperties.com\/pt\/wp-content\/uploads\/sites\/3\/2026\/01\/WhatsApp-Image-2026-01-15-at-10.11.50.jpeg 1600w\" sizes=\"auto, (max-width: 840px) 100vw, 840px\" \/> <img loading=\"lazy\" decoding=\"async\" class=\"alignnone size-medium wp-image-9282\" src=\"https:\/\/www.merlinproperties.com\/pt\/wp-content\/uploads\/sites\/3\/2026\/01\/Image-65-840x560.jpg\" alt=\"\" width=\"840\" height=\"560\" srcset=\"https:\/\/www.merlinproperties.com\/pt\/wp-content\/uploads\/sites\/3\/2026\/01\/Image-65-840x560.jpg 840w, https:\/\/www.merlinproperties.com\/pt\/wp-content\/uploads\/sites\/3\/2026\/01\/Image-65-450x300.jpg 450w, https:\/\/www.merlinproperties.com\/pt\/wp-content\/uploads\/sites\/3\/2026\/01\/Image-65-768x512.jpg 768w, https:\/\/www.merlinproperties.com\/pt\/wp-content\/uploads\/sites\/3\/2026\/01\/Image-65.jpg 1024w\" sizes=\"auto, (max-width: 840px) 100vw, 840px\" \/><\/p>\n","protected":false},"excerpt":{"rendered":"<p>Particip\u00e1mos na mesa redonda \u00abMadrid, um investimento de valor\u00bb, moderada por Luis Soc\u00edas Uribe, diretor executivo da Invest in Madrid, no Spain Investors Day. Ismael Clemente, CEO da MERLIN Properties, participou numa sess\u00e3o fundamental em que se analisou o papel de Madrid como motor econ\u00f3mico e a capacidade de atrair projetos de alto impacto, posicionando-se [&hellip;]<\/p>\n","protected":false},"author":14,"featured_media":9281,"comment_status":"closed","ping_status":"open","sticky":false,"template":"","format":"standard","meta":{"footnotes":""},"categories":[90,41],"class_list":["post-9299","post","type-post","status-publish","format-standard","has-post-thumbnail","hentry","category-corporativo","category-dia-a-dia"],"acf":[],"yoast_head":"<!-- This site is optimized with the Yoast SEO plugin v26.5 - https:\/\/yoast.com\/wordpress\/plugins\/seo\/ -->\n<title>Particip\u00e1mos na mesa redonda \u00abMadrid, um investimento de valor\u00bb no Spain Investors Day - Merlin Properties Socimi, S.A. (PT)<\/title>\n<meta name=\"robots\" content=\"index, follow, max-snippet:-1, max-image-preview:large, max-video-preview:-1\" \/>\n<link rel=\"canonical\" href=\"https:\/\/www.merlinproperties.com\/pt\/dia-a-dia\/participamos-na-mesa-redonda-madrid-um-investimento-de-valor-no-spain-investors-day\/\" \/>\n<meta property=\"og:locale\" content=\"es_ES\" \/>\n<meta property=\"og:type\" content=\"article\" \/>\n<meta property=\"og:title\" content=\"Particip\u00e1mos na mesa redonda \u00abMadrid, um investimento de valor\u00bb no Spain Investors Day - Merlin Properties Socimi, S.A. (PT)\" \/>\n<meta property=\"og:description\" content=\"Particip\u00e1mos na mesa redonda \u00abMadrid, um investimento de valor\u00bb, moderada por Luis Soc\u00edas Uribe, diretor executivo da Invest in Madrid, no Spain Investors Day. Ismael Clemente, CEO da MERLIN Properties, participou numa sess\u00e3o fundamental em que se analisou o papel de Madrid como motor econ\u00f3mico e a capacidade de atrair projetos de alto impacto, posicionando-se [&hellip;]\" \/>\n<meta property=\"og:url\" content=\"https:\/\/www.merlinproperties.com\/pt\/dia-a-dia\/participamos-na-mesa-redonda-madrid-um-investimento-de-valor-no-spain-investors-day\/\" \/>\n<meta property=\"og:site_name\" content=\"Merlin Properties Socimi, S.A. (PT)\" \/>\n<meta property=\"article:published_time\" content=\"2026-01-19T17:00:25+00:00\" \/>\n<meta property=\"og:image\" content=\"https:\/\/www.merlinproperties.com\/pt\/wp-content\/uploads\/sites\/3\/2026\/01\/WhatsApp-Image-2026-01-15-at-10.11.50.jpeg\" \/>\n\t<meta property=\"og:image:width\" content=\"1600\" \/>\n\t<meta property=\"og:image:height\" content=\"1066\" \/>\n\t<meta property=\"og:image:type\" content=\"image\/jpeg\" \/>\n<meta name=\"author\" content=\"albaclavero\" \/>\n<meta name=\"twitter:card\" content=\"summary_large_image\" \/>\n<meta name=\"twitter:label1\" content=\"Escrito por\" \/>\n\t<meta name=\"twitter:data1\" content=\"albaclavero\" \/>\n\t<meta name=\"twitter:label2\" content=\"Tiempo de lectura\" \/>\n\t<meta name=\"twitter:data2\" content=\"2 minutos\" \/>\n<script type=\"application\/ld+json\" class=\"yoast-schema-graph\">{\"@context\":\"https:\/\/schema.org\",\"@graph\":[{\"@type\":\"Article\",\"@id\":\"https:\/\/www.merlinproperties.com\/pt\/dia-a-dia\/participamos-na-mesa-redonda-madrid-um-investimento-de-valor-no-spain-investors-day\/#article\",\"isPartOf\":{\"@id\":\"https:\/\/www.merlinproperties.com\/pt\/dia-a-dia\/participamos-na-mesa-redonda-madrid-um-investimento-de-valor-no-spain-investors-day\/\"},\"author\":{\"name\":\"albaclavero\",\"@id\":\"https:\/\/www.merlinproperties.com\/pt\/#\/schema\/person\/1bcb8cdc1d11df155e03700d933bee6a\"},\"headline\":\"Particip\u00e1mos na mesa redonda \u00abMadrid, um investimento de valor\u00bb no Spain Investors Day\",\"datePublished\":\"2026-01-19T17:00:25+00:00\",\"mainEntityOfPage\":{\"@id\":\"https:\/\/www.merlinproperties.com\/pt\/dia-a-dia\/participamos-na-mesa-redonda-madrid-um-investimento-de-valor-no-spain-investors-day\/\"},\"wordCount\":134,\"publisher\":{\"@id\":\"https:\/\/www.merlinproperties.com\/pt\/#organization\"},\"image\":{\"@id\":\"https:\/\/www.merlinproperties.com\/pt\/dia-a-dia\/participamos-na-mesa-redonda-madrid-um-investimento-de-valor-no-spain-investors-day\/#primaryimage\"},\"thumbnailUrl\":\"https:\/\/www.merlinproperties.com\/pt\/wp-content\/uploads\/sites\/3\/2026\/01\/WhatsApp-Image-2026-01-15-at-10.11.50.jpeg\",\"articleSection\":[\"Corporativo\",\"D\u00eda a d\u00eda\"],\"inLanguage\":\"es\"},{\"@type\":\"WebPage\",\"@id\":\"https:\/\/www.merlinproperties.com\/pt\/dia-a-dia\/participamos-na-mesa-redonda-madrid-um-investimento-de-valor-no-spain-investors-day\/\",\"url\":\"https:\/\/www.merlinproperties.com\/pt\/dia-a-dia\/participamos-na-mesa-redonda-madrid-um-investimento-de-valor-no-spain-investors-day\/\",\"name\":\"Particip\u00e1mos na mesa redonda \u00abMadrid, um investimento de valor\u00bb no Spain Investors Day - Merlin Properties Socimi, S.A. (PT)\",\"isPartOf\":{\"@id\":\"https:\/\/www.merlinproperties.com\/pt\/#website\"},\"primaryImageOfPage\":{\"@id\":\"https:\/\/www.merlinproperties.com\/pt\/dia-a-dia\/participamos-na-mesa-redonda-madrid-um-investimento-de-valor-no-spain-investors-day\/#primaryimage\"},\"image\":{\"@id\":\"https:\/\/www.merlinproperties.com\/pt\/dia-a-dia\/participamos-na-mesa-redonda-madrid-um-investimento-de-valor-no-spain-investors-day\/#primaryimage\"},\"thumbnailUrl\":\"https:\/\/www.merlinproperties.com\/pt\/wp-content\/uploads\/sites\/3\/2026\/01\/WhatsApp-Image-2026-01-15-at-10.11.50.jpeg\",\"datePublished\":\"2026-01-19T17:00:25+00:00\",\"inLanguage\":\"es\",\"potentialAction\":[{\"@type\":\"ReadAction\",\"target\":[\"https:\/\/www.merlinproperties.com\/pt\/dia-a-dia\/participamos-na-mesa-redonda-madrid-um-investimento-de-valor-no-spain-investors-day\/\"]}]},{\"@type\":\"ImageObject\",\"inLanguage\":\"es\",\"@id\":\"https:\/\/www.merlinproperties.com\/pt\/dia-a-dia\/participamos-na-mesa-redonda-madrid-um-investimento-de-valor-no-spain-investors-day\/#primaryimage\",\"url\":\"https:\/\/www.merlinproperties.com\/pt\/wp-content\/uploads\/sites\/3\/2026\/01\/WhatsApp-Image-2026-01-15-at-10.11.50.jpeg\",\"contentUrl\":\"https:\/\/www.merlinproperties.com\/pt\/wp-content\/uploads\/sites\/3\/2026\/01\/WhatsApp-Image-2026-01-15-at-10.11.50.jpeg\",\"width\":1600,\"height\":1066},{\"@type\":\"WebSite\",\"@id\":\"https:\/\/www.merlinproperties.com\/pt\/#website\",\"url\":\"https:\/\/www.merlinproperties.com\/pt\/\",\"name\":\"Merlin Properties Socimi, S.A. (PT)\",\"description\":\"Compa\u00f1\u00eda Inmobiliaria, cotizada, l\u00edder en el sector de activos terciarios en la Pen\u00ednsula Ib\u00e9rica.\",\"publisher\":{\"@id\":\"https:\/\/www.merlinproperties.com\/pt\/#organization\"},\"potentialAction\":[{\"@type\":\"SearchAction\",\"target\":{\"@type\":\"EntryPoint\",\"urlTemplate\":\"https:\/\/www.merlinproperties.com\/pt\/?s={search_term_string}\"},\"query-input\":{\"@type\":\"PropertyValueSpecification\",\"valueRequired\":true,\"valueName\":\"search_term_string\"}}],\"inLanguage\":\"es\"},{\"@type\":\"Organization\",\"@id\":\"https:\/\/www.merlinproperties.com\/pt\/#organization\",\"name\":\"Merlin Properties Socimi, S.A. (PT)\",\"url\":\"https:\/\/www.merlinproperties.com\/pt\/\",\"logo\":{\"@type\":\"ImageObject\",\"inLanguage\":\"es\",\"@id\":\"https:\/\/www.merlinproperties.com\/pt\/#\/schema\/logo\/image\/\",\"url\":\"https:\/\/www.merlinproperties.com\/pt\/wp-content\/uploads\/sites\/3\/2023\/03\/Merlin-Logo-Horizontal-Negativo-scaled-3.png\",\"contentUrl\":\"https:\/\/www.merlinproperties.com\/pt\/wp-content\/uploads\/sites\/3\/2023\/03\/Merlin-Logo-Horizontal-Negativo-scaled-3.png\",\"width\":600,\"height\":204,\"caption\":\"Merlin Properties Socimi, S.A. (PT)\"},\"image\":{\"@id\":\"https:\/\/www.merlinproperties.com\/pt\/#\/schema\/logo\/image\/\"}},{\"@type\":\"Person\",\"@id\":\"https:\/\/www.merlinproperties.com\/pt\/#\/schema\/person\/1bcb8cdc1d11df155e03700d933bee6a\",\"name\":\"albaclavero\",\"image\":{\"@type\":\"ImageObject\",\"inLanguage\":\"es\",\"@id\":\"https:\/\/www.merlinproperties.com\/pt\/#\/schema\/person\/image\/\",\"url\":\"https:\/\/secure.gravatar.com\/avatar\/bb2cd22b45218e9e06701ca4b693cdd392bd06fc7d29be2b9339b092c70bced0?s=96&d=mm&r=g\",\"contentUrl\":\"https:\/\/secure.gravatar.com\/avatar\/bb2cd22b45218e9e06701ca4b693cdd392bd06fc7d29be2b9339b092c70bced0?s=96&d=mm&r=g\",\"caption\":\"albaclavero\"},\"url\":\"https:\/\/www.merlinproperties.com\/pt\/author\/albaclavero\/\"}]}<\/script>\n<!-- \/ Yoast SEO plugin. -->","yoast_head_json":{"title":"Particip\u00e1mos na mesa redonda \u00abMadrid, um investimento de valor\u00bb no Spain Investors Day - Merlin Properties Socimi, S.A. (PT)","robots":{"index":"index","follow":"follow","max-snippet":"max-snippet:-1","max-image-preview":"max-image-preview:large","max-video-preview":"max-video-preview:-1"},"canonical":"https:\/\/www.merlinproperties.com\/pt\/dia-a-dia\/participamos-na-mesa-redonda-madrid-um-investimento-de-valor-no-spain-investors-day\/","og_locale":"es_ES","og_type":"article","og_title":"Particip\u00e1mos na mesa redonda \u00abMadrid, um investimento de valor\u00bb no Spain Investors Day - Merlin Properties Socimi, S.A. (PT)","og_description":"Particip\u00e1mos na mesa redonda \u00abMadrid, um investimento de valor\u00bb, moderada por Luis Soc\u00edas Uribe, diretor executivo da Invest in Madrid, no Spain Investors Day. Ismael Clemente, CEO da MERLIN Properties, participou numa sess\u00e3o fundamental em que se analisou o papel de Madrid como motor econ\u00f3mico e a capacidade de atrair projetos de alto impacto, posicionando-se [&hellip;]","og_url":"https:\/\/www.merlinproperties.com\/pt\/dia-a-dia\/participamos-na-mesa-redonda-madrid-um-investimento-de-valor-no-spain-investors-day\/","og_site_name":"Merlin Properties Socimi, S.A. (PT)","article_published_time":"2026-01-19T17:00:25+00:00","og_image":[{"width":1600,"height":1066,"url":"https:\/\/www.merlinproperties.com\/pt\/wp-content\/uploads\/sites\/3\/2026\/01\/WhatsApp-Image-2026-01-15-at-10.11.50.jpeg","type":"image\/jpeg"}],"author":"albaclavero","twitter_card":"summary_large_image","twitter_misc":{"Escrito por":"albaclavero","Tiempo de lectura":"2 minutos"},"schema":{"@context":"https:\/\/schema.org","@graph":[{"@type":"Article","@id":"https:\/\/www.merlinproperties.com\/pt\/dia-a-dia\/participamos-na-mesa-redonda-madrid-um-investimento-de-valor-no-spain-investors-day\/#article","isPartOf":{"@id":"https:\/\/www.merlinproperties.com\/pt\/dia-a-dia\/participamos-na-mesa-redonda-madrid-um-investimento-de-valor-no-spain-investors-day\/"},"author":{"name":"albaclavero","@id":"https:\/\/www.merlinproperties.com\/pt\/#\/schema\/person\/1bcb8cdc1d11df155e03700d933bee6a"},"headline":"Particip\u00e1mos na mesa redonda \u00abMadrid, um investimento de valor\u00bb no Spain Investors Day","datePublished":"2026-01-19T17:00:25+00:00","mainEntityOfPage":{"@id":"https:\/\/www.merlinproperties.com\/pt\/dia-a-dia\/participamos-na-mesa-redonda-madrid-um-investimento-de-valor-no-spain-investors-day\/"},"wordCount":134,"publisher":{"@id":"https:\/\/www.merlinproperties.com\/pt\/#organization"},"image":{"@id":"https:\/\/www.merlinproperties.com\/pt\/dia-a-dia\/participamos-na-mesa-redonda-madrid-um-investimento-de-valor-no-spain-investors-day\/#primaryimage"},"thumbnailUrl":"https:\/\/www.merlinproperties.com\/pt\/wp-content\/uploads\/sites\/3\/2026\/01\/WhatsApp-Image-2026-01-15-at-10.11.50.jpeg","articleSection":["Corporativo","D\u00eda a d\u00eda"],"inLanguage":"es"},{"@type":"WebPage","@id":"https:\/\/www.merlinproperties.com\/pt\/dia-a-dia\/participamos-na-mesa-redonda-madrid-um-investimento-de-valor-no-spain-investors-day\/","url":"https:\/\/www.merlinproperties.com\/pt\/dia-a-dia\/participamos-na-mesa-redonda-madrid-um-investimento-de-valor-no-spain-investors-day\/","name":"Particip\u00e1mos na mesa redonda \u00abMadrid, um investimento de valor\u00bb no Spain Investors Day - Merlin Properties Socimi, S.A. (PT)","isPartOf":{"@id":"https:\/\/www.merlinproperties.com\/pt\/#website"},"primaryImageOfPage":{"@id":"https:\/\/www.merlinproperties.com\/pt\/dia-a-dia\/participamos-na-mesa-redonda-madrid-um-investimento-de-valor-no-spain-investors-day\/#primaryimage"},"image":{"@id":"https:\/\/www.merlinproperties.com\/pt\/dia-a-dia\/participamos-na-mesa-redonda-madrid-um-investimento-de-valor-no-spain-investors-day\/#primaryimage"},"thumbnailUrl":"https:\/\/www.merlinproperties.com\/pt\/wp-content\/uploads\/sites\/3\/2026\/01\/WhatsApp-Image-2026-01-15-at-10.11.50.jpeg","datePublished":"2026-01-19T17:00:25+00:00","inLanguage":"es","potentialAction":[{"@type":"ReadAction","target":["https:\/\/www.merlinproperties.com\/pt\/dia-a-dia\/participamos-na-mesa-redonda-madrid-um-investimento-de-valor-no-spain-investors-day\/"]}]},{"@type":"ImageObject","inLanguage":"es","@id":"https:\/\/www.merlinproperties.com\/pt\/dia-a-dia\/participamos-na-mesa-redonda-madrid-um-investimento-de-valor-no-spain-investors-day\/#primaryimage","url":"https:\/\/www.merlinproperties.com\/pt\/wp-content\/uploads\/sites\/3\/2026\/01\/WhatsApp-Image-2026-01-15-at-10.11.50.jpeg","contentUrl":"https:\/\/www.merlinproperties.com\/pt\/wp-content\/uploads\/sites\/3\/2026\/01\/WhatsApp-Image-2026-01-15-at-10.11.50.jpeg","width":1600,"height":1066},{"@type":"WebSite","@id":"https:\/\/www.merlinproperties.com\/pt\/#website","url":"https:\/\/www.merlinproperties.com\/pt\/","name":"Merlin Properties Socimi, S.A. (PT)","description":"Compa\u00f1\u00eda Inmobiliaria, cotizada, l\u00edder en el sector de activos terciarios en la Pen\u00ednsula Ib\u00e9rica.","publisher":{"@id":"https:\/\/www.merlinproperties.com\/pt\/#organization"},"potentialAction":[{"@type":"SearchAction","target":{"@type":"EntryPoint","urlTemplate":"https:\/\/www.merlinproperties.com\/pt\/?s={search_term_string}"},"query-input":{"@type":"PropertyValueSpecification","valueRequired":true,"valueName":"search_term_string"}}],"inLanguage":"es"},{"@type":"Organization","@id":"https:\/\/www.merlinproperties.com\/pt\/#organization","name":"Merlin Properties Socimi, S.A. (PT)","url":"https:\/\/www.merlinproperties.com\/pt\/","logo":{"@type":"ImageObject","inLanguage":"es","@id":"https:\/\/www.merlinproperties.com\/pt\/#\/schema\/logo\/image\/","url":"https:\/\/www.merlinproperties.com\/pt\/wp-content\/uploads\/sites\/3\/2023\/03\/Merlin-Logo-Horizontal-Negativo-scaled-3.png","contentUrl":"https:\/\/www.merlinproperties.com\/pt\/wp-content\/uploads\/sites\/3\/2023\/03\/Merlin-Logo-Horizontal-Negativo-scaled-3.png","width":600,"height":204,"caption":"Merlin Properties Socimi, S.A. (PT)"},"image":{"@id":"https:\/\/www.merlinproperties.com\/pt\/#\/schema\/logo\/image\/"}},{"@type":"Person","@id":"https:\/\/www.merlinproperties.com\/pt\/#\/schema\/person\/1bcb8cdc1d11df155e03700d933bee6a","name":"albaclavero","image":{"@type":"ImageObject","inLanguage":"es","@id":"https:\/\/www.merlinproperties.com\/pt\/#\/schema\/person\/image\/","url":"https:\/\/secure.gravatar.com\/avatar\/bb2cd22b45218e9e06701ca4b693cdd392bd06fc7d29be2b9339b092c70bced0?s=96&d=mm&r=g","contentUrl":"https:\/\/secure.gravatar.com\/avatar\/bb2cd22b45218e9e06701ca4b693cdd392bd06fc7d29be2b9339b092c70bced0?s=96&d=mm&r=g","caption":"albaclavero"},"url":"https:\/\/www.merlinproperties.com\/pt\/author\/albaclavero\/"}]}},"_links":{"self":[{"href":"https:\/\/www.merlinproperties.com\/pt\/wp-json\/wp\/v2\/posts\/9299","targetHints":{"allow":["GET"]}}],"collection":[{"href":"https:\/\/www.merlinproperties.com\/pt\/wp-json\/wp\/v2\/posts"}],"about":[{"href":"https:\/\/www.merlinproperties.com\/pt\/wp-json\/wp\/v2\/types\/post"}],"author":[{"embeddable":true,"href":"https:\/\/www.merlinproperties.com\/pt\/wp-json\/wp\/v2\/users\/14"}],"replies":[{"embeddable":true,"href":"https:\/\/www.merlinproperties.com\/pt\/wp-json\/wp\/v2\/comments?post=9299"}],"version-history":[{"count":1,"href":"https:\/\/www.merlinproperties.com\/pt\/wp-json\/wp\/v2\/posts\/9299\/revisions"}],"predecessor-version":[{"id":9300,"href":"https:\/\/www.merlinproperties.com\/pt\/wp-json\/wp\/v2\/posts\/9299\/revisions\/9300"}],"wp:featuredmedia":[{"embeddable":true,"href":"https:\/\/www.merlinproperties.com\/pt\/wp-json\/wp\/v2\/media\/9281"}],"wp:attachment":[{"href":"https:\/\/www.merlinproperties.com\/pt\/wp-json\/wp\/v2\/media?parent=9299"}],"wp:term":[{"taxonomy":"category","embeddable":true,"href":"https:\/\/www.merlinproperties.com\/pt\/wp-json\/wp\/v2\/categories?post=9299"}],"curies":[{"name":"wp","href":"https:\/\/api.w.org\/{rel}","templated":true}]}}