{"id":9295,"date":"2026-01-16T16:50:56","date_gmt":"2026-01-16T16:50:56","guid":{"rendered":"https:\/\/www.merlinproperties.com\/pt\/?p=9295"},"modified":"2026-01-16T16:50:56","modified_gmt":"2026-01-16T16:50:56","slug":"conquistas-das-nossas-hortas-urbanas-em-2025","status":"publish","type":"post","link":"https:\/\/www.merlinproperties.com\/pt\/dia-a-dia\/conquistas-das-nossas-hortas-urbanas-em-2025\/","title":{"rendered":"Conquistas das nossas hortas urbanas em 2025"},"content":{"rendered":"<p>O projeto Hortas Urbanas Inclusivas nos nossos edif\u00edcios de escrit\u00f3rios Adequa, Torre Chamart\u00edn, Aquamarina, Avenida de Europa e V\u00eda Norte, gerido pela Funda\u00e7\u00e3o Juan XXIII e Merlin Hub, alcan\u00e7ou em 2025:<\/p>\n<p>\u2705 616,77 m\u00b2 de \u00e1reas cultiv\u00e1veis em Madrid.<\/p>\n<p>\u2705 422,27 kg de legumes e hortali\u00e7as colhidos, dos quais 304,63 kg foram doados ao Banco Alimentar e entregues \u00e0 Rede de Recupera\u00e7\u00e3o de Alimentos de Rivas-Vaciamadrid, beneficiando cerca de 400 fam\u00edlias em situa\u00e7\u00e3o de vulnerabilidade.<\/p>\n<p>\u2705 192 atividades de sensibiliza\u00e7\u00e3o ambiental e dinamiza\u00e7\u00e3o realizadas durante o ano para as pessoas que l\u00e1 trabalham, como o cuidado das hortas, as Dicas de Jardinagem e os Micro Workshops Vivenciais.<\/p>\n<p>Esta iniciativa permite introduzir, a partir da experi\u00eancia, conceitos-chave como a economia circular, a sustentabilidade ambiental e a inclus\u00e3o social no ambiente de trabalho.<\/p>\n<p><img loading=\"lazy\" decoding=\"async\" class=\"alignnone size-medium wp-image-9272\" src=\"https:\/\/www.merlinproperties.com\/pt\/wp-content\/uploads\/sites\/3\/2026\/01\/foto-cuadrada-630x630.png\" alt=\"\" width=\"630\" height=\"630\" srcset=\"https:\/\/www.merlinproperties.com\/pt\/wp-content\/uploads\/sites\/3\/2026\/01\/foto-cuadrada-630x630.png 630w, https:\/\/www.merlinproperties.com\/pt\/wp-content\/uploads\/sites\/3\/2026\/01\/foto-cuadrada-450x450.png 450w, https:\/\/www.merlinproperties.com\/pt\/wp-content\/uploads\/sites\/3\/2026\/01\/foto-cuadrada-768x768.png 768w, https:\/\/www.merlinproperties.com\/pt\/wp-content\/uploads\/sites\/3\/2026\/01\/foto-cuadrada.png 1080w\" sizes=\"auto, (max-width: 630px) 100vw, 630px\" \/> <img loading=\"lazy\" decoding=\"async\" class=\"alignnone size-medium wp-image-9273\" src=\"https:\/\/www.merlinproperties.com\/pt\/wp-content\/uploads\/sites\/3\/2026\/01\/WhatsApp-Image-2025-05-13-at-09.07.13-1-840x630.jpeg\" alt=\"\" width=\"840\" height=\"630\" srcset=\"https:\/\/www.merlinproperties.com\/pt\/wp-content\/uploads\/sites\/3\/2026\/01\/WhatsApp-Image-2025-05-13-at-09.07.13-1-840x630.jpeg 840w, https:\/\/www.merlinproperties.com\/pt\/wp-content\/uploads\/sites\/3\/2026\/01\/WhatsApp-Image-2025-05-13-at-09.07.13-1-1440x1080.jpeg 1440w, https:\/\/www.merlinproperties.com\/pt\/wp-content\/uploads\/sites\/3\/2026\/01\/WhatsApp-Image-2025-05-13-at-09.07.13-1-450x338.jpeg 450w, https:\/\/www.merlinproperties.com\/pt\/wp-content\/uploads\/sites\/3\/2026\/01\/WhatsApp-Image-2025-05-13-at-09.07.13-1-768x576.jpeg 768w, https:\/\/www.merlinproperties.com\/pt\/wp-content\/uploads\/sites\/3\/2026\/01\/WhatsApp-Image-2025-05-13-at-09.07.13-1-1536x1152.jpeg 1536w, https:\/\/www.merlinproperties.com\/pt\/wp-content\/uploads\/sites\/3\/2026\/01\/WhatsApp-Image-2025-05-13-at-09.07.13-1-1200x900.jpeg 1200w, https:\/\/www.merlinproperties.com\/pt\/wp-content\/uploads\/sites\/3\/2026\/01\/WhatsApp-Image-2025-05-13-at-09.07.13-1.jpeg 1600w\" sizes=\"auto, (max-width: 840px) 100vw, 840px\" \/><\/p>\n<figure id=\"attachment_9271\" aria-describedby=\"caption-attachment-9271\" style=\"width: 840px\" class=\"wp-caption alignnone\"><img loading=\"lazy\" decoding=\"async\" class=\"size-medium wp-image-9271\" src=\"https:\/\/www.merlinproperties.com\/pt\/wp-content\/uploads\/sites\/3\/2026\/01\/211022_MERLIN-PROPERTIES-ADEQUA-BAJA-JAVIER-BRAVO-123-840x560.jpg\" alt=\"\" width=\"840\" height=\"560\" srcset=\"https:\/\/www.merlinproperties.com\/pt\/wp-content\/uploads\/sites\/3\/2026\/01\/211022_MERLIN-PROPERTIES-ADEQUA-BAJA-JAVIER-BRAVO-123-840x560.jpg 840w, https:\/\/www.merlinproperties.com\/pt\/wp-content\/uploads\/sites\/3\/2026\/01\/211022_MERLIN-PROPERTIES-ADEQUA-BAJA-JAVIER-BRAVO-123-450x300.jpg 450w, https:\/\/www.merlinproperties.com\/pt\/wp-content\/uploads\/sites\/3\/2026\/01\/211022_MERLIN-PROPERTIES-ADEQUA-BAJA-JAVIER-BRAVO-123-768x512.jpg 768w, https:\/\/www.merlinproperties.com\/pt\/wp-content\/uploads\/sites\/3\/2026\/01\/211022_MERLIN-PROPERTIES-ADEQUA-BAJA-JAVIER-BRAVO-123.jpg 1000w\" sizes=\"auto, (max-width: 840px) 100vw, 840px\" \/><figcaption id=\"caption-attachment-9271\" class=\"wp-caption-text\">FOTOGRAFIA ARQUITECTURA INTERIORES FOTOGRAFO MADRID EDIFICIO REFORMA CONSTRUCCION CONSTRUCTORA PISO OBRA<\/figcaption><\/figure>\n","protected":false},"excerpt":{"rendered":"<p>O projeto Hortas Urbanas Inclusivas nos nossos edif\u00edcios de escrit\u00f3rios Adequa, Torre Chamart\u00edn, Aquamarina, Avenida de Europa e V\u00eda Norte, gerido pela Funda\u00e7\u00e3o Juan XXIII e Merlin Hub, alcan\u00e7ou em 2025: \u2705 616,77 m\u00b2 de \u00e1reas cultiv\u00e1veis em Madrid. \u2705 422,27 kg de legumes e hortali\u00e7as colhidos, dos quais 304,63 kg foram doados ao Banco [&hellip;]<\/p>\n","protected":false},"author":14,"featured_media":9284,"comment_status":"closed","ping_status":"open","sticky":false,"template":"","format":"standard","meta":{"footnotes":""},"categories":[41,46,77],"class_list":["post-9295","post","type-post","status-publish","format-standard","has-post-thumbnail","hentry","category-dia-a-dia","category-dia-oficinas","category-sostenibilidad"],"acf":[],"yoast_head":"<!-- This site is optimized with the Yoast SEO plugin v26.5 - https:\/\/yoast.com\/wordpress\/plugins\/seo\/ -->\n<title>Conquistas das nossas hortas urbanas em 2025 - Merlin Properties Socimi, S.A. (PT)<\/title>\n<meta name=\"robots\" content=\"index, follow, max-snippet:-1, max-image-preview:large, max-video-preview:-1\" \/>\n<link rel=\"canonical\" href=\"https:\/\/www.merlinproperties.com\/pt\/dia-a-dia\/conquistas-das-nossas-hortas-urbanas-em-2025\/\" \/>\n<meta property=\"og:locale\" content=\"es_ES\" \/>\n<meta property=\"og:type\" content=\"article\" \/>\n<meta property=\"og:title\" content=\"Conquistas das nossas hortas urbanas em 2025 - Merlin Properties Socimi, S.A. (PT)\" \/>\n<meta property=\"og:description\" content=\"O projeto Hortas Urbanas Inclusivas nos nossos edif\u00edcios de escrit\u00f3rios Adequa, Torre Chamart\u00edn, Aquamarina, Avenida de Europa e V\u00eda Norte, gerido pela Funda\u00e7\u00e3o Juan XXIII e Merlin Hub, alcan\u00e7ou em 2025: \u2705 616,77 m\u00b2 de \u00e1reas cultiv\u00e1veis em Madrid. \u2705 422,27 kg de legumes e hortali\u00e7as colhidos, dos quais 304,63 kg foram doados ao Banco [&hellip;]\" \/>\n<meta property=\"og:url\" content=\"https:\/\/www.merlinproperties.com\/pt\/dia-a-dia\/conquistas-das-nossas-hortas-urbanas-em-2025\/\" \/>\n<meta property=\"og:site_name\" content=\"Merlin Properties Socimi, S.A. (PT)\" \/>\n<meta property=\"article:published_time\" content=\"2026-01-16T16:50:56+00:00\" \/>\n<meta property=\"og:image\" content=\"https:\/\/www.merlinproperties.com\/pt\/wp-content\/uploads\/sites\/3\/2026\/01\/Proyecto-nuevo1500-1.png\" \/>\n\t<meta property=\"og:image:width\" content=\"1500\" \/>\n\t<meta property=\"og:image:height\" content=\"500\" \/>\n\t<meta property=\"og:image:type\" content=\"image\/png\" \/>\n<meta name=\"author\" content=\"albaclavero\" \/>\n<meta name=\"twitter:card\" content=\"summary_large_image\" \/>\n<meta name=\"twitter:label1\" content=\"Escrito por\" \/>\n\t<meta name=\"twitter:data1\" content=\"albaclavero\" \/>\n\t<meta name=\"twitter:label2\" content=\"Tiempo de lectura\" \/>\n\t<meta name=\"twitter:data2\" content=\"2 minutos\" \/>\n<script type=\"application\/ld+json\" class=\"yoast-schema-graph\">{\"@context\":\"https:\/\/schema.org\",\"@graph\":[{\"@type\":\"Article\",\"@id\":\"https:\/\/www.merlinproperties.com\/pt\/dia-a-dia\/conquistas-das-nossas-hortas-urbanas-em-2025\/#article\",\"isPartOf\":{\"@id\":\"https:\/\/www.merlinproperties.com\/pt\/dia-a-dia\/conquistas-das-nossas-hortas-urbanas-em-2025\/\"},\"author\":{\"name\":\"albaclavero\",\"@id\":\"https:\/\/www.merlinproperties.com\/pt\/#\/schema\/person\/1bcb8cdc1d11df155e03700d933bee6a\"},\"headline\":\"Conquistas das nossas hortas urbanas em 2025\",\"datePublished\":\"2026-01-16T16:50:56+00:00\",\"mainEntityOfPage\":{\"@id\":\"https:\/\/www.merlinproperties.com\/pt\/dia-a-dia\/conquistas-das-nossas-hortas-urbanas-em-2025\/\"},\"wordCount\":160,\"publisher\":{\"@id\":\"https:\/\/www.merlinproperties.com\/pt\/#organization\"},\"image\":{\"@id\":\"https:\/\/www.merlinproperties.com\/pt\/dia-a-dia\/conquistas-das-nossas-hortas-urbanas-em-2025\/#primaryimage\"},\"thumbnailUrl\":\"https:\/\/www.merlinproperties.com\/pt\/wp-content\/uploads\/sites\/3\/2026\/01\/Proyecto-nuevo1500-1.png\",\"articleSection\":[\"D\u00eda a d\u00eda\",\"Oficinas\",\"Sostenibilidad\"],\"inLanguage\":\"es\"},{\"@type\":\"WebPage\",\"@id\":\"https:\/\/www.merlinproperties.com\/pt\/dia-a-dia\/conquistas-das-nossas-hortas-urbanas-em-2025\/\",\"url\":\"https:\/\/www.merlinproperties.com\/pt\/dia-a-dia\/conquistas-das-nossas-hortas-urbanas-em-2025\/\",\"name\":\"Conquistas das nossas hortas urbanas em 2025 - Merlin Properties Socimi, S.A. (PT)\",\"isPartOf\":{\"@id\":\"https:\/\/www.merlinproperties.com\/pt\/#website\"},\"primaryImageOfPage\":{\"@id\":\"https:\/\/www.merlinproperties.com\/pt\/dia-a-dia\/conquistas-das-nossas-hortas-urbanas-em-2025\/#primaryimage\"},\"image\":{\"@id\":\"https:\/\/www.merlinproperties.com\/pt\/dia-a-dia\/conquistas-das-nossas-hortas-urbanas-em-2025\/#primaryimage\"},\"thumbnailUrl\":\"https:\/\/www.merlinproperties.com\/pt\/wp-content\/uploads\/sites\/3\/2026\/01\/Proyecto-nuevo1500-1.png\",\"datePublished\":\"2026-01-16T16:50:56+00:00\",\"inLanguage\":\"es\",\"potentialAction\":[{\"@type\":\"ReadAction\",\"target\":[\"https:\/\/www.merlinproperties.com\/pt\/dia-a-dia\/conquistas-das-nossas-hortas-urbanas-em-2025\/\"]}]},{\"@type\":\"ImageObject\",\"inLanguage\":\"es\",\"@id\":\"https:\/\/www.merlinproperties.com\/pt\/dia-a-dia\/conquistas-das-nossas-hortas-urbanas-em-2025\/#primaryimage\",\"url\":\"https:\/\/www.merlinproperties.com\/pt\/wp-content\/uploads\/sites\/3\/2026\/01\/Proyecto-nuevo1500-1.png\",\"contentUrl\":\"https:\/\/www.merlinproperties.com\/pt\/wp-content\/uploads\/sites\/3\/2026\/01\/Proyecto-nuevo1500-1.png\",\"width\":1500,\"height\":500},{\"@type\":\"WebSite\",\"@id\":\"https:\/\/www.merlinproperties.com\/pt\/#website\",\"url\":\"https:\/\/www.merlinproperties.com\/pt\/\",\"name\":\"Merlin Properties Socimi, S.A. (PT)\",\"description\":\"Compa\u00f1\u00eda Inmobiliaria, cotizada, l\u00edder en el sector de activos terciarios en la Pen\u00ednsula Ib\u00e9rica.\",\"publisher\":{\"@id\":\"https:\/\/www.merlinproperties.com\/pt\/#organization\"},\"potentialAction\":[{\"@type\":\"SearchAction\",\"target\":{\"@type\":\"EntryPoint\",\"urlTemplate\":\"https:\/\/www.merlinproperties.com\/pt\/?s={search_term_string}\"},\"query-input\":{\"@type\":\"PropertyValueSpecification\",\"valueRequired\":true,\"valueName\":\"search_term_string\"}}],\"inLanguage\":\"es\"},{\"@type\":\"Organization\",\"@id\":\"https:\/\/www.merlinproperties.com\/pt\/#organization\",\"name\":\"Merlin Properties Socimi, S.A. (PT)\",\"url\":\"https:\/\/www.merlinproperties.com\/pt\/\",\"logo\":{\"@type\":\"ImageObject\",\"inLanguage\":\"es\",\"@id\":\"https:\/\/www.merlinproperties.com\/pt\/#\/schema\/logo\/image\/\",\"url\":\"https:\/\/www.merlinproperties.com\/pt\/wp-content\/uploads\/sites\/3\/2023\/03\/Merlin-Logo-Horizontal-Negativo-scaled-3.png\",\"contentUrl\":\"https:\/\/www.merlinproperties.com\/pt\/wp-content\/uploads\/sites\/3\/2023\/03\/Merlin-Logo-Horizontal-Negativo-scaled-3.png\",\"width\":600,\"height\":204,\"caption\":\"Merlin Properties Socimi, S.A. (PT)\"},\"image\":{\"@id\":\"https:\/\/www.merlinproperties.com\/pt\/#\/schema\/logo\/image\/\"}},{\"@type\":\"Person\",\"@id\":\"https:\/\/www.merlinproperties.com\/pt\/#\/schema\/person\/1bcb8cdc1d11df155e03700d933bee6a\",\"name\":\"albaclavero\",\"image\":{\"@type\":\"ImageObject\",\"inLanguage\":\"es\",\"@id\":\"https:\/\/www.merlinproperties.com\/pt\/#\/schema\/person\/image\/\",\"url\":\"https:\/\/secure.gravatar.com\/avatar\/bb2cd22b45218e9e06701ca4b693cdd392bd06fc7d29be2b9339b092c70bced0?s=96&d=mm&r=g\",\"contentUrl\":\"https:\/\/secure.gravatar.com\/avatar\/bb2cd22b45218e9e06701ca4b693cdd392bd06fc7d29be2b9339b092c70bced0?s=96&d=mm&r=g\",\"caption\":\"albaclavero\"},\"url\":\"https:\/\/www.merlinproperties.com\/pt\/author\/albaclavero\/\"}]}<\/script>\n<!-- \/ Yoast SEO plugin. -->","yoast_head_json":{"title":"Conquistas das nossas hortas urbanas em 2025 - Merlin Properties Socimi, S.A. (PT)","robots":{"index":"index","follow":"follow","max-snippet":"max-snippet:-1","max-image-preview":"max-image-preview:large","max-video-preview":"max-video-preview:-1"},"canonical":"https:\/\/www.merlinproperties.com\/pt\/dia-a-dia\/conquistas-das-nossas-hortas-urbanas-em-2025\/","og_locale":"es_ES","og_type":"article","og_title":"Conquistas das nossas hortas urbanas em 2025 - Merlin Properties Socimi, S.A. (PT)","og_description":"O projeto Hortas Urbanas Inclusivas nos nossos edif\u00edcios de escrit\u00f3rios Adequa, Torre Chamart\u00edn, Aquamarina, Avenida de Europa e V\u00eda Norte, gerido pela Funda\u00e7\u00e3o Juan XXIII e Merlin Hub, alcan\u00e7ou em 2025: \u2705 616,77 m\u00b2 de \u00e1reas cultiv\u00e1veis em Madrid. \u2705 422,27 kg de legumes e hortali\u00e7as colhidos, dos quais 304,63 kg foram doados ao Banco [&hellip;]","og_url":"https:\/\/www.merlinproperties.com\/pt\/dia-a-dia\/conquistas-das-nossas-hortas-urbanas-em-2025\/","og_site_name":"Merlin Properties Socimi, S.A. (PT)","article_published_time":"2026-01-16T16:50:56+00:00","og_image":[{"width":1500,"height":500,"url":"https:\/\/www.merlinproperties.com\/pt\/wp-content\/uploads\/sites\/3\/2026\/01\/Proyecto-nuevo1500-1.png","type":"image\/png"}],"author":"albaclavero","twitter_card":"summary_large_image","twitter_misc":{"Escrito por":"albaclavero","Tiempo de lectura":"2 minutos"},"schema":{"@context":"https:\/\/schema.org","@graph":[{"@type":"Article","@id":"https:\/\/www.merlinproperties.com\/pt\/dia-a-dia\/conquistas-das-nossas-hortas-urbanas-em-2025\/#article","isPartOf":{"@id":"https:\/\/www.merlinproperties.com\/pt\/dia-a-dia\/conquistas-das-nossas-hortas-urbanas-em-2025\/"},"author":{"name":"albaclavero","@id":"https:\/\/www.merlinproperties.com\/pt\/#\/schema\/person\/1bcb8cdc1d11df155e03700d933bee6a"},"headline":"Conquistas das nossas hortas urbanas em 2025","datePublished":"2026-01-16T16:50:56+00:00","mainEntityOfPage":{"@id":"https:\/\/www.merlinproperties.com\/pt\/dia-a-dia\/conquistas-das-nossas-hortas-urbanas-em-2025\/"},"wordCount":160,"publisher":{"@id":"https:\/\/www.merlinproperties.com\/pt\/#organization"},"image":{"@id":"https:\/\/www.merlinproperties.com\/pt\/dia-a-dia\/conquistas-das-nossas-hortas-urbanas-em-2025\/#primaryimage"},"thumbnailUrl":"https:\/\/www.merlinproperties.com\/pt\/wp-content\/uploads\/sites\/3\/2026\/01\/Proyecto-nuevo1500-1.png","articleSection":["D\u00eda a d\u00eda","Oficinas","Sostenibilidad"],"inLanguage":"es"},{"@type":"WebPage","@id":"https:\/\/www.merlinproperties.com\/pt\/dia-a-dia\/conquistas-das-nossas-hortas-urbanas-em-2025\/","url":"https:\/\/www.merlinproperties.com\/pt\/dia-a-dia\/conquistas-das-nossas-hortas-urbanas-em-2025\/","name":"Conquistas das nossas hortas urbanas em 2025 - Merlin Properties Socimi, S.A. (PT)","isPartOf":{"@id":"https:\/\/www.merlinproperties.com\/pt\/#website"},"primaryImageOfPage":{"@id":"https:\/\/www.merlinproperties.com\/pt\/dia-a-dia\/conquistas-das-nossas-hortas-urbanas-em-2025\/#primaryimage"},"image":{"@id":"https:\/\/www.merlinproperties.com\/pt\/dia-a-dia\/conquistas-das-nossas-hortas-urbanas-em-2025\/#primaryimage"},"thumbnailUrl":"https:\/\/www.merlinproperties.com\/pt\/wp-content\/uploads\/sites\/3\/2026\/01\/Proyecto-nuevo1500-1.png","datePublished":"2026-01-16T16:50:56+00:00","inLanguage":"es","potentialAction":[{"@type":"ReadAction","target":["https:\/\/www.merlinproperties.com\/pt\/dia-a-dia\/conquistas-das-nossas-hortas-urbanas-em-2025\/"]}]},{"@type":"ImageObject","inLanguage":"es","@id":"https:\/\/www.merlinproperties.com\/pt\/dia-a-dia\/conquistas-das-nossas-hortas-urbanas-em-2025\/#primaryimage","url":"https:\/\/www.merlinproperties.com\/pt\/wp-content\/uploads\/sites\/3\/2026\/01\/Proyecto-nuevo1500-1.png","contentUrl":"https:\/\/www.merlinproperties.com\/pt\/wp-content\/uploads\/sites\/3\/2026\/01\/Proyecto-nuevo1500-1.png","width":1500,"height":500},{"@type":"WebSite","@id":"https:\/\/www.merlinproperties.com\/pt\/#website","url":"https:\/\/www.merlinproperties.com\/pt\/","name":"Merlin Properties Socimi, S.A. (PT)","description":"Compa\u00f1\u00eda Inmobiliaria, cotizada, l\u00edder en el sector de activos terciarios en la Pen\u00ednsula Ib\u00e9rica.","publisher":{"@id":"https:\/\/www.merlinproperties.com\/pt\/#organization"},"potentialAction":[{"@type":"SearchAction","target":{"@type":"EntryPoint","urlTemplate":"https:\/\/www.merlinproperties.com\/pt\/?s={search_term_string}"},"query-input":{"@type":"PropertyValueSpecification","valueRequired":true,"valueName":"search_term_string"}}],"inLanguage":"es"},{"@type":"Organization","@id":"https:\/\/www.merlinproperties.com\/pt\/#organization","name":"Merlin Properties Socimi, S.A. (PT)","url":"https:\/\/www.merlinproperties.com\/pt\/","logo":{"@type":"ImageObject","inLanguage":"es","@id":"https:\/\/www.merlinproperties.com\/pt\/#\/schema\/logo\/image\/","url":"https:\/\/www.merlinproperties.com\/pt\/wp-content\/uploads\/sites\/3\/2023\/03\/Merlin-Logo-Horizontal-Negativo-scaled-3.png","contentUrl":"https:\/\/www.merlinproperties.com\/pt\/wp-content\/uploads\/sites\/3\/2023\/03\/Merlin-Logo-Horizontal-Negativo-scaled-3.png","width":600,"height":204,"caption":"Merlin Properties Socimi, S.A. (PT)"},"image":{"@id":"https:\/\/www.merlinproperties.com\/pt\/#\/schema\/logo\/image\/"}},{"@type":"Person","@id":"https:\/\/www.merlinproperties.com\/pt\/#\/schema\/person\/1bcb8cdc1d11df155e03700d933bee6a","name":"albaclavero","image":{"@type":"ImageObject","inLanguage":"es","@id":"https:\/\/www.merlinproperties.com\/pt\/#\/schema\/person\/image\/","url":"https:\/\/secure.gravatar.com\/avatar\/bb2cd22b45218e9e06701ca4b693cdd392bd06fc7d29be2b9339b092c70bced0?s=96&d=mm&r=g","contentUrl":"https:\/\/secure.gravatar.com\/avatar\/bb2cd22b45218e9e06701ca4b693cdd392bd06fc7d29be2b9339b092c70bced0?s=96&d=mm&r=g","caption":"albaclavero"},"url":"https:\/\/www.merlinproperties.com\/pt\/author\/albaclavero\/"}]}},"_links":{"self":[{"href":"https:\/\/www.merlinproperties.com\/pt\/wp-json\/wp\/v2\/posts\/9295","targetHints":{"allow":["GET"]}}],"collection":[{"href":"https:\/\/www.merlinproperties.com\/pt\/wp-json\/wp\/v2\/posts"}],"about":[{"href":"https:\/\/www.merlinproperties.com\/pt\/wp-json\/wp\/v2\/types\/post"}],"author":[{"embeddable":true,"href":"https:\/\/www.merlinproperties.com\/pt\/wp-json\/wp\/v2\/users\/14"}],"replies":[{"embeddable":true,"href":"https:\/\/www.merlinproperties.com\/pt\/wp-json\/wp\/v2\/comments?post=9295"}],"version-history":[{"count":1,"href":"https:\/\/www.merlinproperties.com\/pt\/wp-json\/wp\/v2\/posts\/9295\/revisions"}],"predecessor-version":[{"id":9296,"href":"https:\/\/www.merlinproperties.com\/pt\/wp-json\/wp\/v2\/posts\/9295\/revisions\/9296"}],"wp:featuredmedia":[{"embeddable":true,"href":"https:\/\/www.merlinproperties.com\/pt\/wp-json\/wp\/v2\/media\/9284"}],"wp:attachment":[{"href":"https:\/\/www.merlinproperties.com\/pt\/wp-json\/wp\/v2\/media?parent=9295"}],"wp:term":[{"taxonomy":"category","embeddable":true,"href":"https:\/\/www.merlinproperties.com\/pt\/wp-json\/wp\/v2\/categories?post=9295"}],"curies":[{"name":"wp","href":"https:\/\/api.w.org\/{rel}","templated":true}]}}