{"id":9242,"date":"2025-12-03T16:05:48","date_gmt":"2025-12-03T16:05:48","guid":{"rendered":"https:\/\/www.merlinproperties.com\/pt\/?p=9242"},"modified":"2025-12-03T16:24:15","modified_gmt":"2025-12-03T16:24:15","slug":"presentamos-el-nuevo-parque-logistico-valencia-betera-park-consolidando-nuestra-presencia-en-la-comunidad-valenciana","status":"publish","type":"post","link":"https:\/\/www.merlinproperties.com\/pt\/dia-a-dia\/presentamos-el-nuevo-parque-logistico-valencia-betera-park-consolidando-nuestra-presencia-en-la-comunidad-valenciana\/","title":{"rendered":"Apresentamos o novo parque log\u00edstico Valencia B\u00e9tera Park, consolidando a nossa presen\u00e7a na Comunidade Valenciana"},"content":{"rendered":"<p>Hoje apresent\u00e1mos o novo parque log\u00edstico Valencia B\u00e9tera Park, com a presen\u00e7a da presidente da C\u00e2mara Municipal de B\u00e9tera, Elia Verdev\u00edo Escrib\u00e1, do nosso CEO Ismael Clemente, juntamente com a equipa de Log\u00edstica da MERLIN Properties e representantes dos nossos colaboradores no projeto CL\u00c1SICA URBANA e Pavasal.<\/p>\n<p>\u2705 A sua localiza\u00e7\u00e3o estrat\u00e9gica na primeira coroa log\u00edstica de Val\u00eancia, aliada ao importante papel do Corredor Mediterr\u00e2nico na distribui\u00e7\u00e3o nacional e internacional, torna B\u00e9tera um ponto-chave num contexto em que a log\u00edstica \u00e9 um pilar fundamental para a competitividade econ\u00f3mica.<\/p>\n<p>\u2705 O parque log\u00edstico, com mais de 95 000 m\u00b2 (SBA), contar\u00e1 com tr\u00eas armaz\u00e9ns de 25 000 m\u00b2 e um de 20 000 m\u00b2 de \u00faltima gera\u00e7\u00e3o, com alturas livres de 11 metros, plataformas de manobra de 50 metros, preparadas para responder \u00e0 procura do com\u00e9rcio eletr\u00f3nico, da distribui\u00e7\u00e3o internacional e da otimiza\u00e7\u00e3o dos processos log\u00edsticos.<\/p>\n<p>\u2705 O primeiro armaz\u00e9m, atualmente em constru\u00e7\u00e3o, estar\u00e1 conclu\u00eddo antes do final do ver\u00e3o de 2026.<\/p>\n<p>\u2705 Contar\u00e1 com a certifica\u00e7\u00e3o energ\u00e9tica LEED Gold, instala\u00e7\u00f5es fotovoltaicas e solu\u00e7\u00f5es construtivas que garantem elevados padr\u00f5es de qualidade e sustentabilidade.<\/p>\n<p>Este parque reflete a aposta da MERLIN no setor log\u00edstico na Comunidade Valenciana e consolida a nossa presen\u00e7a numa regi\u00e3o que se posicionou como um dos principais polos log\u00edsticos do pa\u00eds.<\/p>\n<p><img loading=\"lazy\" decoding=\"async\" class=\"alignnone wp-image-9247\" src=\"https:\/\/www.merlinproperties.com\/pt\/wp-content\/uploads\/sites\/3\/2025\/12\/628E7AE2-2EA5-46EC-8095-5248ECAC657D-1-810x630.jpeg\" alt=\"\" width=\"575\" height=\"447\" srcset=\"https:\/\/www.merlinproperties.com\/pt\/wp-content\/uploads\/sites\/3\/2025\/12\/628E7AE2-2EA5-46EC-8095-5248ECAC657D-1-810x630.jpeg 810w, https:\/\/www.merlinproperties.com\/pt\/wp-content\/uploads\/sites\/3\/2025\/12\/628E7AE2-2EA5-46EC-8095-5248ECAC657D-1-450x350.jpeg 450w, https:\/\/www.merlinproperties.com\/pt\/wp-content\/uploads\/sites\/3\/2025\/12\/628E7AE2-2EA5-46EC-8095-5248ECAC657D-1-768x597.jpeg 768w, https:\/\/www.merlinproperties.com\/pt\/wp-content\/uploads\/sites\/3\/2025\/12\/628E7AE2-2EA5-46EC-8095-5248ECAC657D-1.jpeg 1061w\" sizes=\"auto, (max-width: 575px) 100vw, 575px\" \/><\/p>\n<figure id=\"attachment_9245\" aria-describedby=\"caption-attachment-9245\" style=\"width: 573px\" class=\"wp-caption alignnone\"><img loading=\"lazy\" decoding=\"async\" class=\" wp-image-9245\" src=\"https:\/\/www.merlinproperties.com\/pt\/wp-content\/uploads\/sites\/3\/2025\/12\/Tezza-7913-779x630.jpeg\" alt=\"\" width=\"573\" height=\"464\" srcset=\"https:\/\/www.merlinproperties.com\/pt\/wp-content\/uploads\/sites\/3\/2025\/12\/Tezza-7913-779x630.jpeg 779w, https:\/\/www.merlinproperties.com\/pt\/wp-content\/uploads\/sites\/3\/2025\/12\/Tezza-7913-450x364.jpeg 450w, https:\/\/www.merlinproperties.com\/pt\/wp-content\/uploads\/sites\/3\/2025\/12\/Tezza-7913-768x621.jpeg 768w, https:\/\/www.merlinproperties.com\/pt\/wp-content\/uploads\/sites\/3\/2025\/12\/Tezza-7913.jpeg 1043w\" sizes=\"auto, (max-width: 573px) 100vw, 573px\" \/><figcaption id=\"caption-attachment-9245\" class=\"wp-caption-text\">Edited in Tezza with: Recortar<\/figcaption><\/figure>\n<p><img loading=\"lazy\" decoding=\"async\" class=\"alignnone wp-image-9248\" src=\"https:\/\/www.merlinproperties.com\/pt\/wp-content\/uploads\/sites\/3\/2025\/12\/IMG_5056-840x608.jpeg\" alt=\"\" width=\"578\" height=\"418\" srcset=\"https:\/\/www.merlinproperties.com\/pt\/wp-content\/uploads\/sites\/3\/2025\/12\/IMG_5056-840x608.jpeg 840w, https:\/\/www.merlinproperties.com\/pt\/wp-content\/uploads\/sites\/3\/2025\/12\/IMG_5056-450x326.jpeg 450w, https:\/\/www.merlinproperties.com\/pt\/wp-content\/uploads\/sites\/3\/2025\/12\/IMG_5056-768x556.jpeg 768w, https:\/\/www.merlinproperties.com\/pt\/wp-content\/uploads\/sites\/3\/2025\/12\/IMG_5056.jpeg 1118w\" sizes=\"auto, (max-width: 578px) 100vw, 578px\" \/><\/p>\n<figure id=\"attachment_9243\" aria-describedby=\"caption-attachment-9243\" style=\"width: 597px\" class=\"wp-caption alignnone\"><img loading=\"lazy\" decoding=\"async\" class=\" wp-image-9243\" src=\"https:\/\/www.merlinproperties.com\/pt\/wp-content\/uploads\/sites\/3\/2025\/12\/Tezza-0355-840x540.jpeg\" alt=\"\" width=\"597\" height=\"384\" srcset=\"https:\/\/www.merlinproperties.com\/pt\/wp-content\/uploads\/sites\/3\/2025\/12\/Tezza-0355-840x540.jpeg 840w, https:\/\/www.merlinproperties.com\/pt\/wp-content\/uploads\/sites\/3\/2025\/12\/Tezza-0355-450x289.jpeg 450w, https:\/\/www.merlinproperties.com\/pt\/wp-content\/uploads\/sites\/3\/2025\/12\/Tezza-0355-768x493.jpeg 768w, https:\/\/www.merlinproperties.com\/pt\/wp-content\/uploads\/sites\/3\/2025\/12\/Tezza-0355-1200x771.jpeg 1200w, https:\/\/www.merlinproperties.com\/pt\/wp-content\/uploads\/sites\/3\/2025\/12\/Tezza-0355.jpeg 1258w\" sizes=\"auto, (max-width: 597px) 100vw, 597px\" \/><figcaption id=\"caption-attachment-9243\" class=\"wp-caption-text\">Edited in Tezza with: Brillo &amp; Contraste<\/figcaption><\/figure>\n<figure id=\"attachment_9244\" aria-describedby=\"caption-attachment-9244\" style=\"width: 600px\" class=\"wp-caption alignnone\"><img loading=\"lazy\" decoding=\"async\" class=\" wp-image-9244\" src=\"https:\/\/www.merlinproperties.com\/pt\/wp-content\/uploads\/sites\/3\/2025\/12\/Tezza-0612-840x542.jpeg\" alt=\"\" width=\"600\" height=\"387\" srcset=\"https:\/\/www.merlinproperties.com\/pt\/wp-content\/uploads\/sites\/3\/2025\/12\/Tezza-0612-840x542.jpeg 840w, https:\/\/www.merlinproperties.com\/pt\/wp-content\/uploads\/sites\/3\/2025\/12\/Tezza-0612-450x290.jpeg 450w, https:\/\/www.merlinproperties.com\/pt\/wp-content\/uploads\/sites\/3\/2025\/12\/Tezza-0612-768x495.jpeg 768w, https:\/\/www.merlinproperties.com\/pt\/wp-content\/uploads\/sites\/3\/2025\/12\/Tezza-0612-1200x774.jpeg 1200w, https:\/\/www.merlinproperties.com\/pt\/wp-content\/uploads\/sites\/3\/2025\/12\/Tezza-0612.jpeg 1245w\" sizes=\"auto, (max-width: 600px) 100vw, 600px\" \/><figcaption id=\"caption-attachment-9244\" class=\"wp-caption-text\">Edited in Tezza with: Contraste &amp; Sombras<\/figcaption><\/figure>\n","protected":false},"excerpt":{"rendered":"<p>Hoje apresent\u00e1mos o novo parque log\u00edstico Valencia B\u00e9tera Park, com a presen\u00e7a da presidente da C\u00e2mara Municipal de B\u00e9tera, Elia Verdev\u00edo Escrib\u00e1, do nosso CEO Ismael Clemente, juntamente com a equipa de Log\u00edstica da MERLIN Properties e representantes dos nossos colaboradores no projeto CL\u00c1SICA URBANA e Pavasal. \u2705 A sua localiza\u00e7\u00e3o estrat\u00e9gica na primeira coroa [&hellip;]<\/p>\n","protected":false},"author":14,"featured_media":9249,"comment_status":"closed","ping_status":"open","sticky":false,"template":"","format":"standard","meta":{"footnotes":""},"categories":[41,44],"class_list":["post-9242","post","type-post","status-publish","format-standard","has-post-thumbnail","hentry","category-dia-a-dia","category-dia-logistica"],"acf":[],"yoast_head":"<!-- This site is optimized with the Yoast SEO plugin v26.5 - https:\/\/yoast.com\/wordpress\/plugins\/seo\/ -->\n<title>Apresentamos o novo parque log\u00edstico Valencia B\u00e9tera Park, consolidando a nossa presen\u00e7a na Comunidade Valenciana - Merlin Properties Socimi, S.A. (PT)<\/title>\n<meta name=\"robots\" content=\"index, follow, max-snippet:-1, max-image-preview:large, max-video-preview:-1\" \/>\n<link rel=\"canonical\" href=\"https:\/\/www.merlinproperties.com\/pt\/dia-a-dia\/presentamos-el-nuevo-parque-logistico-valencia-betera-park-consolidando-nuestra-presencia-en-la-comunidad-valenciana\/\" \/>\n<meta property=\"og:locale\" content=\"es_ES\" \/>\n<meta property=\"og:type\" content=\"article\" \/>\n<meta property=\"og:title\" content=\"Apresentamos o novo parque log\u00edstico Valencia B\u00e9tera Park, consolidando a nossa presen\u00e7a na Comunidade Valenciana - Merlin Properties Socimi, S.A. (PT)\" \/>\n<meta property=\"og:description\" content=\"Hoje apresent\u00e1mos o novo parque log\u00edstico Valencia B\u00e9tera Park, com a presen\u00e7a da presidente da C\u00e2mara Municipal de B\u00e9tera, Elia Verdev\u00edo Escrib\u00e1, do nosso CEO Ismael Clemente, juntamente com a equipa de Log\u00edstica da MERLIN Properties e representantes dos nossos colaboradores no projeto CL\u00c1SICA URBANA e Pavasal. \u2705 A sua localiza\u00e7\u00e3o estrat\u00e9gica na primeira coroa [&hellip;]\" \/>\n<meta property=\"og:url\" content=\"https:\/\/www.merlinproperties.com\/pt\/dia-a-dia\/presentamos-el-nuevo-parque-logistico-valencia-betera-park-consolidando-nuestra-presencia-en-la-comunidad-valenciana\/\" \/>\n<meta property=\"og:site_name\" content=\"Merlin Properties Socimi, S.A. (PT)\" \/>\n<meta property=\"article:published_time\" content=\"2025-12-03T16:05:48+00:00\" \/>\n<meta property=\"article:modified_time\" content=\"2025-12-03T16:24:15+00:00\" \/>\n<meta property=\"og:image\" content=\"https:\/\/www.merlinproperties.com\/pt\/wp-content\/uploads\/sites\/3\/2025\/12\/Proyecto-nuevo-16-1.jpg\" \/>\n\t<meta property=\"og:image:width\" content=\"1500\" \/>\n\t<meta property=\"og:image:height\" content=\"500\" \/>\n\t<meta property=\"og:image:type\" content=\"image\/jpeg\" \/>\n<meta name=\"author\" content=\"albaclavero\" \/>\n<meta name=\"twitter:card\" content=\"summary_large_image\" \/>\n<meta name=\"twitter:label1\" content=\"Escrito por\" \/>\n\t<meta name=\"twitter:data1\" content=\"albaclavero\" \/>\n\t<meta name=\"twitter:label2\" content=\"Tiempo de lectura\" \/>\n\t<meta name=\"twitter:data2\" content=\"3 minutos\" \/>\n<script type=\"application\/ld+json\" class=\"yoast-schema-graph\">{\"@context\":\"https:\/\/schema.org\",\"@graph\":[{\"@type\":\"Article\",\"@id\":\"https:\/\/www.merlinproperties.com\/pt\/dia-a-dia\/presentamos-el-nuevo-parque-logistico-valencia-betera-park-consolidando-nuestra-presencia-en-la-comunidad-valenciana\/#article\",\"isPartOf\":{\"@id\":\"https:\/\/www.merlinproperties.com\/pt\/dia-a-dia\/presentamos-el-nuevo-parque-logistico-valencia-betera-park-consolidando-nuestra-presencia-en-la-comunidad-valenciana\/\"},\"author\":{\"name\":\"albaclavero\",\"@id\":\"https:\/\/www.merlinproperties.com\/pt\/#\/schema\/person\/1bcb8cdc1d11df155e03700d933bee6a\"},\"headline\":\"Apresentamos o novo parque log\u00edstico Valencia B\u00e9tera Park, consolidando a nossa presen\u00e7a na Comunidade Valenciana\",\"datePublished\":\"2025-12-03T16:05:48+00:00\",\"dateModified\":\"2025-12-03T16:24:15+00:00\",\"mainEntityOfPage\":{\"@id\":\"https:\/\/www.merlinproperties.com\/pt\/dia-a-dia\/presentamos-el-nuevo-parque-logistico-valencia-betera-park-consolidando-nuestra-presencia-en-la-comunidad-valenciana\/\"},\"wordCount\":297,\"publisher\":{\"@id\":\"https:\/\/www.merlinproperties.com\/pt\/#organization\"},\"image\":{\"@id\":\"https:\/\/www.merlinproperties.com\/pt\/dia-a-dia\/presentamos-el-nuevo-parque-logistico-valencia-betera-park-consolidando-nuestra-presencia-en-la-comunidad-valenciana\/#primaryimage\"},\"thumbnailUrl\":\"https:\/\/www.merlinproperties.com\/pt\/wp-content\/uploads\/sites\/3\/2025\/12\/Proyecto-nuevo-16-1.jpg\",\"articleSection\":[\"D\u00eda a d\u00eda\",\"Log\u00edstica\"],\"inLanguage\":\"es\"},{\"@type\":\"WebPage\",\"@id\":\"https:\/\/www.merlinproperties.com\/pt\/dia-a-dia\/presentamos-el-nuevo-parque-logistico-valencia-betera-park-consolidando-nuestra-presencia-en-la-comunidad-valenciana\/\",\"url\":\"https:\/\/www.merlinproperties.com\/pt\/dia-a-dia\/presentamos-el-nuevo-parque-logistico-valencia-betera-park-consolidando-nuestra-presencia-en-la-comunidad-valenciana\/\",\"name\":\"Apresentamos o novo parque log\u00edstico Valencia B\u00e9tera Park, consolidando a nossa presen\u00e7a na Comunidade Valenciana - Merlin Properties Socimi, S.A. (PT)\",\"isPartOf\":{\"@id\":\"https:\/\/www.merlinproperties.com\/pt\/#website\"},\"primaryImageOfPage\":{\"@id\":\"https:\/\/www.merlinproperties.com\/pt\/dia-a-dia\/presentamos-el-nuevo-parque-logistico-valencia-betera-park-consolidando-nuestra-presencia-en-la-comunidad-valenciana\/#primaryimage\"},\"image\":{\"@id\":\"https:\/\/www.merlinproperties.com\/pt\/dia-a-dia\/presentamos-el-nuevo-parque-logistico-valencia-betera-park-consolidando-nuestra-presencia-en-la-comunidad-valenciana\/#primaryimage\"},\"thumbnailUrl\":\"https:\/\/www.merlinproperties.com\/pt\/wp-content\/uploads\/sites\/3\/2025\/12\/Proyecto-nuevo-16-1.jpg\",\"datePublished\":\"2025-12-03T16:05:48+00:00\",\"dateModified\":\"2025-12-03T16:24:15+00:00\",\"inLanguage\":\"es\",\"potentialAction\":[{\"@type\":\"ReadAction\",\"target\":[\"https:\/\/www.merlinproperties.com\/pt\/dia-a-dia\/presentamos-el-nuevo-parque-logistico-valencia-betera-park-consolidando-nuestra-presencia-en-la-comunidad-valenciana\/\"]}]},{\"@type\":\"ImageObject\",\"inLanguage\":\"es\",\"@id\":\"https:\/\/www.merlinproperties.com\/pt\/dia-a-dia\/presentamos-el-nuevo-parque-logistico-valencia-betera-park-consolidando-nuestra-presencia-en-la-comunidad-valenciana\/#primaryimage\",\"url\":\"https:\/\/www.merlinproperties.com\/pt\/wp-content\/uploads\/sites\/3\/2025\/12\/Proyecto-nuevo-16-1.jpg\",\"contentUrl\":\"https:\/\/www.merlinproperties.com\/pt\/wp-content\/uploads\/sites\/3\/2025\/12\/Proyecto-nuevo-16-1.jpg\",\"width\":1500,\"height\":500},{\"@type\":\"WebSite\",\"@id\":\"https:\/\/www.merlinproperties.com\/pt\/#website\",\"url\":\"https:\/\/www.merlinproperties.com\/pt\/\",\"name\":\"Merlin Properties Socimi, S.A. (PT)\",\"description\":\"Compa\u00f1\u00eda Inmobiliaria, cotizada, l\u00edder en el sector de activos terciarios en la Pen\u00ednsula Ib\u00e9rica.\",\"publisher\":{\"@id\":\"https:\/\/www.merlinproperties.com\/pt\/#organization\"},\"potentialAction\":[{\"@type\":\"SearchAction\",\"target\":{\"@type\":\"EntryPoint\",\"urlTemplate\":\"https:\/\/www.merlinproperties.com\/pt\/?s={search_term_string}\"},\"query-input\":{\"@type\":\"PropertyValueSpecification\",\"valueRequired\":true,\"valueName\":\"search_term_string\"}}],\"inLanguage\":\"es\"},{\"@type\":\"Organization\",\"@id\":\"https:\/\/www.merlinproperties.com\/pt\/#organization\",\"name\":\"Merlin Properties Socimi, S.A. (PT)\",\"url\":\"https:\/\/www.merlinproperties.com\/pt\/\",\"logo\":{\"@type\":\"ImageObject\",\"inLanguage\":\"es\",\"@id\":\"https:\/\/www.merlinproperties.com\/pt\/#\/schema\/logo\/image\/\",\"url\":\"https:\/\/www.merlinproperties.com\/pt\/wp-content\/uploads\/sites\/3\/2023\/03\/Merlin-Logo-Horizontal-Negativo-scaled-3.png\",\"contentUrl\":\"https:\/\/www.merlinproperties.com\/pt\/wp-content\/uploads\/sites\/3\/2023\/03\/Merlin-Logo-Horizontal-Negativo-scaled-3.png\",\"width\":600,\"height\":204,\"caption\":\"Merlin Properties Socimi, S.A. (PT)\"},\"image\":{\"@id\":\"https:\/\/www.merlinproperties.com\/pt\/#\/schema\/logo\/image\/\"}},{\"@type\":\"Person\",\"@id\":\"https:\/\/www.merlinproperties.com\/pt\/#\/schema\/person\/1bcb8cdc1d11df155e03700d933bee6a\",\"name\":\"albaclavero\",\"image\":{\"@type\":\"ImageObject\",\"inLanguage\":\"es\",\"@id\":\"https:\/\/www.merlinproperties.com\/pt\/#\/schema\/person\/image\/\",\"url\":\"https:\/\/secure.gravatar.com\/avatar\/bb2cd22b45218e9e06701ca4b693cdd392bd06fc7d29be2b9339b092c70bced0?s=96&d=mm&r=g\",\"contentUrl\":\"https:\/\/secure.gravatar.com\/avatar\/bb2cd22b45218e9e06701ca4b693cdd392bd06fc7d29be2b9339b092c70bced0?s=96&d=mm&r=g\",\"caption\":\"albaclavero\"},\"url\":\"https:\/\/www.merlinproperties.com\/pt\/author\/albaclavero\/\"}]}<\/script>\n<!-- \/ Yoast SEO plugin. -->","yoast_head_json":{"title":"Apresentamos o novo parque log\u00edstico Valencia B\u00e9tera Park, consolidando a nossa presen\u00e7a na Comunidade Valenciana - Merlin Properties Socimi, S.A. (PT)","robots":{"index":"index","follow":"follow","max-snippet":"max-snippet:-1","max-image-preview":"max-image-preview:large","max-video-preview":"max-video-preview:-1"},"canonical":"https:\/\/www.merlinproperties.com\/pt\/dia-a-dia\/presentamos-el-nuevo-parque-logistico-valencia-betera-park-consolidando-nuestra-presencia-en-la-comunidad-valenciana\/","og_locale":"es_ES","og_type":"article","og_title":"Apresentamos o novo parque log\u00edstico Valencia B\u00e9tera Park, consolidando a nossa presen\u00e7a na Comunidade Valenciana - Merlin Properties Socimi, S.A. (PT)","og_description":"Hoje apresent\u00e1mos o novo parque log\u00edstico Valencia B\u00e9tera Park, com a presen\u00e7a da presidente da C\u00e2mara Municipal de B\u00e9tera, Elia Verdev\u00edo Escrib\u00e1, do nosso CEO Ismael Clemente, juntamente com a equipa de Log\u00edstica da MERLIN Properties e representantes dos nossos colaboradores no projeto CL\u00c1SICA URBANA e Pavasal. \u2705 A sua localiza\u00e7\u00e3o estrat\u00e9gica na primeira coroa [&hellip;]","og_url":"https:\/\/www.merlinproperties.com\/pt\/dia-a-dia\/presentamos-el-nuevo-parque-logistico-valencia-betera-park-consolidando-nuestra-presencia-en-la-comunidad-valenciana\/","og_site_name":"Merlin Properties Socimi, S.A. (PT)","article_published_time":"2025-12-03T16:05:48+00:00","article_modified_time":"2025-12-03T16:24:15+00:00","og_image":[{"width":1500,"height":500,"url":"https:\/\/www.merlinproperties.com\/pt\/wp-content\/uploads\/sites\/3\/2025\/12\/Proyecto-nuevo-16-1.jpg","type":"image\/jpeg"}],"author":"albaclavero","twitter_card":"summary_large_image","twitter_misc":{"Escrito por":"albaclavero","Tiempo de lectura":"3 minutos"},"schema":{"@context":"https:\/\/schema.org","@graph":[{"@type":"Article","@id":"https:\/\/www.merlinproperties.com\/pt\/dia-a-dia\/presentamos-el-nuevo-parque-logistico-valencia-betera-park-consolidando-nuestra-presencia-en-la-comunidad-valenciana\/#article","isPartOf":{"@id":"https:\/\/www.merlinproperties.com\/pt\/dia-a-dia\/presentamos-el-nuevo-parque-logistico-valencia-betera-park-consolidando-nuestra-presencia-en-la-comunidad-valenciana\/"},"author":{"name":"albaclavero","@id":"https:\/\/www.merlinproperties.com\/pt\/#\/schema\/person\/1bcb8cdc1d11df155e03700d933bee6a"},"headline":"Apresentamos o novo parque log\u00edstico Valencia B\u00e9tera Park, consolidando a nossa presen\u00e7a na Comunidade Valenciana","datePublished":"2025-12-03T16:05:48+00:00","dateModified":"2025-12-03T16:24:15+00:00","mainEntityOfPage":{"@id":"https:\/\/www.merlinproperties.com\/pt\/dia-a-dia\/presentamos-el-nuevo-parque-logistico-valencia-betera-park-consolidando-nuestra-presencia-en-la-comunidad-valenciana\/"},"wordCount":297,"publisher":{"@id":"https:\/\/www.merlinproperties.com\/pt\/#organization"},"image":{"@id":"https:\/\/www.merlinproperties.com\/pt\/dia-a-dia\/presentamos-el-nuevo-parque-logistico-valencia-betera-park-consolidando-nuestra-presencia-en-la-comunidad-valenciana\/#primaryimage"},"thumbnailUrl":"https:\/\/www.merlinproperties.com\/pt\/wp-content\/uploads\/sites\/3\/2025\/12\/Proyecto-nuevo-16-1.jpg","articleSection":["D\u00eda a d\u00eda","Log\u00edstica"],"inLanguage":"es"},{"@type":"WebPage","@id":"https:\/\/www.merlinproperties.com\/pt\/dia-a-dia\/presentamos-el-nuevo-parque-logistico-valencia-betera-park-consolidando-nuestra-presencia-en-la-comunidad-valenciana\/","url":"https:\/\/www.merlinproperties.com\/pt\/dia-a-dia\/presentamos-el-nuevo-parque-logistico-valencia-betera-park-consolidando-nuestra-presencia-en-la-comunidad-valenciana\/","name":"Apresentamos o novo parque log\u00edstico Valencia B\u00e9tera Park, consolidando a nossa presen\u00e7a na Comunidade Valenciana - Merlin Properties Socimi, S.A. (PT)","isPartOf":{"@id":"https:\/\/www.merlinproperties.com\/pt\/#website"},"primaryImageOfPage":{"@id":"https:\/\/www.merlinproperties.com\/pt\/dia-a-dia\/presentamos-el-nuevo-parque-logistico-valencia-betera-park-consolidando-nuestra-presencia-en-la-comunidad-valenciana\/#primaryimage"},"image":{"@id":"https:\/\/www.merlinproperties.com\/pt\/dia-a-dia\/presentamos-el-nuevo-parque-logistico-valencia-betera-park-consolidando-nuestra-presencia-en-la-comunidad-valenciana\/#primaryimage"},"thumbnailUrl":"https:\/\/www.merlinproperties.com\/pt\/wp-content\/uploads\/sites\/3\/2025\/12\/Proyecto-nuevo-16-1.jpg","datePublished":"2025-12-03T16:05:48+00:00","dateModified":"2025-12-03T16:24:15+00:00","inLanguage":"es","potentialAction":[{"@type":"ReadAction","target":["https:\/\/www.merlinproperties.com\/pt\/dia-a-dia\/presentamos-el-nuevo-parque-logistico-valencia-betera-park-consolidando-nuestra-presencia-en-la-comunidad-valenciana\/"]}]},{"@type":"ImageObject","inLanguage":"es","@id":"https:\/\/www.merlinproperties.com\/pt\/dia-a-dia\/presentamos-el-nuevo-parque-logistico-valencia-betera-park-consolidando-nuestra-presencia-en-la-comunidad-valenciana\/#primaryimage","url":"https:\/\/www.merlinproperties.com\/pt\/wp-content\/uploads\/sites\/3\/2025\/12\/Proyecto-nuevo-16-1.jpg","contentUrl":"https:\/\/www.merlinproperties.com\/pt\/wp-content\/uploads\/sites\/3\/2025\/12\/Proyecto-nuevo-16-1.jpg","width":1500,"height":500},{"@type":"WebSite","@id":"https:\/\/www.merlinproperties.com\/pt\/#website","url":"https:\/\/www.merlinproperties.com\/pt\/","name":"Merlin Properties Socimi, S.A. (PT)","description":"Compa\u00f1\u00eda Inmobiliaria, cotizada, l\u00edder en el sector de activos terciarios en la Pen\u00ednsula Ib\u00e9rica.","publisher":{"@id":"https:\/\/www.merlinproperties.com\/pt\/#organization"},"potentialAction":[{"@type":"SearchAction","target":{"@type":"EntryPoint","urlTemplate":"https:\/\/www.merlinproperties.com\/pt\/?s={search_term_string}"},"query-input":{"@type":"PropertyValueSpecification","valueRequired":true,"valueName":"search_term_string"}}],"inLanguage":"es"},{"@type":"Organization","@id":"https:\/\/www.merlinproperties.com\/pt\/#organization","name":"Merlin Properties Socimi, S.A. (PT)","url":"https:\/\/www.merlinproperties.com\/pt\/","logo":{"@type":"ImageObject","inLanguage":"es","@id":"https:\/\/www.merlinproperties.com\/pt\/#\/schema\/logo\/image\/","url":"https:\/\/www.merlinproperties.com\/pt\/wp-content\/uploads\/sites\/3\/2023\/03\/Merlin-Logo-Horizontal-Negativo-scaled-3.png","contentUrl":"https:\/\/www.merlinproperties.com\/pt\/wp-content\/uploads\/sites\/3\/2023\/03\/Merlin-Logo-Horizontal-Negativo-scaled-3.png","width":600,"height":204,"caption":"Merlin Properties Socimi, S.A. (PT)"},"image":{"@id":"https:\/\/www.merlinproperties.com\/pt\/#\/schema\/logo\/image\/"}},{"@type":"Person","@id":"https:\/\/www.merlinproperties.com\/pt\/#\/schema\/person\/1bcb8cdc1d11df155e03700d933bee6a","name":"albaclavero","image":{"@type":"ImageObject","inLanguage":"es","@id":"https:\/\/www.merlinproperties.com\/pt\/#\/schema\/person\/image\/","url":"https:\/\/secure.gravatar.com\/avatar\/bb2cd22b45218e9e06701ca4b693cdd392bd06fc7d29be2b9339b092c70bced0?s=96&d=mm&r=g","contentUrl":"https:\/\/secure.gravatar.com\/avatar\/bb2cd22b45218e9e06701ca4b693cdd392bd06fc7d29be2b9339b092c70bced0?s=96&d=mm&r=g","caption":"albaclavero"},"url":"https:\/\/www.merlinproperties.com\/pt\/author\/albaclavero\/"}]}},"_links":{"self":[{"href":"https:\/\/www.merlinproperties.com\/pt\/wp-json\/wp\/v2\/posts\/9242","targetHints":{"allow":["GET"]}}],"collection":[{"href":"https:\/\/www.merlinproperties.com\/pt\/wp-json\/wp\/v2\/posts"}],"about":[{"href":"https:\/\/www.merlinproperties.com\/pt\/wp-json\/wp\/v2\/types\/post"}],"author":[{"embeddable":true,"href":"https:\/\/www.merlinproperties.com\/pt\/wp-json\/wp\/v2\/users\/14"}],"replies":[{"embeddable":true,"href":"https:\/\/www.merlinproperties.com\/pt\/wp-json\/wp\/v2\/comments?post=9242"}],"version-history":[{"count":3,"href":"https:\/\/www.merlinproperties.com\/pt\/wp-json\/wp\/v2\/posts\/9242\/revisions"}],"predecessor-version":[{"id":9253,"href":"https:\/\/www.merlinproperties.com\/pt\/wp-json\/wp\/v2\/posts\/9242\/revisions\/9253"}],"wp:featuredmedia":[{"embeddable":true,"href":"https:\/\/www.merlinproperties.com\/pt\/wp-json\/wp\/v2\/media\/9249"}],"wp:attachment":[{"href":"https:\/\/www.merlinproperties.com\/pt\/wp-json\/wp\/v2\/media?parent=9242"}],"wp:term":[{"taxonomy":"category","embeddable":true,"href":"https:\/\/www.merlinproperties.com\/pt\/wp-json\/wp\/v2\/categories?post=9242"}],"curies":[{"name":"wp","href":"https:\/\/api.w.org\/{rel}","templated":true}]}}