{"id":9115,"date":"2025-10-24T15:06:32","date_gmt":"2025-10-24T15:06:32","guid":{"rendered":"https:\/\/www.merlinproperties.com\/pt\/?p=9115"},"modified":"2025-10-24T15:06:49","modified_gmt":"2025-10-24T15:06:49","slug":"porto-pi-o-nosso-centro-comercial-em-palma-de-maiorca-completa-30-anos","status":"publish","type":"post","link":"https:\/\/www.merlinproperties.com\/pt\/dia-a-dia\/porto-pi-o-nosso-centro-comercial-em-palma-de-maiorca-completa-30-anos\/","title":{"rendered":"Porto Pi, o nosso centro comercial em Palma de Maiorca, completa 30 anos"},"content":{"rendered":"<p>Porto Pi, o nosso centro comercial em Palma de Maiorca, completa 30 anos.<\/p>\n<p>Comemor\u00e1mos com uma exposi\u00e7\u00e3o retrospectiva que revisita a hist\u00f3ria do centro e da cidade, inaugurada por Jaime Mart\u00ednez Llabr\u00e9s, presidente da C\u00e2mara Municipal de Palma.<\/p>\n<p>\ud83d\udcf8 Fotografias, murais, um cubo gigante e um arquivo de recorda\u00e7\u00f5es partilhadas pelos vizinhos de Maiorca mostram como Porto Pi fez parte do dia a dia de tantas pessoas, tornando-se um ponto de encontro da cidade.<\/p>\n<p>A exposi\u00e7\u00e3o pode ser visitada at\u00e9 15 de novembro.<br \/>\nSaiba um pouco mais sobre a hist\u00f3ria do centro aqui \ud83d\udc47<\/p>\n<div style=\"width: 3840px;\" class=\"wp-video\"><!--[if lt IE 9]><script>document.createElement('video');<\/script><![endif]-->\n<video class=\"wp-video-shortcode\" id=\"video-9115-1\" width=\"3840\" height=\"2160\" preload=\"metadata\" controls=\"controls\"><source type=\"video\/mp4\" src=\"https:\/\/www.merlinproperties.com\/pt\/wp-content\/uploads\/sites\/3\/2025\/10\/PORTO-PI-30-ANOS-ESPANOL.mp4?_=1\" \/><a href=\"https:\/\/www.merlinproperties.com\/pt\/wp-content\/uploads\/sites\/3\/2025\/10\/PORTO-PI-30-ANOS-ESPANOL.mp4\">https:\/\/www.merlinproperties.com\/pt\/wp-content\/uploads\/sites\/3\/2025\/10\/PORTO-PI-30-ANOS-ESPANOL.mp4<\/a><\/video><\/div>\n","protected":false},"excerpt":{"rendered":"<p>Porto Pi, o nosso centro comercial em Palma de Maiorca, completa 30 anos. Comemor\u00e1mos com uma exposi\u00e7\u00e3o retrospectiva que revisita a hist\u00f3ria do centro e da cidade, inaugurada por Jaime Mart\u00ednez Llabr\u00e9s, presidente da C\u00e2mara Municipal de Palma. \ud83d\udcf8 Fotografias, murais, um cubo gigante e um arquivo de recorda\u00e7\u00f5es partilhadas pelos vizinhos de Maiorca mostram [&hellip;]<\/p>\n","protected":false},"author":14,"featured_media":9118,"comment_status":"closed","ping_status":"open","sticky":false,"template":"","format":"standard","meta":{"footnotes":""},"categories":[45,41],"class_list":["post-9115","post","type-post","status-publish","format-standard","has-post-thumbnail","hentry","category-dia-centros-comerciales","category-dia-a-dia"],"acf":[],"yoast_head":"<!-- This site is optimized with the Yoast SEO plugin v26.5 - https:\/\/yoast.com\/wordpress\/plugins\/seo\/ -->\n<title>Porto Pi, o nosso centro comercial em Palma de Maiorca, completa 30 anos - Merlin Properties Socimi, S.A. (PT)<\/title>\n<meta name=\"robots\" content=\"index, follow, max-snippet:-1, max-image-preview:large, max-video-preview:-1\" \/>\n<link rel=\"canonical\" href=\"https:\/\/www.merlinproperties.com\/pt\/dia-a-dia\/porto-pi-o-nosso-centro-comercial-em-palma-de-maiorca-completa-30-anos\/\" \/>\n<meta property=\"og:locale\" content=\"es_ES\" \/>\n<meta property=\"og:type\" content=\"article\" \/>\n<meta property=\"og:title\" content=\"Porto Pi, o nosso centro comercial em Palma de Maiorca, completa 30 anos - Merlin Properties Socimi, S.A. (PT)\" \/>\n<meta property=\"og:description\" content=\"Porto Pi, o nosso centro comercial em Palma de Maiorca, completa 30 anos. Comemor\u00e1mos com uma exposi\u00e7\u00e3o retrospectiva que revisita a hist\u00f3ria do centro e da cidade, inaugurada por Jaime Mart\u00ednez Llabr\u00e9s, presidente da C\u00e2mara Municipal de Palma. \ud83d\udcf8 Fotografias, murais, um cubo gigante e um arquivo de recorda\u00e7\u00f5es partilhadas pelos vizinhos de Maiorca mostram [&hellip;]\" \/>\n<meta property=\"og:url\" content=\"https:\/\/www.merlinproperties.com\/pt\/dia-a-dia\/porto-pi-o-nosso-centro-comercial-em-palma-de-maiorca-completa-30-anos\/\" \/>\n<meta property=\"og:site_name\" content=\"Merlin Properties Socimi, S.A. (PT)\" \/>\n<meta property=\"article:published_time\" content=\"2025-10-24T15:06:32+00:00\" \/>\n<meta property=\"article:modified_time\" content=\"2025-10-24T15:06:49+00:00\" \/>\n<meta property=\"og:image\" content=\"https:\/\/www.merlinproperties.com\/pt\/wp-content\/uploads\/sites\/3\/2025\/10\/PORTOPI1500.jpg\" \/>\n\t<meta property=\"og:image:width\" content=\"1500\" \/>\n\t<meta property=\"og:image:height\" content=\"500\" \/>\n\t<meta property=\"og:image:type\" content=\"image\/jpeg\" \/>\n<meta name=\"author\" content=\"albaclavero\" \/>\n<meta name=\"twitter:card\" content=\"summary_large_image\" \/>\n<meta name=\"twitter:label1\" content=\"Escrito por\" \/>\n\t<meta name=\"twitter:data1\" content=\"albaclavero\" \/>\n\t<meta name=\"twitter:label2\" content=\"Tiempo de lectura\" \/>\n\t<meta name=\"twitter:data2\" content=\"1 minuto\" \/>\n<script type=\"application\/ld+json\" class=\"yoast-schema-graph\">{\"@context\":\"https:\/\/schema.org\",\"@graph\":[{\"@type\":\"Article\",\"@id\":\"https:\/\/www.merlinproperties.com\/pt\/dia-a-dia\/porto-pi-o-nosso-centro-comercial-em-palma-de-maiorca-completa-30-anos\/#article\",\"isPartOf\":{\"@id\":\"https:\/\/www.merlinproperties.com\/pt\/dia-a-dia\/porto-pi-o-nosso-centro-comercial-em-palma-de-maiorca-completa-30-anos\/\"},\"author\":{\"name\":\"albaclavero\",\"@id\":\"https:\/\/www.merlinproperties.com\/pt\/#\/schema\/person\/1bcb8cdc1d11df155e03700d933bee6a\"},\"headline\":\"Porto Pi, o nosso centro comercial em Palma de Maiorca, completa 30 anos\",\"datePublished\":\"2025-10-24T15:06:32+00:00\",\"dateModified\":\"2025-10-24T15:06:49+00:00\",\"mainEntityOfPage\":{\"@id\":\"https:\/\/www.merlinproperties.com\/pt\/dia-a-dia\/porto-pi-o-nosso-centro-comercial-em-palma-de-maiorca-completa-30-anos\/\"},\"wordCount\":127,\"publisher\":{\"@id\":\"https:\/\/www.merlinproperties.com\/pt\/#organization\"},\"image\":{\"@id\":\"https:\/\/www.merlinproperties.com\/pt\/dia-a-dia\/porto-pi-o-nosso-centro-comercial-em-palma-de-maiorca-completa-30-anos\/#primaryimage\"},\"thumbnailUrl\":\"https:\/\/www.merlinproperties.com\/pt\/wp-content\/uploads\/sites\/3\/2025\/10\/PORTOPI1500.jpg\",\"articleSection\":[\"Centros Comerciales\",\"D\u00eda a d\u00eda\"],\"inLanguage\":\"es\"},{\"@type\":\"WebPage\",\"@id\":\"https:\/\/www.merlinproperties.com\/pt\/dia-a-dia\/porto-pi-o-nosso-centro-comercial-em-palma-de-maiorca-completa-30-anos\/\",\"url\":\"https:\/\/www.merlinproperties.com\/pt\/dia-a-dia\/porto-pi-o-nosso-centro-comercial-em-palma-de-maiorca-completa-30-anos\/\",\"name\":\"Porto Pi, o nosso centro comercial em Palma de Maiorca, completa 30 anos - Merlin Properties Socimi, S.A. (PT)\",\"isPartOf\":{\"@id\":\"https:\/\/www.merlinproperties.com\/pt\/#website\"},\"primaryImageOfPage\":{\"@id\":\"https:\/\/www.merlinproperties.com\/pt\/dia-a-dia\/porto-pi-o-nosso-centro-comercial-em-palma-de-maiorca-completa-30-anos\/#primaryimage\"},\"image\":{\"@id\":\"https:\/\/www.merlinproperties.com\/pt\/dia-a-dia\/porto-pi-o-nosso-centro-comercial-em-palma-de-maiorca-completa-30-anos\/#primaryimage\"},\"thumbnailUrl\":\"https:\/\/www.merlinproperties.com\/pt\/wp-content\/uploads\/sites\/3\/2025\/10\/PORTOPI1500.jpg\",\"datePublished\":\"2025-10-24T15:06:32+00:00\",\"dateModified\":\"2025-10-24T15:06:49+00:00\",\"inLanguage\":\"es\",\"potentialAction\":[{\"@type\":\"ReadAction\",\"target\":[\"https:\/\/www.merlinproperties.com\/pt\/dia-a-dia\/porto-pi-o-nosso-centro-comercial-em-palma-de-maiorca-completa-30-anos\/\"]}]},{\"@type\":\"ImageObject\",\"inLanguage\":\"es\",\"@id\":\"https:\/\/www.merlinproperties.com\/pt\/dia-a-dia\/porto-pi-o-nosso-centro-comercial-em-palma-de-maiorca-completa-30-anos\/#primaryimage\",\"url\":\"https:\/\/www.merlinproperties.com\/pt\/wp-content\/uploads\/sites\/3\/2025\/10\/PORTOPI1500.jpg\",\"contentUrl\":\"https:\/\/www.merlinproperties.com\/pt\/wp-content\/uploads\/sites\/3\/2025\/10\/PORTOPI1500.jpg\",\"width\":1500,\"height\":500},{\"@type\":\"WebSite\",\"@id\":\"https:\/\/www.merlinproperties.com\/pt\/#website\",\"url\":\"https:\/\/www.merlinproperties.com\/pt\/\",\"name\":\"Merlin Properties Socimi, S.A. (PT)\",\"description\":\"Compa\u00f1\u00eda Inmobiliaria, cotizada, l\u00edder en el sector de activos terciarios en la Pen\u00ednsula Ib\u00e9rica.\",\"publisher\":{\"@id\":\"https:\/\/www.merlinproperties.com\/pt\/#organization\"},\"potentialAction\":[{\"@type\":\"SearchAction\",\"target\":{\"@type\":\"EntryPoint\",\"urlTemplate\":\"https:\/\/www.merlinproperties.com\/pt\/?s={search_term_string}\"},\"query-input\":{\"@type\":\"PropertyValueSpecification\",\"valueRequired\":true,\"valueName\":\"search_term_string\"}}],\"inLanguage\":\"es\"},{\"@type\":\"Organization\",\"@id\":\"https:\/\/www.merlinproperties.com\/pt\/#organization\",\"name\":\"Merlin Properties Socimi, S.A. (PT)\",\"url\":\"https:\/\/www.merlinproperties.com\/pt\/\",\"logo\":{\"@type\":\"ImageObject\",\"inLanguage\":\"es\",\"@id\":\"https:\/\/www.merlinproperties.com\/pt\/#\/schema\/logo\/image\/\",\"url\":\"https:\/\/www.merlinproperties.com\/pt\/wp-content\/uploads\/sites\/3\/2023\/03\/Merlin-Logo-Horizontal-Negativo-scaled-3.png\",\"contentUrl\":\"https:\/\/www.merlinproperties.com\/pt\/wp-content\/uploads\/sites\/3\/2023\/03\/Merlin-Logo-Horizontal-Negativo-scaled-3.png\",\"width\":600,\"height\":204,\"caption\":\"Merlin Properties Socimi, S.A. (PT)\"},\"image\":{\"@id\":\"https:\/\/www.merlinproperties.com\/pt\/#\/schema\/logo\/image\/\"}},{\"@type\":\"Person\",\"@id\":\"https:\/\/www.merlinproperties.com\/pt\/#\/schema\/person\/1bcb8cdc1d11df155e03700d933bee6a\",\"name\":\"albaclavero\",\"image\":{\"@type\":\"ImageObject\",\"inLanguage\":\"es\",\"@id\":\"https:\/\/www.merlinproperties.com\/pt\/#\/schema\/person\/image\/\",\"url\":\"https:\/\/secure.gravatar.com\/avatar\/bb2cd22b45218e9e06701ca4b693cdd392bd06fc7d29be2b9339b092c70bced0?s=96&d=mm&r=g\",\"contentUrl\":\"https:\/\/secure.gravatar.com\/avatar\/bb2cd22b45218e9e06701ca4b693cdd392bd06fc7d29be2b9339b092c70bced0?s=96&d=mm&r=g\",\"caption\":\"albaclavero\"},\"url\":\"https:\/\/www.merlinproperties.com\/pt\/author\/albaclavero\/\"}]}<\/script>\n<!-- \/ Yoast SEO plugin. -->","yoast_head_json":{"title":"Porto Pi, o nosso centro comercial em Palma de Maiorca, completa 30 anos - Merlin Properties Socimi, S.A. (PT)","robots":{"index":"index","follow":"follow","max-snippet":"max-snippet:-1","max-image-preview":"max-image-preview:large","max-video-preview":"max-video-preview:-1"},"canonical":"https:\/\/www.merlinproperties.com\/pt\/dia-a-dia\/porto-pi-o-nosso-centro-comercial-em-palma-de-maiorca-completa-30-anos\/","og_locale":"es_ES","og_type":"article","og_title":"Porto Pi, o nosso centro comercial em Palma de Maiorca, completa 30 anos - Merlin Properties Socimi, S.A. (PT)","og_description":"Porto Pi, o nosso centro comercial em Palma de Maiorca, completa 30 anos. Comemor\u00e1mos com uma exposi\u00e7\u00e3o retrospectiva que revisita a hist\u00f3ria do centro e da cidade, inaugurada por Jaime Mart\u00ednez Llabr\u00e9s, presidente da C\u00e2mara Municipal de Palma. \ud83d\udcf8 Fotografias, murais, um cubo gigante e um arquivo de recorda\u00e7\u00f5es partilhadas pelos vizinhos de Maiorca mostram [&hellip;]","og_url":"https:\/\/www.merlinproperties.com\/pt\/dia-a-dia\/porto-pi-o-nosso-centro-comercial-em-palma-de-maiorca-completa-30-anos\/","og_site_name":"Merlin Properties Socimi, S.A. (PT)","article_published_time":"2025-10-24T15:06:32+00:00","article_modified_time":"2025-10-24T15:06:49+00:00","og_image":[{"width":1500,"height":500,"url":"https:\/\/www.merlinproperties.com\/pt\/wp-content\/uploads\/sites\/3\/2025\/10\/PORTOPI1500.jpg","type":"image\/jpeg"}],"author":"albaclavero","twitter_card":"summary_large_image","twitter_misc":{"Escrito por":"albaclavero","Tiempo de lectura":"1 minuto"},"schema":{"@context":"https:\/\/schema.org","@graph":[{"@type":"Article","@id":"https:\/\/www.merlinproperties.com\/pt\/dia-a-dia\/porto-pi-o-nosso-centro-comercial-em-palma-de-maiorca-completa-30-anos\/#article","isPartOf":{"@id":"https:\/\/www.merlinproperties.com\/pt\/dia-a-dia\/porto-pi-o-nosso-centro-comercial-em-palma-de-maiorca-completa-30-anos\/"},"author":{"name":"albaclavero","@id":"https:\/\/www.merlinproperties.com\/pt\/#\/schema\/person\/1bcb8cdc1d11df155e03700d933bee6a"},"headline":"Porto Pi, o nosso centro comercial em Palma de Maiorca, completa 30 anos","datePublished":"2025-10-24T15:06:32+00:00","dateModified":"2025-10-24T15:06:49+00:00","mainEntityOfPage":{"@id":"https:\/\/www.merlinproperties.com\/pt\/dia-a-dia\/porto-pi-o-nosso-centro-comercial-em-palma-de-maiorca-completa-30-anos\/"},"wordCount":127,"publisher":{"@id":"https:\/\/www.merlinproperties.com\/pt\/#organization"},"image":{"@id":"https:\/\/www.merlinproperties.com\/pt\/dia-a-dia\/porto-pi-o-nosso-centro-comercial-em-palma-de-maiorca-completa-30-anos\/#primaryimage"},"thumbnailUrl":"https:\/\/www.merlinproperties.com\/pt\/wp-content\/uploads\/sites\/3\/2025\/10\/PORTOPI1500.jpg","articleSection":["Centros Comerciales","D\u00eda a d\u00eda"],"inLanguage":"es"},{"@type":"WebPage","@id":"https:\/\/www.merlinproperties.com\/pt\/dia-a-dia\/porto-pi-o-nosso-centro-comercial-em-palma-de-maiorca-completa-30-anos\/","url":"https:\/\/www.merlinproperties.com\/pt\/dia-a-dia\/porto-pi-o-nosso-centro-comercial-em-palma-de-maiorca-completa-30-anos\/","name":"Porto Pi, o nosso centro comercial em Palma de Maiorca, completa 30 anos - Merlin Properties Socimi, S.A. (PT)","isPartOf":{"@id":"https:\/\/www.merlinproperties.com\/pt\/#website"},"primaryImageOfPage":{"@id":"https:\/\/www.merlinproperties.com\/pt\/dia-a-dia\/porto-pi-o-nosso-centro-comercial-em-palma-de-maiorca-completa-30-anos\/#primaryimage"},"image":{"@id":"https:\/\/www.merlinproperties.com\/pt\/dia-a-dia\/porto-pi-o-nosso-centro-comercial-em-palma-de-maiorca-completa-30-anos\/#primaryimage"},"thumbnailUrl":"https:\/\/www.merlinproperties.com\/pt\/wp-content\/uploads\/sites\/3\/2025\/10\/PORTOPI1500.jpg","datePublished":"2025-10-24T15:06:32+00:00","dateModified":"2025-10-24T15:06:49+00:00","inLanguage":"es","potentialAction":[{"@type":"ReadAction","target":["https:\/\/www.merlinproperties.com\/pt\/dia-a-dia\/porto-pi-o-nosso-centro-comercial-em-palma-de-maiorca-completa-30-anos\/"]}]},{"@type":"ImageObject","inLanguage":"es","@id":"https:\/\/www.merlinproperties.com\/pt\/dia-a-dia\/porto-pi-o-nosso-centro-comercial-em-palma-de-maiorca-completa-30-anos\/#primaryimage","url":"https:\/\/www.merlinproperties.com\/pt\/wp-content\/uploads\/sites\/3\/2025\/10\/PORTOPI1500.jpg","contentUrl":"https:\/\/www.merlinproperties.com\/pt\/wp-content\/uploads\/sites\/3\/2025\/10\/PORTOPI1500.jpg","width":1500,"height":500},{"@type":"WebSite","@id":"https:\/\/www.merlinproperties.com\/pt\/#website","url":"https:\/\/www.merlinproperties.com\/pt\/","name":"Merlin Properties Socimi, S.A. (PT)","description":"Compa\u00f1\u00eda Inmobiliaria, cotizada, l\u00edder en el sector de activos terciarios en la Pen\u00ednsula Ib\u00e9rica.","publisher":{"@id":"https:\/\/www.merlinproperties.com\/pt\/#organization"},"potentialAction":[{"@type":"SearchAction","target":{"@type":"EntryPoint","urlTemplate":"https:\/\/www.merlinproperties.com\/pt\/?s={search_term_string}"},"query-input":{"@type":"PropertyValueSpecification","valueRequired":true,"valueName":"search_term_string"}}],"inLanguage":"es"},{"@type":"Organization","@id":"https:\/\/www.merlinproperties.com\/pt\/#organization","name":"Merlin Properties Socimi, S.A. (PT)","url":"https:\/\/www.merlinproperties.com\/pt\/","logo":{"@type":"ImageObject","inLanguage":"es","@id":"https:\/\/www.merlinproperties.com\/pt\/#\/schema\/logo\/image\/","url":"https:\/\/www.merlinproperties.com\/pt\/wp-content\/uploads\/sites\/3\/2023\/03\/Merlin-Logo-Horizontal-Negativo-scaled-3.png","contentUrl":"https:\/\/www.merlinproperties.com\/pt\/wp-content\/uploads\/sites\/3\/2023\/03\/Merlin-Logo-Horizontal-Negativo-scaled-3.png","width":600,"height":204,"caption":"Merlin Properties Socimi, S.A. (PT)"},"image":{"@id":"https:\/\/www.merlinproperties.com\/pt\/#\/schema\/logo\/image\/"}},{"@type":"Person","@id":"https:\/\/www.merlinproperties.com\/pt\/#\/schema\/person\/1bcb8cdc1d11df155e03700d933bee6a","name":"albaclavero","image":{"@type":"ImageObject","inLanguage":"es","@id":"https:\/\/www.merlinproperties.com\/pt\/#\/schema\/person\/image\/","url":"https:\/\/secure.gravatar.com\/avatar\/bb2cd22b45218e9e06701ca4b693cdd392bd06fc7d29be2b9339b092c70bced0?s=96&d=mm&r=g","contentUrl":"https:\/\/secure.gravatar.com\/avatar\/bb2cd22b45218e9e06701ca4b693cdd392bd06fc7d29be2b9339b092c70bced0?s=96&d=mm&r=g","caption":"albaclavero"},"url":"https:\/\/www.merlinproperties.com\/pt\/author\/albaclavero\/"}]}},"_links":{"self":[{"href":"https:\/\/www.merlinproperties.com\/pt\/wp-json\/wp\/v2\/posts\/9115","targetHints":{"allow":["GET"]}}],"collection":[{"href":"https:\/\/www.merlinproperties.com\/pt\/wp-json\/wp\/v2\/posts"}],"about":[{"href":"https:\/\/www.merlinproperties.com\/pt\/wp-json\/wp\/v2\/types\/post"}],"author":[{"embeddable":true,"href":"https:\/\/www.merlinproperties.com\/pt\/wp-json\/wp\/v2\/users\/14"}],"replies":[{"embeddable":true,"href":"https:\/\/www.merlinproperties.com\/pt\/wp-json\/wp\/v2\/comments?post=9115"}],"version-history":[{"count":1,"href":"https:\/\/www.merlinproperties.com\/pt\/wp-json\/wp\/v2\/posts\/9115\/revisions"}],"predecessor-version":[{"id":9117,"href":"https:\/\/www.merlinproperties.com\/pt\/wp-json\/wp\/v2\/posts\/9115\/revisions\/9117"}],"wp:featuredmedia":[{"embeddable":true,"href":"https:\/\/www.merlinproperties.com\/pt\/wp-json\/wp\/v2\/media\/9118"}],"wp:attachment":[{"href":"https:\/\/www.merlinproperties.com\/pt\/wp-json\/wp\/v2\/media?parent=9115"}],"wp:term":[{"taxonomy":"category","embeddable":true,"href":"https:\/\/www.merlinproperties.com\/pt\/wp-json\/wp\/v2\/categories?post=9115"}],"curies":[{"name":"wp","href":"https:\/\/api.w.org\/{rel}","templated":true}]}}