{"id":8994,"date":"2025-09-25T11:28:52","date_gmt":"2025-09-25T11:28:52","guid":{"rendered":"https:\/\/www.merlinproperties.com\/pt\/?p=8994"},"modified":"2025-09-25T11:34:36","modified_gmt":"2025-09-25T11:34:36","slug":"comemoramos-o-20-o-aniversario-da-torre-glories-com-uma-iluminacao-especial-para-as-festas-de-la-merce","status":"publish","type":"post","link":"https:\/\/www.merlinproperties.com\/pt\/dia-a-dia\/comemoramos-o-20-o-aniversario-da-torre-glories-com-uma-iluminacao-especial-para-as-festas-de-la-merce\/","title":{"rendered":"Comemoramos o 20.\u00ba anivers\u00e1rio da Torre Gl\u00f2ries com uma ilumina\u00e7\u00e3o especial para as festas de La Merc\u00e8!"},"content":{"rendered":"<p>Comemoramos o 20.\u00ba anivers\u00e1rio da Torre Gl\u00f2ries com uma ilumina\u00e7\u00e3o especial para as festas de La Merc\u00e8!<\/p>\n<p>Uma proposta art\u00edstica que percorre os anos de hist\u00f3ria da torre com uma explos\u00e3o de luz e gradientes de cor que evocam o mar Mediterr\u00e2neo, a Pra\u00e7a das Gl\u00f2ries e a pr\u00f3pria cidade de Barcelona, reafirmando o seu papel de \u00edcone do horizonte e ponto de refer\u00eancia de uma cidade que olha para o futuro.<\/p>\n<p>\ud83d\udcc6 De 24 a 27 de setembro de 2025<br \/>\n\ud83d\udd52 Das 20h \u00e0s 00h, a cada 30 min.<\/p>\n<p>FELI\u00c7 MERC\u00c8 BCN!<\/p>\n<div style=\"width: 3840px;\" class=\"wp-video\"><!--[if lt IE 9]><script>document.createElement('video');<\/script><![endif]-->\n<video class=\"wp-video-shortcode\" id=\"video-8994-1\" width=\"3840\" height=\"2160\" preload=\"metadata\" controls=\"controls\"><source type=\"video\/mp4\" src=\"https:\/\/www.merlinproperties.com\/pt\/wp-content\/uploads\/sites\/3\/2025\/09\/TIMELAPSE-FINAL-HORIZONTAL.mp4?_=1\" \/><a href=\"https:\/\/www.merlinproperties.com\/pt\/wp-content\/uploads\/sites\/3\/2025\/09\/TIMELAPSE-FINAL-HORIZONTAL.mp4\">https:\/\/www.merlinproperties.com\/pt\/wp-content\/uploads\/sites\/3\/2025\/09\/TIMELAPSE-FINAL-HORIZONTAL.mp4<\/a><\/video><\/div>\n","protected":false},"excerpt":{"rendered":"<p>Comemoramos o 20.\u00ba anivers\u00e1rio da Torre Gl\u00f2ries com uma ilumina\u00e7\u00e3o especial para as festas de La Merc\u00e8! Uma proposta art\u00edstica que percorre os anos de hist\u00f3ria da torre com uma explos\u00e3o de luz e gradientes de cor que evocam o mar Mediterr\u00e2neo, a Pra\u00e7a das Gl\u00f2ries e a pr\u00f3pria cidade de Barcelona, reafirmando o seu [&hellip;]<\/p>\n","protected":false},"author":14,"featured_media":8997,"comment_status":"closed","ping_status":"open","sticky":false,"template":"","format":"standard","meta":{"footnotes":""},"categories":[41,46],"class_list":["post-8994","post","type-post","status-publish","format-standard","has-post-thumbnail","hentry","category-dia-a-dia","category-dia-oficinas"],"acf":[],"yoast_head":"<!-- This site is optimized with the Yoast SEO plugin v26.5 - https:\/\/yoast.com\/wordpress\/plugins\/seo\/ -->\n<title>Comemoramos o 20.\u00ba anivers\u00e1rio da Torre Gl\u00f2ries com uma ilumina\u00e7\u00e3o especial para as festas de La Merc\u00e8! - Merlin Properties Socimi, S.A. (PT)<\/title>\n<meta name=\"robots\" content=\"index, follow, max-snippet:-1, max-image-preview:large, max-video-preview:-1\" \/>\n<link rel=\"canonical\" href=\"https:\/\/www.merlinproperties.com\/pt\/dia-a-dia\/comemoramos-o-20-o-aniversario-da-torre-glories-com-uma-iluminacao-especial-para-as-festas-de-la-merce\/\" \/>\n<meta property=\"og:locale\" content=\"es_ES\" \/>\n<meta property=\"og:type\" content=\"article\" \/>\n<meta property=\"og:title\" content=\"Comemoramos o 20.\u00ba anivers\u00e1rio da Torre Gl\u00f2ries com uma ilumina\u00e7\u00e3o especial para as festas de La Merc\u00e8! - Merlin Properties Socimi, S.A. (PT)\" \/>\n<meta property=\"og:description\" content=\"Comemoramos o 20.\u00ba anivers\u00e1rio da Torre Gl\u00f2ries com uma ilumina\u00e7\u00e3o especial para as festas de La Merc\u00e8! Uma proposta art\u00edstica que percorre os anos de hist\u00f3ria da torre com uma explos\u00e3o de luz e gradientes de cor que evocam o mar Mediterr\u00e2neo, a Pra\u00e7a das Gl\u00f2ries e a pr\u00f3pria cidade de Barcelona, reafirmando o seu [&hellip;]\" \/>\n<meta property=\"og:url\" content=\"https:\/\/www.merlinproperties.com\/pt\/dia-a-dia\/comemoramos-o-20-o-aniversario-da-torre-glories-com-uma-iluminacao-especial-para-as-festas-de-la-merce\/\" \/>\n<meta property=\"og:site_name\" content=\"Merlin Properties Socimi, S.A. (PT)\" \/>\n<meta property=\"article:published_time\" content=\"2025-09-25T11:28:52+00:00\" \/>\n<meta property=\"article:modified_time\" content=\"2025-09-25T11:34:36+00:00\" \/>\n<meta property=\"og:image\" content=\"https:\/\/www.merlinproperties.com\/pt\/wp-content\/uploads\/sites\/3\/2025\/09\/1500x500-5.png\" \/>\n\t<meta property=\"og:image:width\" content=\"1500\" \/>\n\t<meta property=\"og:image:height\" content=\"500\" \/>\n\t<meta property=\"og:image:type\" content=\"image\/png\" \/>\n<meta name=\"author\" content=\"albaclavero\" \/>\n<meta name=\"twitter:card\" content=\"summary_large_image\" \/>\n<meta name=\"twitter:label1\" content=\"Escrito por\" \/>\n\t<meta name=\"twitter:data1\" content=\"albaclavero\" \/>\n\t<meta name=\"twitter:label2\" content=\"Tiempo de lectura\" \/>\n\t<meta name=\"twitter:data2\" content=\"1 minuto\" \/>\n<script type=\"application\/ld+json\" class=\"yoast-schema-graph\">{\"@context\":\"https:\/\/schema.org\",\"@graph\":[{\"@type\":\"Article\",\"@id\":\"https:\/\/www.merlinproperties.com\/pt\/dia-a-dia\/comemoramos-o-20-o-aniversario-da-torre-glories-com-uma-iluminacao-especial-para-as-festas-de-la-merce\/#article\",\"isPartOf\":{\"@id\":\"https:\/\/www.merlinproperties.com\/pt\/dia-a-dia\/comemoramos-o-20-o-aniversario-da-torre-glories-com-uma-iluminacao-especial-para-as-festas-de-la-merce\/\"},\"author\":{\"name\":\"albaclavero\",\"@id\":\"https:\/\/www.merlinproperties.com\/pt\/#\/schema\/person\/1bcb8cdc1d11df155e03700d933bee6a\"},\"headline\":\"Comemoramos o 20.\u00ba anivers\u00e1rio da Torre Gl\u00f2ries com uma ilumina\u00e7\u00e3o especial para as festas de La Merc\u00e8!\",\"datePublished\":\"2025-09-25T11:28:52+00:00\",\"dateModified\":\"2025-09-25T11:34:36+00:00\",\"mainEntityOfPage\":{\"@id\":\"https:\/\/www.merlinproperties.com\/pt\/dia-a-dia\/comemoramos-o-20-o-aniversario-da-torre-glories-com-uma-iluminacao-especial-para-as-festas-de-la-merce\/\"},\"wordCount\":131,\"publisher\":{\"@id\":\"https:\/\/www.merlinproperties.com\/pt\/#organization\"},\"image\":{\"@id\":\"https:\/\/www.merlinproperties.com\/pt\/dia-a-dia\/comemoramos-o-20-o-aniversario-da-torre-glories-com-uma-iluminacao-especial-para-as-festas-de-la-merce\/#primaryimage\"},\"thumbnailUrl\":\"https:\/\/www.merlinproperties.com\/pt\/wp-content\/uploads\/sites\/3\/2025\/09\/1500x500-5.png\",\"articleSection\":[\"D\u00eda a d\u00eda\",\"Oficinas\"],\"inLanguage\":\"es\"},{\"@type\":\"WebPage\",\"@id\":\"https:\/\/www.merlinproperties.com\/pt\/dia-a-dia\/comemoramos-o-20-o-aniversario-da-torre-glories-com-uma-iluminacao-especial-para-as-festas-de-la-merce\/\",\"url\":\"https:\/\/www.merlinproperties.com\/pt\/dia-a-dia\/comemoramos-o-20-o-aniversario-da-torre-glories-com-uma-iluminacao-especial-para-as-festas-de-la-merce\/\",\"name\":\"Comemoramos o 20.\u00ba anivers\u00e1rio da Torre Gl\u00f2ries com uma ilumina\u00e7\u00e3o especial para as festas de La Merc\u00e8! - Merlin Properties Socimi, S.A. (PT)\",\"isPartOf\":{\"@id\":\"https:\/\/www.merlinproperties.com\/pt\/#website\"},\"primaryImageOfPage\":{\"@id\":\"https:\/\/www.merlinproperties.com\/pt\/dia-a-dia\/comemoramos-o-20-o-aniversario-da-torre-glories-com-uma-iluminacao-especial-para-as-festas-de-la-merce\/#primaryimage\"},\"image\":{\"@id\":\"https:\/\/www.merlinproperties.com\/pt\/dia-a-dia\/comemoramos-o-20-o-aniversario-da-torre-glories-com-uma-iluminacao-especial-para-as-festas-de-la-merce\/#primaryimage\"},\"thumbnailUrl\":\"https:\/\/www.merlinproperties.com\/pt\/wp-content\/uploads\/sites\/3\/2025\/09\/1500x500-5.png\",\"datePublished\":\"2025-09-25T11:28:52+00:00\",\"dateModified\":\"2025-09-25T11:34:36+00:00\",\"inLanguage\":\"es\",\"potentialAction\":[{\"@type\":\"ReadAction\",\"target\":[\"https:\/\/www.merlinproperties.com\/pt\/dia-a-dia\/comemoramos-o-20-o-aniversario-da-torre-glories-com-uma-iluminacao-especial-para-as-festas-de-la-merce\/\"]}]},{\"@type\":\"ImageObject\",\"inLanguage\":\"es\",\"@id\":\"https:\/\/www.merlinproperties.com\/pt\/dia-a-dia\/comemoramos-o-20-o-aniversario-da-torre-glories-com-uma-iluminacao-especial-para-as-festas-de-la-merce\/#primaryimage\",\"url\":\"https:\/\/www.merlinproperties.com\/pt\/wp-content\/uploads\/sites\/3\/2025\/09\/1500x500-5.png\",\"contentUrl\":\"https:\/\/www.merlinproperties.com\/pt\/wp-content\/uploads\/sites\/3\/2025\/09\/1500x500-5.png\",\"width\":1500,\"height\":500},{\"@type\":\"WebSite\",\"@id\":\"https:\/\/www.merlinproperties.com\/pt\/#website\",\"url\":\"https:\/\/www.merlinproperties.com\/pt\/\",\"name\":\"Merlin Properties Socimi, S.A. (PT)\",\"description\":\"Compa\u00f1\u00eda Inmobiliaria, cotizada, l\u00edder en el sector de activos terciarios en la Pen\u00ednsula Ib\u00e9rica.\",\"publisher\":{\"@id\":\"https:\/\/www.merlinproperties.com\/pt\/#organization\"},\"potentialAction\":[{\"@type\":\"SearchAction\",\"target\":{\"@type\":\"EntryPoint\",\"urlTemplate\":\"https:\/\/www.merlinproperties.com\/pt\/?s={search_term_string}\"},\"query-input\":{\"@type\":\"PropertyValueSpecification\",\"valueRequired\":true,\"valueName\":\"search_term_string\"}}],\"inLanguage\":\"es\"},{\"@type\":\"Organization\",\"@id\":\"https:\/\/www.merlinproperties.com\/pt\/#organization\",\"name\":\"Merlin Properties Socimi, S.A. (PT)\",\"url\":\"https:\/\/www.merlinproperties.com\/pt\/\",\"logo\":{\"@type\":\"ImageObject\",\"inLanguage\":\"es\",\"@id\":\"https:\/\/www.merlinproperties.com\/pt\/#\/schema\/logo\/image\/\",\"url\":\"https:\/\/www.merlinproperties.com\/pt\/wp-content\/uploads\/sites\/3\/2023\/03\/Merlin-Logo-Horizontal-Negativo-scaled-3.png\",\"contentUrl\":\"https:\/\/www.merlinproperties.com\/pt\/wp-content\/uploads\/sites\/3\/2023\/03\/Merlin-Logo-Horizontal-Negativo-scaled-3.png\",\"width\":600,\"height\":204,\"caption\":\"Merlin Properties Socimi, S.A. (PT)\"},\"image\":{\"@id\":\"https:\/\/www.merlinproperties.com\/pt\/#\/schema\/logo\/image\/\"}},{\"@type\":\"Person\",\"@id\":\"https:\/\/www.merlinproperties.com\/pt\/#\/schema\/person\/1bcb8cdc1d11df155e03700d933bee6a\",\"name\":\"albaclavero\",\"image\":{\"@type\":\"ImageObject\",\"inLanguage\":\"es\",\"@id\":\"https:\/\/www.merlinproperties.com\/pt\/#\/schema\/person\/image\/\",\"url\":\"https:\/\/secure.gravatar.com\/avatar\/bb2cd22b45218e9e06701ca4b693cdd392bd06fc7d29be2b9339b092c70bced0?s=96&d=mm&r=g\",\"contentUrl\":\"https:\/\/secure.gravatar.com\/avatar\/bb2cd22b45218e9e06701ca4b693cdd392bd06fc7d29be2b9339b092c70bced0?s=96&d=mm&r=g\",\"caption\":\"albaclavero\"},\"url\":\"https:\/\/www.merlinproperties.com\/pt\/author\/albaclavero\/\"}]}<\/script>\n<!-- \/ Yoast SEO plugin. -->","yoast_head_json":{"title":"Comemoramos o 20.\u00ba anivers\u00e1rio da Torre Gl\u00f2ries com uma ilumina\u00e7\u00e3o especial para as festas de La Merc\u00e8! - Merlin Properties Socimi, S.A. (PT)","robots":{"index":"index","follow":"follow","max-snippet":"max-snippet:-1","max-image-preview":"max-image-preview:large","max-video-preview":"max-video-preview:-1"},"canonical":"https:\/\/www.merlinproperties.com\/pt\/dia-a-dia\/comemoramos-o-20-o-aniversario-da-torre-glories-com-uma-iluminacao-especial-para-as-festas-de-la-merce\/","og_locale":"es_ES","og_type":"article","og_title":"Comemoramos o 20.\u00ba anivers\u00e1rio da Torre Gl\u00f2ries com uma ilumina\u00e7\u00e3o especial para as festas de La Merc\u00e8! - Merlin Properties Socimi, S.A. (PT)","og_description":"Comemoramos o 20.\u00ba anivers\u00e1rio da Torre Gl\u00f2ries com uma ilumina\u00e7\u00e3o especial para as festas de La Merc\u00e8! Uma proposta art\u00edstica que percorre os anos de hist\u00f3ria da torre com uma explos\u00e3o de luz e gradientes de cor que evocam o mar Mediterr\u00e2neo, a Pra\u00e7a das Gl\u00f2ries e a pr\u00f3pria cidade de Barcelona, reafirmando o seu [&hellip;]","og_url":"https:\/\/www.merlinproperties.com\/pt\/dia-a-dia\/comemoramos-o-20-o-aniversario-da-torre-glories-com-uma-iluminacao-especial-para-as-festas-de-la-merce\/","og_site_name":"Merlin Properties Socimi, S.A. (PT)","article_published_time":"2025-09-25T11:28:52+00:00","article_modified_time":"2025-09-25T11:34:36+00:00","og_image":[{"width":1500,"height":500,"url":"https:\/\/www.merlinproperties.com\/pt\/wp-content\/uploads\/sites\/3\/2025\/09\/1500x500-5.png","type":"image\/png"}],"author":"albaclavero","twitter_card":"summary_large_image","twitter_misc":{"Escrito por":"albaclavero","Tiempo de lectura":"1 minuto"},"schema":{"@context":"https:\/\/schema.org","@graph":[{"@type":"Article","@id":"https:\/\/www.merlinproperties.com\/pt\/dia-a-dia\/comemoramos-o-20-o-aniversario-da-torre-glories-com-uma-iluminacao-especial-para-as-festas-de-la-merce\/#article","isPartOf":{"@id":"https:\/\/www.merlinproperties.com\/pt\/dia-a-dia\/comemoramos-o-20-o-aniversario-da-torre-glories-com-uma-iluminacao-especial-para-as-festas-de-la-merce\/"},"author":{"name":"albaclavero","@id":"https:\/\/www.merlinproperties.com\/pt\/#\/schema\/person\/1bcb8cdc1d11df155e03700d933bee6a"},"headline":"Comemoramos o 20.\u00ba anivers\u00e1rio da Torre Gl\u00f2ries com uma ilumina\u00e7\u00e3o especial para as festas de La Merc\u00e8!","datePublished":"2025-09-25T11:28:52+00:00","dateModified":"2025-09-25T11:34:36+00:00","mainEntityOfPage":{"@id":"https:\/\/www.merlinproperties.com\/pt\/dia-a-dia\/comemoramos-o-20-o-aniversario-da-torre-glories-com-uma-iluminacao-especial-para-as-festas-de-la-merce\/"},"wordCount":131,"publisher":{"@id":"https:\/\/www.merlinproperties.com\/pt\/#organization"},"image":{"@id":"https:\/\/www.merlinproperties.com\/pt\/dia-a-dia\/comemoramos-o-20-o-aniversario-da-torre-glories-com-uma-iluminacao-especial-para-as-festas-de-la-merce\/#primaryimage"},"thumbnailUrl":"https:\/\/www.merlinproperties.com\/pt\/wp-content\/uploads\/sites\/3\/2025\/09\/1500x500-5.png","articleSection":["D\u00eda a d\u00eda","Oficinas"],"inLanguage":"es"},{"@type":"WebPage","@id":"https:\/\/www.merlinproperties.com\/pt\/dia-a-dia\/comemoramos-o-20-o-aniversario-da-torre-glories-com-uma-iluminacao-especial-para-as-festas-de-la-merce\/","url":"https:\/\/www.merlinproperties.com\/pt\/dia-a-dia\/comemoramos-o-20-o-aniversario-da-torre-glories-com-uma-iluminacao-especial-para-as-festas-de-la-merce\/","name":"Comemoramos o 20.\u00ba anivers\u00e1rio da Torre Gl\u00f2ries com uma ilumina\u00e7\u00e3o especial para as festas de La Merc\u00e8! - Merlin Properties Socimi, S.A. (PT)","isPartOf":{"@id":"https:\/\/www.merlinproperties.com\/pt\/#website"},"primaryImageOfPage":{"@id":"https:\/\/www.merlinproperties.com\/pt\/dia-a-dia\/comemoramos-o-20-o-aniversario-da-torre-glories-com-uma-iluminacao-especial-para-as-festas-de-la-merce\/#primaryimage"},"image":{"@id":"https:\/\/www.merlinproperties.com\/pt\/dia-a-dia\/comemoramos-o-20-o-aniversario-da-torre-glories-com-uma-iluminacao-especial-para-as-festas-de-la-merce\/#primaryimage"},"thumbnailUrl":"https:\/\/www.merlinproperties.com\/pt\/wp-content\/uploads\/sites\/3\/2025\/09\/1500x500-5.png","datePublished":"2025-09-25T11:28:52+00:00","dateModified":"2025-09-25T11:34:36+00:00","inLanguage":"es","potentialAction":[{"@type":"ReadAction","target":["https:\/\/www.merlinproperties.com\/pt\/dia-a-dia\/comemoramos-o-20-o-aniversario-da-torre-glories-com-uma-iluminacao-especial-para-as-festas-de-la-merce\/"]}]},{"@type":"ImageObject","inLanguage":"es","@id":"https:\/\/www.merlinproperties.com\/pt\/dia-a-dia\/comemoramos-o-20-o-aniversario-da-torre-glories-com-uma-iluminacao-especial-para-as-festas-de-la-merce\/#primaryimage","url":"https:\/\/www.merlinproperties.com\/pt\/wp-content\/uploads\/sites\/3\/2025\/09\/1500x500-5.png","contentUrl":"https:\/\/www.merlinproperties.com\/pt\/wp-content\/uploads\/sites\/3\/2025\/09\/1500x500-5.png","width":1500,"height":500},{"@type":"WebSite","@id":"https:\/\/www.merlinproperties.com\/pt\/#website","url":"https:\/\/www.merlinproperties.com\/pt\/","name":"Merlin Properties Socimi, S.A. (PT)","description":"Compa\u00f1\u00eda Inmobiliaria, cotizada, l\u00edder en el sector de activos terciarios en la Pen\u00ednsula Ib\u00e9rica.","publisher":{"@id":"https:\/\/www.merlinproperties.com\/pt\/#organization"},"potentialAction":[{"@type":"SearchAction","target":{"@type":"EntryPoint","urlTemplate":"https:\/\/www.merlinproperties.com\/pt\/?s={search_term_string}"},"query-input":{"@type":"PropertyValueSpecification","valueRequired":true,"valueName":"search_term_string"}}],"inLanguage":"es"},{"@type":"Organization","@id":"https:\/\/www.merlinproperties.com\/pt\/#organization","name":"Merlin Properties Socimi, S.A. (PT)","url":"https:\/\/www.merlinproperties.com\/pt\/","logo":{"@type":"ImageObject","inLanguage":"es","@id":"https:\/\/www.merlinproperties.com\/pt\/#\/schema\/logo\/image\/","url":"https:\/\/www.merlinproperties.com\/pt\/wp-content\/uploads\/sites\/3\/2023\/03\/Merlin-Logo-Horizontal-Negativo-scaled-3.png","contentUrl":"https:\/\/www.merlinproperties.com\/pt\/wp-content\/uploads\/sites\/3\/2023\/03\/Merlin-Logo-Horizontal-Negativo-scaled-3.png","width":600,"height":204,"caption":"Merlin Properties Socimi, S.A. (PT)"},"image":{"@id":"https:\/\/www.merlinproperties.com\/pt\/#\/schema\/logo\/image\/"}},{"@type":"Person","@id":"https:\/\/www.merlinproperties.com\/pt\/#\/schema\/person\/1bcb8cdc1d11df155e03700d933bee6a","name":"albaclavero","image":{"@type":"ImageObject","inLanguage":"es","@id":"https:\/\/www.merlinproperties.com\/pt\/#\/schema\/person\/image\/","url":"https:\/\/secure.gravatar.com\/avatar\/bb2cd22b45218e9e06701ca4b693cdd392bd06fc7d29be2b9339b092c70bced0?s=96&d=mm&r=g","contentUrl":"https:\/\/secure.gravatar.com\/avatar\/bb2cd22b45218e9e06701ca4b693cdd392bd06fc7d29be2b9339b092c70bced0?s=96&d=mm&r=g","caption":"albaclavero"},"url":"https:\/\/www.merlinproperties.com\/pt\/author\/albaclavero\/"}]}},"_links":{"self":[{"href":"https:\/\/www.merlinproperties.com\/pt\/wp-json\/wp\/v2\/posts\/8994","targetHints":{"allow":["GET"]}}],"collection":[{"href":"https:\/\/www.merlinproperties.com\/pt\/wp-json\/wp\/v2\/posts"}],"about":[{"href":"https:\/\/www.merlinproperties.com\/pt\/wp-json\/wp\/v2\/types\/post"}],"author":[{"embeddable":true,"href":"https:\/\/www.merlinproperties.com\/pt\/wp-json\/wp\/v2\/users\/14"}],"replies":[{"embeddable":true,"href":"https:\/\/www.merlinproperties.com\/pt\/wp-json\/wp\/v2\/comments?post=8994"}],"version-history":[{"count":1,"href":"https:\/\/www.merlinproperties.com\/pt\/wp-json\/wp\/v2\/posts\/8994\/revisions"}],"predecessor-version":[{"id":8998,"href":"https:\/\/www.merlinproperties.com\/pt\/wp-json\/wp\/v2\/posts\/8994\/revisions\/8998"}],"wp:featuredmedia":[{"embeddable":true,"href":"https:\/\/www.merlinproperties.com\/pt\/wp-json\/wp\/v2\/media\/8997"}],"wp:attachment":[{"href":"https:\/\/www.merlinproperties.com\/pt\/wp-json\/wp\/v2\/media?parent=8994"}],"wp:term":[{"taxonomy":"category","embeddable":true,"href":"https:\/\/www.merlinproperties.com\/pt\/wp-json\/wp\/v2\/categories?post=8994"}],"curies":[{"name":"wp","href":"https:\/\/api.w.org\/{rel}","templated":true}]}}