{"id":8880,"date":"2025-08-26T11:03:13","date_gmt":"2025-08-26T11:03:13","guid":{"rendered":"https:\/\/www.merlinproperties.com\/pt\/?p=8880"},"modified":"2025-08-26T11:04:25","modified_gmt":"2025-08-26T11:04:25","slug":"o-nosso-centro-almada-forum-em-lisboa-e-uma-referencia-nos-planos-de-verao-da-regiao","status":"publish","type":"post","link":"https:\/\/www.merlinproperties.com\/pt\/dia-a-dia\/o-nosso-centro-almada-forum-em-lisboa-e-uma-referencia-nos-planos-de-verao-da-regiao\/","title":{"rendered":"O nosso centro Almada Forum, em Lisboa, \u00e9 uma refer\u00eancia nos planos de ver\u00e3o da regi\u00e3o."},"content":{"rendered":"<p>O nosso centro Almada Forum, em Lisboa, \u00e9 uma refer\u00eancia nos planos de ver\u00e3o da regi\u00e3o. O Forum Music Sessions \u00e9 a melhor programa\u00e7\u00e3o de concertos ao ar livre de artistas portugueses reconhecidos, como Carolina Deslandes, Carl\u00e3o e Nena, que lotam a pra\u00e7a exterior.<\/p>\n<p>Paralelamente, o Kids in Summerland \u00e9 o espa\u00e7o para crian\u00e7as que oferece oficinas criativas, photowall, jogos tradicionais, piscina de bolas e muito mais.<\/p>\n<p><img loading=\"lazy\" decoding=\"async\" class=\"alignnone size-medium wp-image-8882\" src=\"https:\/\/www.merlinproperties.com\/pt\/wp-content\/uploads\/sites\/3\/2025\/08\/ALMADA-FORUM-CARLAO-2025-\u00a9ARMANDA-CLARO-204-840x560.jpg\" alt=\"\" width=\"840\" height=\"560\" srcset=\"https:\/\/www.merlinproperties.com\/pt\/wp-content\/uploads\/sites\/3\/2025\/08\/ALMADA-FORUM-CARLAO-2025-\u00a9ARMANDA-CLARO-204-840x560.jpg 840w, https:\/\/www.merlinproperties.com\/pt\/wp-content\/uploads\/sites\/3\/2025\/08\/ALMADA-FORUM-CARLAO-2025-\u00a9ARMANDA-CLARO-204-450x300.jpg 450w, https:\/\/www.merlinproperties.com\/pt\/wp-content\/uploads\/sites\/3\/2025\/08\/ALMADA-FORUM-CARLAO-2025-\u00a9ARMANDA-CLARO-204-768x512.jpg 768w, https:\/\/www.merlinproperties.com\/pt\/wp-content\/uploads\/sites\/3\/2025\/08\/ALMADA-FORUM-CARLAO-2025-\u00a9ARMANDA-CLARO-204-1200x800.jpg 1200w\" sizes=\"auto, (max-width: 840px) 100vw, 840px\" \/><\/p>\n<p>&nbsp;<\/p>\n<p><img loading=\"lazy\" decoding=\"async\" class=\"alignnone size-medium wp-image-8883\" src=\"https:\/\/www.merlinproperties.com\/pt\/wp-content\/uploads\/sites\/3\/2025\/08\/ALMADA-FORUM-SUMMERLAND-2025-\u00a9ARMANDA-CLARO-90-840x560.jpg\" alt=\"\" width=\"840\" height=\"560\" srcset=\"https:\/\/www.merlinproperties.com\/pt\/wp-content\/uploads\/sites\/3\/2025\/08\/ALMADA-FORUM-SUMMERLAND-2025-\u00a9ARMANDA-CLARO-90-840x560.jpg 840w, https:\/\/www.merlinproperties.com\/pt\/wp-content\/uploads\/sites\/3\/2025\/08\/ALMADA-FORUM-SUMMERLAND-2025-\u00a9ARMANDA-CLARO-90-450x300.jpg 450w, https:\/\/www.merlinproperties.com\/pt\/wp-content\/uploads\/sites\/3\/2025\/08\/ALMADA-FORUM-SUMMERLAND-2025-\u00a9ARMANDA-CLARO-90-768x512.jpg 768w, https:\/\/www.merlinproperties.com\/pt\/wp-content\/uploads\/sites\/3\/2025\/08\/ALMADA-FORUM-SUMMERLAND-2025-\u00a9ARMANDA-CLARO-90-1200x800.jpg 1200w\" sizes=\"auto, (max-width: 840px) 100vw, 840px\" \/><\/p>\n<p><img loading=\"lazy\" decoding=\"async\" class=\"alignnone size-medium wp-image-8884\" src=\"https:\/\/www.merlinproperties.com\/pt\/wp-content\/uploads\/sites\/3\/2025\/08\/ALMADA-FORUM-SUMMERLAND-2025-\u00a9ARMANDA-CLARO-41-840x560.jpg\" alt=\"\" width=\"840\" height=\"560\" srcset=\"https:\/\/www.merlinproperties.com\/pt\/wp-content\/uploads\/sites\/3\/2025\/08\/ALMADA-FORUM-SUMMERLAND-2025-\u00a9ARMANDA-CLARO-41-840x560.jpg 840w, https:\/\/www.merlinproperties.com\/pt\/wp-content\/uploads\/sites\/3\/2025\/08\/ALMADA-FORUM-SUMMERLAND-2025-\u00a9ARMANDA-CLARO-41-450x300.jpg 450w, https:\/\/www.merlinproperties.com\/pt\/wp-content\/uploads\/sites\/3\/2025\/08\/ALMADA-FORUM-SUMMERLAND-2025-\u00a9ARMANDA-CLARO-41-768x512.jpg 768w, https:\/\/www.merlinproperties.com\/pt\/wp-content\/uploads\/sites\/3\/2025\/08\/ALMADA-FORUM-SUMMERLAND-2025-\u00a9ARMANDA-CLARO-41-1200x800.jpg 1200w\" sizes=\"auto, (max-width: 840px) 100vw, 840px\" \/><\/p>\n","protected":false},"excerpt":{"rendered":"<p>O nosso centro Almada Forum, em Lisboa, \u00e9 uma refer\u00eancia nos planos de ver\u00e3o da regi\u00e3o. O Forum Music Sessions \u00e9 a melhor programa\u00e7\u00e3o de concertos ao ar livre de artistas portugueses reconhecidos, como Carolina Deslandes, Carl\u00e3o e Nena, que lotam a pra\u00e7a exterior. Paralelamente, o Kids in Summerland \u00e9 o espa\u00e7o para crian\u00e7as que [&hellip;]<\/p>\n","protected":false},"author":14,"featured_media":8886,"comment_status":"closed","ping_status":"open","sticky":false,"template":"","format":"standard","meta":{"footnotes":""},"categories":[45,41],"class_list":["post-8880","post","type-post","status-publish","format-standard","has-post-thumbnail","hentry","category-dia-centros-comerciales","category-dia-a-dia"],"acf":[],"yoast_head":"<!-- This site is optimized with the Yoast SEO plugin v26.5 - https:\/\/yoast.com\/wordpress\/plugins\/seo\/ -->\n<title>O nosso centro Almada Forum, em Lisboa, \u00e9 uma refer\u00eancia nos planos de ver\u00e3o da regi\u00e3o. - Merlin Properties Socimi, S.A. (PT)<\/title>\n<meta name=\"robots\" content=\"index, follow, max-snippet:-1, max-image-preview:large, max-video-preview:-1\" \/>\n<link rel=\"canonical\" href=\"https:\/\/www.merlinproperties.com\/pt\/dia-a-dia\/o-nosso-centro-almada-forum-em-lisboa-e-uma-referencia-nos-planos-de-verao-da-regiao\/\" \/>\n<meta property=\"og:locale\" content=\"es_ES\" \/>\n<meta property=\"og:type\" content=\"article\" \/>\n<meta property=\"og:title\" content=\"O nosso centro Almada Forum, em Lisboa, \u00e9 uma refer\u00eancia nos planos de ver\u00e3o da regi\u00e3o. - Merlin Properties Socimi, S.A. (PT)\" \/>\n<meta property=\"og:description\" content=\"O nosso centro Almada Forum, em Lisboa, \u00e9 uma refer\u00eancia nos planos de ver\u00e3o da regi\u00e3o. O Forum Music Sessions \u00e9 a melhor programa\u00e7\u00e3o de concertos ao ar livre de artistas portugueses reconhecidos, como Carolina Deslandes, Carl\u00e3o e Nena, que lotam a pra\u00e7a exterior. Paralelamente, o Kids in Summerland \u00e9 o espa\u00e7o para crian\u00e7as que [&hellip;]\" \/>\n<meta property=\"og:url\" content=\"https:\/\/www.merlinproperties.com\/pt\/dia-a-dia\/o-nosso-centro-almada-forum-em-lisboa-e-uma-referencia-nos-planos-de-verao-da-regiao\/\" \/>\n<meta property=\"og:site_name\" content=\"Merlin Properties Socimi, S.A. (PT)\" \/>\n<meta property=\"article:published_time\" content=\"2025-08-26T11:03:13+00:00\" \/>\n<meta property=\"article:modified_time\" content=\"2025-08-26T11:04:25+00:00\" \/>\n<meta property=\"og:image\" content=\"https:\/\/www.merlinproperties.com\/pt\/wp-content\/uploads\/sites\/3\/2025\/08\/Proyecto-nuevo-2.jpg\" \/>\n\t<meta property=\"og:image:width\" content=\"1500\" \/>\n\t<meta property=\"og:image:height\" content=\"500\" \/>\n\t<meta property=\"og:image:type\" content=\"image\/jpeg\" \/>\n<meta name=\"author\" content=\"albaclavero\" \/>\n<meta name=\"twitter:card\" content=\"summary_large_image\" \/>\n<meta name=\"twitter:label1\" content=\"Escrito por\" \/>\n\t<meta name=\"twitter:data1\" content=\"albaclavero\" \/>\n\t<meta name=\"twitter:label2\" content=\"Tiempo de lectura\" \/>\n\t<meta name=\"twitter:data2\" content=\"2 minutos\" \/>\n<script type=\"application\/ld+json\" class=\"yoast-schema-graph\">{\"@context\":\"https:\/\/schema.org\",\"@graph\":[{\"@type\":\"Article\",\"@id\":\"https:\/\/www.merlinproperties.com\/pt\/dia-a-dia\/o-nosso-centro-almada-forum-em-lisboa-e-uma-referencia-nos-planos-de-verao-da-regiao\/#article\",\"isPartOf\":{\"@id\":\"https:\/\/www.merlinproperties.com\/pt\/dia-a-dia\/o-nosso-centro-almada-forum-em-lisboa-e-uma-referencia-nos-planos-de-verao-da-regiao\/\"},\"author\":{\"name\":\"albaclavero\",\"@id\":\"https:\/\/www.merlinproperties.com\/pt\/#\/schema\/person\/1bcb8cdc1d11df155e03700d933bee6a\"},\"headline\":\"O nosso centro Almada Forum, em Lisboa, \u00e9 uma refer\u00eancia nos planos de ver\u00e3o da regi\u00e3o.\",\"datePublished\":\"2025-08-26T11:03:13+00:00\",\"dateModified\":\"2025-08-26T11:04:25+00:00\",\"mainEntityOfPage\":{\"@id\":\"https:\/\/www.merlinproperties.com\/pt\/dia-a-dia\/o-nosso-centro-almada-forum-em-lisboa-e-uma-referencia-nos-planos-de-verao-da-regiao\/\"},\"wordCount\":91,\"publisher\":{\"@id\":\"https:\/\/www.merlinproperties.com\/pt\/#organization\"},\"image\":{\"@id\":\"https:\/\/www.merlinproperties.com\/pt\/dia-a-dia\/o-nosso-centro-almada-forum-em-lisboa-e-uma-referencia-nos-planos-de-verao-da-regiao\/#primaryimage\"},\"thumbnailUrl\":\"https:\/\/www.merlinproperties.com\/pt\/wp-content\/uploads\/sites\/3\/2025\/08\/Proyecto-nuevo-2.jpg\",\"articleSection\":[\"Centros Comerciales\",\"D\u00eda a d\u00eda\"],\"inLanguage\":\"es\"},{\"@type\":\"WebPage\",\"@id\":\"https:\/\/www.merlinproperties.com\/pt\/dia-a-dia\/o-nosso-centro-almada-forum-em-lisboa-e-uma-referencia-nos-planos-de-verao-da-regiao\/\",\"url\":\"https:\/\/www.merlinproperties.com\/pt\/dia-a-dia\/o-nosso-centro-almada-forum-em-lisboa-e-uma-referencia-nos-planos-de-verao-da-regiao\/\",\"name\":\"O nosso centro Almada Forum, em Lisboa, \u00e9 uma refer\u00eancia nos planos de ver\u00e3o da regi\u00e3o. - Merlin Properties Socimi, S.A. (PT)\",\"isPartOf\":{\"@id\":\"https:\/\/www.merlinproperties.com\/pt\/#website\"},\"primaryImageOfPage\":{\"@id\":\"https:\/\/www.merlinproperties.com\/pt\/dia-a-dia\/o-nosso-centro-almada-forum-em-lisboa-e-uma-referencia-nos-planos-de-verao-da-regiao\/#primaryimage\"},\"image\":{\"@id\":\"https:\/\/www.merlinproperties.com\/pt\/dia-a-dia\/o-nosso-centro-almada-forum-em-lisboa-e-uma-referencia-nos-planos-de-verao-da-regiao\/#primaryimage\"},\"thumbnailUrl\":\"https:\/\/www.merlinproperties.com\/pt\/wp-content\/uploads\/sites\/3\/2025\/08\/Proyecto-nuevo-2.jpg\",\"datePublished\":\"2025-08-26T11:03:13+00:00\",\"dateModified\":\"2025-08-26T11:04:25+00:00\",\"inLanguage\":\"es\",\"potentialAction\":[{\"@type\":\"ReadAction\",\"target\":[\"https:\/\/www.merlinproperties.com\/pt\/dia-a-dia\/o-nosso-centro-almada-forum-em-lisboa-e-uma-referencia-nos-planos-de-verao-da-regiao\/\"]}]},{\"@type\":\"ImageObject\",\"inLanguage\":\"es\",\"@id\":\"https:\/\/www.merlinproperties.com\/pt\/dia-a-dia\/o-nosso-centro-almada-forum-em-lisboa-e-uma-referencia-nos-planos-de-verao-da-regiao\/#primaryimage\",\"url\":\"https:\/\/www.merlinproperties.com\/pt\/wp-content\/uploads\/sites\/3\/2025\/08\/Proyecto-nuevo-2.jpg\",\"contentUrl\":\"https:\/\/www.merlinproperties.com\/pt\/wp-content\/uploads\/sites\/3\/2025\/08\/Proyecto-nuevo-2.jpg\",\"width\":1500,\"height\":500},{\"@type\":\"WebSite\",\"@id\":\"https:\/\/www.merlinproperties.com\/pt\/#website\",\"url\":\"https:\/\/www.merlinproperties.com\/pt\/\",\"name\":\"Merlin Properties Socimi, S.A. (PT)\",\"description\":\"Compa\u00f1\u00eda Inmobiliaria, cotizada, l\u00edder en el sector de activos terciarios en la Pen\u00ednsula Ib\u00e9rica.\",\"publisher\":{\"@id\":\"https:\/\/www.merlinproperties.com\/pt\/#organization\"},\"potentialAction\":[{\"@type\":\"SearchAction\",\"target\":{\"@type\":\"EntryPoint\",\"urlTemplate\":\"https:\/\/www.merlinproperties.com\/pt\/?s={search_term_string}\"},\"query-input\":{\"@type\":\"PropertyValueSpecification\",\"valueRequired\":true,\"valueName\":\"search_term_string\"}}],\"inLanguage\":\"es\"},{\"@type\":\"Organization\",\"@id\":\"https:\/\/www.merlinproperties.com\/pt\/#organization\",\"name\":\"Merlin Properties Socimi, S.A. (PT)\",\"url\":\"https:\/\/www.merlinproperties.com\/pt\/\",\"logo\":{\"@type\":\"ImageObject\",\"inLanguage\":\"es\",\"@id\":\"https:\/\/www.merlinproperties.com\/pt\/#\/schema\/logo\/image\/\",\"url\":\"https:\/\/www.merlinproperties.com\/pt\/wp-content\/uploads\/sites\/3\/2023\/03\/Merlin-Logo-Horizontal-Negativo-scaled-3.png\",\"contentUrl\":\"https:\/\/www.merlinproperties.com\/pt\/wp-content\/uploads\/sites\/3\/2023\/03\/Merlin-Logo-Horizontal-Negativo-scaled-3.png\",\"width\":600,\"height\":204,\"caption\":\"Merlin Properties Socimi, S.A. (PT)\"},\"image\":{\"@id\":\"https:\/\/www.merlinproperties.com\/pt\/#\/schema\/logo\/image\/\"}},{\"@type\":\"Person\",\"@id\":\"https:\/\/www.merlinproperties.com\/pt\/#\/schema\/person\/1bcb8cdc1d11df155e03700d933bee6a\",\"name\":\"albaclavero\",\"image\":{\"@type\":\"ImageObject\",\"inLanguage\":\"es\",\"@id\":\"https:\/\/www.merlinproperties.com\/pt\/#\/schema\/person\/image\/\",\"url\":\"https:\/\/secure.gravatar.com\/avatar\/bb2cd22b45218e9e06701ca4b693cdd392bd06fc7d29be2b9339b092c70bced0?s=96&d=mm&r=g\",\"contentUrl\":\"https:\/\/secure.gravatar.com\/avatar\/bb2cd22b45218e9e06701ca4b693cdd392bd06fc7d29be2b9339b092c70bced0?s=96&d=mm&r=g\",\"caption\":\"albaclavero\"},\"url\":\"https:\/\/www.merlinproperties.com\/pt\/author\/albaclavero\/\"}]}<\/script>\n<!-- \/ Yoast SEO plugin. -->","yoast_head_json":{"title":"O nosso centro Almada Forum, em Lisboa, \u00e9 uma refer\u00eancia nos planos de ver\u00e3o da regi\u00e3o. - Merlin Properties Socimi, S.A. (PT)","robots":{"index":"index","follow":"follow","max-snippet":"max-snippet:-1","max-image-preview":"max-image-preview:large","max-video-preview":"max-video-preview:-1"},"canonical":"https:\/\/www.merlinproperties.com\/pt\/dia-a-dia\/o-nosso-centro-almada-forum-em-lisboa-e-uma-referencia-nos-planos-de-verao-da-regiao\/","og_locale":"es_ES","og_type":"article","og_title":"O nosso centro Almada Forum, em Lisboa, \u00e9 uma refer\u00eancia nos planos de ver\u00e3o da regi\u00e3o. - Merlin Properties Socimi, S.A. (PT)","og_description":"O nosso centro Almada Forum, em Lisboa, \u00e9 uma refer\u00eancia nos planos de ver\u00e3o da regi\u00e3o. O Forum Music Sessions \u00e9 a melhor programa\u00e7\u00e3o de concertos ao ar livre de artistas portugueses reconhecidos, como Carolina Deslandes, Carl\u00e3o e Nena, que lotam a pra\u00e7a exterior. Paralelamente, o Kids in Summerland \u00e9 o espa\u00e7o para crian\u00e7as que [&hellip;]","og_url":"https:\/\/www.merlinproperties.com\/pt\/dia-a-dia\/o-nosso-centro-almada-forum-em-lisboa-e-uma-referencia-nos-planos-de-verao-da-regiao\/","og_site_name":"Merlin Properties Socimi, S.A. (PT)","article_published_time":"2025-08-26T11:03:13+00:00","article_modified_time":"2025-08-26T11:04:25+00:00","og_image":[{"width":1500,"height":500,"url":"https:\/\/www.merlinproperties.com\/pt\/wp-content\/uploads\/sites\/3\/2025\/08\/Proyecto-nuevo-2.jpg","type":"image\/jpeg"}],"author":"albaclavero","twitter_card":"summary_large_image","twitter_misc":{"Escrito por":"albaclavero","Tiempo de lectura":"2 minutos"},"schema":{"@context":"https:\/\/schema.org","@graph":[{"@type":"Article","@id":"https:\/\/www.merlinproperties.com\/pt\/dia-a-dia\/o-nosso-centro-almada-forum-em-lisboa-e-uma-referencia-nos-planos-de-verao-da-regiao\/#article","isPartOf":{"@id":"https:\/\/www.merlinproperties.com\/pt\/dia-a-dia\/o-nosso-centro-almada-forum-em-lisboa-e-uma-referencia-nos-planos-de-verao-da-regiao\/"},"author":{"name":"albaclavero","@id":"https:\/\/www.merlinproperties.com\/pt\/#\/schema\/person\/1bcb8cdc1d11df155e03700d933bee6a"},"headline":"O nosso centro Almada Forum, em Lisboa, \u00e9 uma refer\u00eancia nos planos de ver\u00e3o da regi\u00e3o.","datePublished":"2025-08-26T11:03:13+00:00","dateModified":"2025-08-26T11:04:25+00:00","mainEntityOfPage":{"@id":"https:\/\/www.merlinproperties.com\/pt\/dia-a-dia\/o-nosso-centro-almada-forum-em-lisboa-e-uma-referencia-nos-planos-de-verao-da-regiao\/"},"wordCount":91,"publisher":{"@id":"https:\/\/www.merlinproperties.com\/pt\/#organization"},"image":{"@id":"https:\/\/www.merlinproperties.com\/pt\/dia-a-dia\/o-nosso-centro-almada-forum-em-lisboa-e-uma-referencia-nos-planos-de-verao-da-regiao\/#primaryimage"},"thumbnailUrl":"https:\/\/www.merlinproperties.com\/pt\/wp-content\/uploads\/sites\/3\/2025\/08\/Proyecto-nuevo-2.jpg","articleSection":["Centros Comerciales","D\u00eda a d\u00eda"],"inLanguage":"es"},{"@type":"WebPage","@id":"https:\/\/www.merlinproperties.com\/pt\/dia-a-dia\/o-nosso-centro-almada-forum-em-lisboa-e-uma-referencia-nos-planos-de-verao-da-regiao\/","url":"https:\/\/www.merlinproperties.com\/pt\/dia-a-dia\/o-nosso-centro-almada-forum-em-lisboa-e-uma-referencia-nos-planos-de-verao-da-regiao\/","name":"O nosso centro Almada Forum, em Lisboa, \u00e9 uma refer\u00eancia nos planos de ver\u00e3o da regi\u00e3o. - Merlin Properties Socimi, S.A. (PT)","isPartOf":{"@id":"https:\/\/www.merlinproperties.com\/pt\/#website"},"primaryImageOfPage":{"@id":"https:\/\/www.merlinproperties.com\/pt\/dia-a-dia\/o-nosso-centro-almada-forum-em-lisboa-e-uma-referencia-nos-planos-de-verao-da-regiao\/#primaryimage"},"image":{"@id":"https:\/\/www.merlinproperties.com\/pt\/dia-a-dia\/o-nosso-centro-almada-forum-em-lisboa-e-uma-referencia-nos-planos-de-verao-da-regiao\/#primaryimage"},"thumbnailUrl":"https:\/\/www.merlinproperties.com\/pt\/wp-content\/uploads\/sites\/3\/2025\/08\/Proyecto-nuevo-2.jpg","datePublished":"2025-08-26T11:03:13+00:00","dateModified":"2025-08-26T11:04:25+00:00","inLanguage":"es","potentialAction":[{"@type":"ReadAction","target":["https:\/\/www.merlinproperties.com\/pt\/dia-a-dia\/o-nosso-centro-almada-forum-em-lisboa-e-uma-referencia-nos-planos-de-verao-da-regiao\/"]}]},{"@type":"ImageObject","inLanguage":"es","@id":"https:\/\/www.merlinproperties.com\/pt\/dia-a-dia\/o-nosso-centro-almada-forum-em-lisboa-e-uma-referencia-nos-planos-de-verao-da-regiao\/#primaryimage","url":"https:\/\/www.merlinproperties.com\/pt\/wp-content\/uploads\/sites\/3\/2025\/08\/Proyecto-nuevo-2.jpg","contentUrl":"https:\/\/www.merlinproperties.com\/pt\/wp-content\/uploads\/sites\/3\/2025\/08\/Proyecto-nuevo-2.jpg","width":1500,"height":500},{"@type":"WebSite","@id":"https:\/\/www.merlinproperties.com\/pt\/#website","url":"https:\/\/www.merlinproperties.com\/pt\/","name":"Merlin Properties Socimi, S.A. (PT)","description":"Compa\u00f1\u00eda Inmobiliaria, cotizada, l\u00edder en el sector de activos terciarios en la Pen\u00ednsula Ib\u00e9rica.","publisher":{"@id":"https:\/\/www.merlinproperties.com\/pt\/#organization"},"potentialAction":[{"@type":"SearchAction","target":{"@type":"EntryPoint","urlTemplate":"https:\/\/www.merlinproperties.com\/pt\/?s={search_term_string}"},"query-input":{"@type":"PropertyValueSpecification","valueRequired":true,"valueName":"search_term_string"}}],"inLanguage":"es"},{"@type":"Organization","@id":"https:\/\/www.merlinproperties.com\/pt\/#organization","name":"Merlin Properties Socimi, S.A. (PT)","url":"https:\/\/www.merlinproperties.com\/pt\/","logo":{"@type":"ImageObject","inLanguage":"es","@id":"https:\/\/www.merlinproperties.com\/pt\/#\/schema\/logo\/image\/","url":"https:\/\/www.merlinproperties.com\/pt\/wp-content\/uploads\/sites\/3\/2023\/03\/Merlin-Logo-Horizontal-Negativo-scaled-3.png","contentUrl":"https:\/\/www.merlinproperties.com\/pt\/wp-content\/uploads\/sites\/3\/2023\/03\/Merlin-Logo-Horizontal-Negativo-scaled-3.png","width":600,"height":204,"caption":"Merlin Properties Socimi, S.A. (PT)"},"image":{"@id":"https:\/\/www.merlinproperties.com\/pt\/#\/schema\/logo\/image\/"}},{"@type":"Person","@id":"https:\/\/www.merlinproperties.com\/pt\/#\/schema\/person\/1bcb8cdc1d11df155e03700d933bee6a","name":"albaclavero","image":{"@type":"ImageObject","inLanguage":"es","@id":"https:\/\/www.merlinproperties.com\/pt\/#\/schema\/person\/image\/","url":"https:\/\/secure.gravatar.com\/avatar\/bb2cd22b45218e9e06701ca4b693cdd392bd06fc7d29be2b9339b092c70bced0?s=96&d=mm&r=g","contentUrl":"https:\/\/secure.gravatar.com\/avatar\/bb2cd22b45218e9e06701ca4b693cdd392bd06fc7d29be2b9339b092c70bced0?s=96&d=mm&r=g","caption":"albaclavero"},"url":"https:\/\/www.merlinproperties.com\/pt\/author\/albaclavero\/"}]}},"_links":{"self":[{"href":"https:\/\/www.merlinproperties.com\/pt\/wp-json\/wp\/v2\/posts\/8880","targetHints":{"allow":["GET"]}}],"collection":[{"href":"https:\/\/www.merlinproperties.com\/pt\/wp-json\/wp\/v2\/posts"}],"about":[{"href":"https:\/\/www.merlinproperties.com\/pt\/wp-json\/wp\/v2\/types\/post"}],"author":[{"embeddable":true,"href":"https:\/\/www.merlinproperties.com\/pt\/wp-json\/wp\/v2\/users\/14"}],"replies":[{"embeddable":true,"href":"https:\/\/www.merlinproperties.com\/pt\/wp-json\/wp\/v2\/comments?post=8880"}],"version-history":[{"count":3,"href":"https:\/\/www.merlinproperties.com\/pt\/wp-json\/wp\/v2\/posts\/8880\/revisions"}],"predecessor-version":[{"id":8900,"href":"https:\/\/www.merlinproperties.com\/pt\/wp-json\/wp\/v2\/posts\/8880\/revisions\/8900"}],"wp:featuredmedia":[{"embeddable":true,"href":"https:\/\/www.merlinproperties.com\/pt\/wp-json\/wp\/v2\/media\/8886"}],"wp:attachment":[{"href":"https:\/\/www.merlinproperties.com\/pt\/wp-json\/wp\/v2\/media?parent=8880"}],"wp:term":[{"taxonomy":"category","embeddable":true,"href":"https:\/\/www.merlinproperties.com\/pt\/wp-json\/wp\/v2\/categories?post=8880"}],"curies":[{"name":"wp","href":"https:\/\/api.w.org\/{rel}","templated":true}]}}