{"id":8812,"date":"2025-07-22T07:41:13","date_gmt":"2025-07-22T07:41:13","guid":{"rendered":"https:\/\/www.merlinproperties.com\/pt\/?p=8812"},"modified":"2025-07-22T16:49:03","modified_gmt":"2025-07-22T16:49:03","slug":"a-worten-e-a-merlin-estao-a-preparar-se-para-construir-a-maior-plataforma-logistica-de-portugal","status":"publish","type":"post","link":"https:\/\/www.merlinproperties.com\/pt\/dia-a-dia\/a-worten-e-a-merlin-estao-a-preparar-se-para-construir-a-maior-plataforma-logistica-de-portugal\/","title":{"rendered":"A Worten e a MERLIN est\u00e3o a preparar-se para construir a maior plataforma log\u00edstica de Portugal."},"content":{"rendered":"<p>A Worten e a MERLIN preparam-se para construir a maior plataforma log\u00edstica de Portugal.<\/p>\n<p>Esta inovadora plataforma de 122.500 m\u00b2 \u00e9 o resultado de uma colabora\u00e7\u00e3o entre a <strong>Worten Portugal<\/strong> e a MERLIN e estar\u00e1 estrategicamente localizada no Parque Log\u00edstico Norte de Lisboa, no concelho de Vila Franca de Xira.<br \/>\nO projeto estar\u00e1 conclu\u00eddo em 2028 e contar\u00e1 com armaz\u00e9ns de \u00faltima gera\u00e7\u00e3o, constru\u00eddos com os mais elevados padr\u00f5es de efici\u00eancia energ\u00e9tica e tecnol\u00f3gica. Ir\u00e1 tamb\u00e9m impulsionar o desenvolvimento econ\u00f3mico da regi\u00e3o atrav\u00e9s da cria\u00e7\u00e3o de emprego qualificado e do investimento direto na regi\u00e3o.<\/p>\n<p>A cerim\u00f3nia de lan\u00e7amento da primeira pedra contou com a presen\u00e7a do presidente da C\u00e2mara Municipal de Vila Franca de Xira, <strong>Fernando Paulo Ferreira<\/strong>, juntamente com <strong>M\u00e1rio Pereira<\/strong>, COO da Worten, e Ismael Clemente, CEO da MERLIN Properties.<\/p>\n<p><img decoding=\"async\" src=\"https:\/\/media.licdn.com\/dms\/image\/v2\/D4E22AQE-1XSDvS1BPQ\/feedshare-shrink_800\/B4EZgsxGu4HEAg-\/0\/1753097728511?e=1756339200&amp;v=beta&amp;t=x4V2-8qeMyrrbCbPYPXcQsRzJrsYhWcsKKv8q6FaHeo\" alt=\"No hay descripci\u00f3n alternativa para esta imagen\" \/><\/p>\n<p><img decoding=\"async\" src=\"https:\/\/media.licdn.com\/dms\/image\/v2\/D4E22AQHFN4e8UpbiDg\/feedshare-shrink_800\/B4EZgsxGu9GYAg-\/0\/1753097728810?e=1756339200&amp;v=beta&amp;t=DbGT6dSysZNda4ugQpxOOoZgF-9hW1JiyfqGu42M0bQ\" alt=\"No hay descripci\u00f3n alternativa para esta imagen\" \/><\/p>\n<p><img decoding=\"async\" src=\"https:\/\/media.licdn.com\/dms\/image\/v2\/D4E22AQHIgFsnyyhYVQ\/feedshare-shrink_800\/B4EZgsxGu3GYAk-\/0\/1753097728546?e=1756339200&amp;v=beta&amp;t=XuHqdwbnXWKrxYhrWPsZjBc4S4vtAX_1FXcPPz8VQag\" alt=\"No hay descripci\u00f3n alternativa para esta imagen\" \/><\/p>\n<p>&nbsp;<\/p>\n","protected":false},"excerpt":{"rendered":"<p>A Worten e a MERLIN preparam-se para construir a maior plataforma log\u00edstica de Portugal. Esta inovadora plataforma de 122.500 m\u00b2 \u00e9 o resultado de uma colabora\u00e7\u00e3o entre a Worten Portugal e a MERLIN e estar\u00e1 estrategicamente localizada no Parque Log\u00edstico Norte de Lisboa, no concelho de Vila Franca de Xira. O projeto estar\u00e1 conclu\u00eddo em [&hellip;]<\/p>\n","protected":false},"author":14,"featured_media":8809,"comment_status":"closed","ping_status":"open","sticky":false,"template":"","format":"standard","meta":{"footnotes":""},"categories":[41,44],"class_list":["post-8812","post","type-post","status-publish","format-standard","has-post-thumbnail","hentry","category-dia-a-dia","category-dia-logistica"],"acf":[],"yoast_head":"<!-- This site is optimized with the Yoast SEO plugin v26.5 - https:\/\/yoast.com\/wordpress\/plugins\/seo\/ -->\n<title>A Worten e a MERLIN est\u00e3o a preparar-se para construir a maior plataforma log\u00edstica de Portugal. - Merlin Properties Socimi, S.A. (PT)<\/title>\n<meta name=\"robots\" content=\"index, follow, max-snippet:-1, max-image-preview:large, max-video-preview:-1\" \/>\n<link rel=\"canonical\" href=\"https:\/\/www.merlinproperties.com\/pt\/dia-a-dia\/a-worten-e-a-merlin-estao-a-preparar-se-para-construir-a-maior-plataforma-logistica-de-portugal\/\" \/>\n<meta property=\"og:locale\" content=\"es_ES\" \/>\n<meta property=\"og:type\" content=\"article\" \/>\n<meta property=\"og:title\" content=\"A Worten e a MERLIN est\u00e3o a preparar-se para construir a maior plataforma log\u00edstica de Portugal. - Merlin Properties Socimi, S.A. (PT)\" \/>\n<meta property=\"og:description\" content=\"A Worten e a MERLIN preparam-se para construir a maior plataforma log\u00edstica de Portugal. Esta inovadora plataforma de 122.500 m\u00b2 \u00e9 o resultado de uma colabora\u00e7\u00e3o entre a Worten Portugal e a MERLIN e estar\u00e1 estrategicamente localizada no Parque Log\u00edstico Norte de Lisboa, no concelho de Vila Franca de Xira. O projeto estar\u00e1 conclu\u00eddo em [&hellip;]\" \/>\n<meta property=\"og:url\" content=\"https:\/\/www.merlinproperties.com\/pt\/dia-a-dia\/a-worten-e-a-merlin-estao-a-preparar-se-para-construir-a-maior-plataforma-logistica-de-portugal\/\" \/>\n<meta property=\"og:site_name\" content=\"Merlin Properties Socimi, S.A. (PT)\" \/>\n<meta property=\"article:published_time\" content=\"2025-07-22T07:41:13+00:00\" \/>\n<meta property=\"article:modified_time\" content=\"2025-07-22T16:49:03+00:00\" \/>\n<meta property=\"og:image\" content=\"https:\/\/www.merlinproperties.com\/pt\/wp-content\/uploads\/sites\/3\/2025\/07\/Proyecto-nuevo-6.png\" \/>\n\t<meta property=\"og:image:width\" content=\"1500\" \/>\n\t<meta property=\"og:image:height\" content=\"500\" \/>\n\t<meta property=\"og:image:type\" content=\"image\/png\" \/>\n<meta name=\"author\" content=\"albaclavero\" \/>\n<meta name=\"twitter:card\" content=\"summary_large_image\" \/>\n<meta name=\"twitter:label1\" content=\"Escrito por\" \/>\n\t<meta name=\"twitter:data1\" content=\"albaclavero\" \/>\n\t<meta name=\"twitter:label2\" content=\"Tiempo de lectura\" \/>\n\t<meta name=\"twitter:data2\" content=\"2 minutos\" \/>\n<script type=\"application\/ld+json\" class=\"yoast-schema-graph\">{\"@context\":\"https:\/\/schema.org\",\"@graph\":[{\"@type\":\"Article\",\"@id\":\"https:\/\/www.merlinproperties.com\/pt\/dia-a-dia\/a-worten-e-a-merlin-estao-a-preparar-se-para-construir-a-maior-plataforma-logistica-de-portugal\/#article\",\"isPartOf\":{\"@id\":\"https:\/\/www.merlinproperties.com\/pt\/dia-a-dia\/a-worten-e-a-merlin-estao-a-preparar-se-para-construir-a-maior-plataforma-logistica-de-portugal\/\"},\"author\":{\"name\":\"albaclavero\",\"@id\":\"https:\/\/www.merlinproperties.com\/pt\/#\/schema\/person\/1bcb8cdc1d11df155e03700d933bee6a\"},\"headline\":\"A Worten e a MERLIN est\u00e3o a preparar-se para construir a maior plataforma log\u00edstica de Portugal.\",\"datePublished\":\"2025-07-22T07:41:13+00:00\",\"dateModified\":\"2025-07-22T16:49:03+00:00\",\"mainEntityOfPage\":{\"@id\":\"https:\/\/www.merlinproperties.com\/pt\/dia-a-dia\/a-worten-e-a-merlin-estao-a-preparar-se-para-construir-a-maior-plataforma-logistica-de-portugal\/\"},\"wordCount\":170,\"publisher\":{\"@id\":\"https:\/\/www.merlinproperties.com\/pt\/#organization\"},\"image\":{\"@id\":\"https:\/\/www.merlinproperties.com\/pt\/dia-a-dia\/a-worten-e-a-merlin-estao-a-preparar-se-para-construir-a-maior-plataforma-logistica-de-portugal\/#primaryimage\"},\"thumbnailUrl\":\"https:\/\/www.merlinproperties.com\/pt\/wp-content\/uploads\/sites\/3\/2025\/07\/Proyecto-nuevo-6.png\",\"articleSection\":[\"D\u00eda a d\u00eda\",\"Log\u00edstica\"],\"inLanguage\":\"es\"},{\"@type\":\"WebPage\",\"@id\":\"https:\/\/www.merlinproperties.com\/pt\/dia-a-dia\/a-worten-e-a-merlin-estao-a-preparar-se-para-construir-a-maior-plataforma-logistica-de-portugal\/\",\"url\":\"https:\/\/www.merlinproperties.com\/pt\/dia-a-dia\/a-worten-e-a-merlin-estao-a-preparar-se-para-construir-a-maior-plataforma-logistica-de-portugal\/\",\"name\":\"A Worten e a MERLIN est\u00e3o a preparar-se para construir a maior plataforma log\u00edstica de Portugal. - Merlin Properties Socimi, S.A. (PT)\",\"isPartOf\":{\"@id\":\"https:\/\/www.merlinproperties.com\/pt\/#website\"},\"primaryImageOfPage\":{\"@id\":\"https:\/\/www.merlinproperties.com\/pt\/dia-a-dia\/a-worten-e-a-merlin-estao-a-preparar-se-para-construir-a-maior-plataforma-logistica-de-portugal\/#primaryimage\"},\"image\":{\"@id\":\"https:\/\/www.merlinproperties.com\/pt\/dia-a-dia\/a-worten-e-a-merlin-estao-a-preparar-se-para-construir-a-maior-plataforma-logistica-de-portugal\/#primaryimage\"},\"thumbnailUrl\":\"https:\/\/www.merlinproperties.com\/pt\/wp-content\/uploads\/sites\/3\/2025\/07\/Proyecto-nuevo-6.png\",\"datePublished\":\"2025-07-22T07:41:13+00:00\",\"dateModified\":\"2025-07-22T16:49:03+00:00\",\"inLanguage\":\"es\",\"potentialAction\":[{\"@type\":\"ReadAction\",\"target\":[\"https:\/\/www.merlinproperties.com\/pt\/dia-a-dia\/a-worten-e-a-merlin-estao-a-preparar-se-para-construir-a-maior-plataforma-logistica-de-portugal\/\"]}]},{\"@type\":\"ImageObject\",\"inLanguage\":\"es\",\"@id\":\"https:\/\/www.merlinproperties.com\/pt\/dia-a-dia\/a-worten-e-a-merlin-estao-a-preparar-se-para-construir-a-maior-plataforma-logistica-de-portugal\/#primaryimage\",\"url\":\"https:\/\/www.merlinproperties.com\/pt\/wp-content\/uploads\/sites\/3\/2025\/07\/Proyecto-nuevo-6.png\",\"contentUrl\":\"https:\/\/www.merlinproperties.com\/pt\/wp-content\/uploads\/sites\/3\/2025\/07\/Proyecto-nuevo-6.png\",\"width\":1500,\"height\":500},{\"@type\":\"WebSite\",\"@id\":\"https:\/\/www.merlinproperties.com\/pt\/#website\",\"url\":\"https:\/\/www.merlinproperties.com\/pt\/\",\"name\":\"Merlin Properties Socimi, S.A. (PT)\",\"description\":\"Compa\u00f1\u00eda Inmobiliaria, cotizada, l\u00edder en el sector de activos terciarios en la Pen\u00ednsula Ib\u00e9rica.\",\"publisher\":{\"@id\":\"https:\/\/www.merlinproperties.com\/pt\/#organization\"},\"potentialAction\":[{\"@type\":\"SearchAction\",\"target\":{\"@type\":\"EntryPoint\",\"urlTemplate\":\"https:\/\/www.merlinproperties.com\/pt\/?s={search_term_string}\"},\"query-input\":{\"@type\":\"PropertyValueSpecification\",\"valueRequired\":true,\"valueName\":\"search_term_string\"}}],\"inLanguage\":\"es\"},{\"@type\":\"Organization\",\"@id\":\"https:\/\/www.merlinproperties.com\/pt\/#organization\",\"name\":\"Merlin Properties Socimi, S.A. (PT)\",\"url\":\"https:\/\/www.merlinproperties.com\/pt\/\",\"logo\":{\"@type\":\"ImageObject\",\"inLanguage\":\"es\",\"@id\":\"https:\/\/www.merlinproperties.com\/pt\/#\/schema\/logo\/image\/\",\"url\":\"https:\/\/www.merlinproperties.com\/pt\/wp-content\/uploads\/sites\/3\/2023\/03\/Merlin-Logo-Horizontal-Negativo-scaled-3.png\",\"contentUrl\":\"https:\/\/www.merlinproperties.com\/pt\/wp-content\/uploads\/sites\/3\/2023\/03\/Merlin-Logo-Horizontal-Negativo-scaled-3.png\",\"width\":600,\"height\":204,\"caption\":\"Merlin Properties Socimi, S.A. (PT)\"},\"image\":{\"@id\":\"https:\/\/www.merlinproperties.com\/pt\/#\/schema\/logo\/image\/\"}},{\"@type\":\"Person\",\"@id\":\"https:\/\/www.merlinproperties.com\/pt\/#\/schema\/person\/1bcb8cdc1d11df155e03700d933bee6a\",\"name\":\"albaclavero\",\"image\":{\"@type\":\"ImageObject\",\"inLanguage\":\"es\",\"@id\":\"https:\/\/www.merlinproperties.com\/pt\/#\/schema\/person\/image\/\",\"url\":\"https:\/\/secure.gravatar.com\/avatar\/bb2cd22b45218e9e06701ca4b693cdd392bd06fc7d29be2b9339b092c70bced0?s=96&d=mm&r=g\",\"contentUrl\":\"https:\/\/secure.gravatar.com\/avatar\/bb2cd22b45218e9e06701ca4b693cdd392bd06fc7d29be2b9339b092c70bced0?s=96&d=mm&r=g\",\"caption\":\"albaclavero\"},\"url\":\"https:\/\/www.merlinproperties.com\/pt\/author\/albaclavero\/\"}]}<\/script>\n<!-- \/ Yoast SEO plugin. -->","yoast_head_json":{"title":"A Worten e a MERLIN est\u00e3o a preparar-se para construir a maior plataforma log\u00edstica de Portugal. - Merlin Properties Socimi, S.A. (PT)","robots":{"index":"index","follow":"follow","max-snippet":"max-snippet:-1","max-image-preview":"max-image-preview:large","max-video-preview":"max-video-preview:-1"},"canonical":"https:\/\/www.merlinproperties.com\/pt\/dia-a-dia\/a-worten-e-a-merlin-estao-a-preparar-se-para-construir-a-maior-plataforma-logistica-de-portugal\/","og_locale":"es_ES","og_type":"article","og_title":"A Worten e a MERLIN est\u00e3o a preparar-se para construir a maior plataforma log\u00edstica de Portugal. - Merlin Properties Socimi, S.A. (PT)","og_description":"A Worten e a MERLIN preparam-se para construir a maior plataforma log\u00edstica de Portugal. Esta inovadora plataforma de 122.500 m\u00b2 \u00e9 o resultado de uma colabora\u00e7\u00e3o entre a Worten Portugal e a MERLIN e estar\u00e1 estrategicamente localizada no Parque Log\u00edstico Norte de Lisboa, no concelho de Vila Franca de Xira. O projeto estar\u00e1 conclu\u00eddo em [&hellip;]","og_url":"https:\/\/www.merlinproperties.com\/pt\/dia-a-dia\/a-worten-e-a-merlin-estao-a-preparar-se-para-construir-a-maior-plataforma-logistica-de-portugal\/","og_site_name":"Merlin Properties Socimi, S.A. (PT)","article_published_time":"2025-07-22T07:41:13+00:00","article_modified_time":"2025-07-22T16:49:03+00:00","og_image":[{"width":1500,"height":500,"url":"https:\/\/www.merlinproperties.com\/pt\/wp-content\/uploads\/sites\/3\/2025\/07\/Proyecto-nuevo-6.png","type":"image\/png"}],"author":"albaclavero","twitter_card":"summary_large_image","twitter_misc":{"Escrito por":"albaclavero","Tiempo de lectura":"2 minutos"},"schema":{"@context":"https:\/\/schema.org","@graph":[{"@type":"Article","@id":"https:\/\/www.merlinproperties.com\/pt\/dia-a-dia\/a-worten-e-a-merlin-estao-a-preparar-se-para-construir-a-maior-plataforma-logistica-de-portugal\/#article","isPartOf":{"@id":"https:\/\/www.merlinproperties.com\/pt\/dia-a-dia\/a-worten-e-a-merlin-estao-a-preparar-se-para-construir-a-maior-plataforma-logistica-de-portugal\/"},"author":{"name":"albaclavero","@id":"https:\/\/www.merlinproperties.com\/pt\/#\/schema\/person\/1bcb8cdc1d11df155e03700d933bee6a"},"headline":"A Worten e a MERLIN est\u00e3o a preparar-se para construir a maior plataforma log\u00edstica de Portugal.","datePublished":"2025-07-22T07:41:13+00:00","dateModified":"2025-07-22T16:49:03+00:00","mainEntityOfPage":{"@id":"https:\/\/www.merlinproperties.com\/pt\/dia-a-dia\/a-worten-e-a-merlin-estao-a-preparar-se-para-construir-a-maior-plataforma-logistica-de-portugal\/"},"wordCount":170,"publisher":{"@id":"https:\/\/www.merlinproperties.com\/pt\/#organization"},"image":{"@id":"https:\/\/www.merlinproperties.com\/pt\/dia-a-dia\/a-worten-e-a-merlin-estao-a-preparar-se-para-construir-a-maior-plataforma-logistica-de-portugal\/#primaryimage"},"thumbnailUrl":"https:\/\/www.merlinproperties.com\/pt\/wp-content\/uploads\/sites\/3\/2025\/07\/Proyecto-nuevo-6.png","articleSection":["D\u00eda a d\u00eda","Log\u00edstica"],"inLanguage":"es"},{"@type":"WebPage","@id":"https:\/\/www.merlinproperties.com\/pt\/dia-a-dia\/a-worten-e-a-merlin-estao-a-preparar-se-para-construir-a-maior-plataforma-logistica-de-portugal\/","url":"https:\/\/www.merlinproperties.com\/pt\/dia-a-dia\/a-worten-e-a-merlin-estao-a-preparar-se-para-construir-a-maior-plataforma-logistica-de-portugal\/","name":"A Worten e a MERLIN est\u00e3o a preparar-se para construir a maior plataforma log\u00edstica de Portugal. - Merlin Properties Socimi, S.A. (PT)","isPartOf":{"@id":"https:\/\/www.merlinproperties.com\/pt\/#website"},"primaryImageOfPage":{"@id":"https:\/\/www.merlinproperties.com\/pt\/dia-a-dia\/a-worten-e-a-merlin-estao-a-preparar-se-para-construir-a-maior-plataforma-logistica-de-portugal\/#primaryimage"},"image":{"@id":"https:\/\/www.merlinproperties.com\/pt\/dia-a-dia\/a-worten-e-a-merlin-estao-a-preparar-se-para-construir-a-maior-plataforma-logistica-de-portugal\/#primaryimage"},"thumbnailUrl":"https:\/\/www.merlinproperties.com\/pt\/wp-content\/uploads\/sites\/3\/2025\/07\/Proyecto-nuevo-6.png","datePublished":"2025-07-22T07:41:13+00:00","dateModified":"2025-07-22T16:49:03+00:00","inLanguage":"es","potentialAction":[{"@type":"ReadAction","target":["https:\/\/www.merlinproperties.com\/pt\/dia-a-dia\/a-worten-e-a-merlin-estao-a-preparar-se-para-construir-a-maior-plataforma-logistica-de-portugal\/"]}]},{"@type":"ImageObject","inLanguage":"es","@id":"https:\/\/www.merlinproperties.com\/pt\/dia-a-dia\/a-worten-e-a-merlin-estao-a-preparar-se-para-construir-a-maior-plataforma-logistica-de-portugal\/#primaryimage","url":"https:\/\/www.merlinproperties.com\/pt\/wp-content\/uploads\/sites\/3\/2025\/07\/Proyecto-nuevo-6.png","contentUrl":"https:\/\/www.merlinproperties.com\/pt\/wp-content\/uploads\/sites\/3\/2025\/07\/Proyecto-nuevo-6.png","width":1500,"height":500},{"@type":"WebSite","@id":"https:\/\/www.merlinproperties.com\/pt\/#website","url":"https:\/\/www.merlinproperties.com\/pt\/","name":"Merlin Properties Socimi, S.A. (PT)","description":"Compa\u00f1\u00eda Inmobiliaria, cotizada, l\u00edder en el sector de activos terciarios en la Pen\u00ednsula Ib\u00e9rica.","publisher":{"@id":"https:\/\/www.merlinproperties.com\/pt\/#organization"},"potentialAction":[{"@type":"SearchAction","target":{"@type":"EntryPoint","urlTemplate":"https:\/\/www.merlinproperties.com\/pt\/?s={search_term_string}"},"query-input":{"@type":"PropertyValueSpecification","valueRequired":true,"valueName":"search_term_string"}}],"inLanguage":"es"},{"@type":"Organization","@id":"https:\/\/www.merlinproperties.com\/pt\/#organization","name":"Merlin Properties Socimi, S.A. (PT)","url":"https:\/\/www.merlinproperties.com\/pt\/","logo":{"@type":"ImageObject","inLanguage":"es","@id":"https:\/\/www.merlinproperties.com\/pt\/#\/schema\/logo\/image\/","url":"https:\/\/www.merlinproperties.com\/pt\/wp-content\/uploads\/sites\/3\/2023\/03\/Merlin-Logo-Horizontal-Negativo-scaled-3.png","contentUrl":"https:\/\/www.merlinproperties.com\/pt\/wp-content\/uploads\/sites\/3\/2023\/03\/Merlin-Logo-Horizontal-Negativo-scaled-3.png","width":600,"height":204,"caption":"Merlin Properties Socimi, S.A. (PT)"},"image":{"@id":"https:\/\/www.merlinproperties.com\/pt\/#\/schema\/logo\/image\/"}},{"@type":"Person","@id":"https:\/\/www.merlinproperties.com\/pt\/#\/schema\/person\/1bcb8cdc1d11df155e03700d933bee6a","name":"albaclavero","image":{"@type":"ImageObject","inLanguage":"es","@id":"https:\/\/www.merlinproperties.com\/pt\/#\/schema\/person\/image\/","url":"https:\/\/secure.gravatar.com\/avatar\/bb2cd22b45218e9e06701ca4b693cdd392bd06fc7d29be2b9339b092c70bced0?s=96&d=mm&r=g","contentUrl":"https:\/\/secure.gravatar.com\/avatar\/bb2cd22b45218e9e06701ca4b693cdd392bd06fc7d29be2b9339b092c70bced0?s=96&d=mm&r=g","caption":"albaclavero"},"url":"https:\/\/www.merlinproperties.com\/pt\/author\/albaclavero\/"}]}},"_links":{"self":[{"href":"https:\/\/www.merlinproperties.com\/pt\/wp-json\/wp\/v2\/posts\/8812","targetHints":{"allow":["GET"]}}],"collection":[{"href":"https:\/\/www.merlinproperties.com\/pt\/wp-json\/wp\/v2\/posts"}],"about":[{"href":"https:\/\/www.merlinproperties.com\/pt\/wp-json\/wp\/v2\/types\/post"}],"author":[{"embeddable":true,"href":"https:\/\/www.merlinproperties.com\/pt\/wp-json\/wp\/v2\/users\/14"}],"replies":[{"embeddable":true,"href":"https:\/\/www.merlinproperties.com\/pt\/wp-json\/wp\/v2\/comments?post=8812"}],"version-history":[{"count":3,"href":"https:\/\/www.merlinproperties.com\/pt\/wp-json\/wp\/v2\/posts\/8812\/revisions"}],"predecessor-version":[{"id":8815,"href":"https:\/\/www.merlinproperties.com\/pt\/wp-json\/wp\/v2\/posts\/8812\/revisions\/8815"}],"wp:featuredmedia":[{"embeddable":true,"href":"https:\/\/www.merlinproperties.com\/pt\/wp-json\/wp\/v2\/media\/8809"}],"wp:attachment":[{"href":"https:\/\/www.merlinproperties.com\/pt\/wp-json\/wp\/v2\/media?parent=8812"}],"wp:term":[{"taxonomy":"category","embeddable":true,"href":"https:\/\/www.merlinproperties.com\/pt\/wp-json\/wp\/v2\/categories?post=8812"}],"curies":[{"name":"wp","href":"https:\/\/api.w.org\/{rel}","templated":true}]}}