{"id":8668,"date":"2025-06-04T08:47:13","date_gmt":"2025-06-04T08:47:13","guid":{"rendered":"https:\/\/www.merlinproperties.com\/pt\/?p=8668"},"modified":"2025-06-04T09:14:01","modified_gmt":"2025-06-04T09:14:01","slug":"promovemos-os-empregos-locais-atraves-de-um-programa-de-feiras-de-emprego-realizadas-nos-nossos-centros-comerciais","status":"publish","type":"post","link":"https:\/\/www.merlinproperties.com\/pt\/dia-a-dia\/promovemos-os-empregos-locais-atraves-de-um-programa-de-feiras-de-emprego-realizadas-nos-nossos-centros-comerciais\/","title":{"rendered":"Promovemos os empregos locais atrav\u00e9s de um programa de feiras de emprego realizadas nos nossos centros comerciais."},"content":{"rendered":"<p>Com esta iniciativa, ligamos os nossos operadores a talentos locais que procuram ativamente emprego, refor\u00e7ando o nosso compromisso com os nossos clientes e com a comunidade.<\/p>\n<p>Lan\u00e7\u00e1mos o programa no centro comercial Porto Pi, com mais de 180 vagas de emprego e 500 entrevistas r\u00e1pidas num dia, e no Larios Centro, com mais de 300 participantes num s\u00f3 dia, apoiados pelo M\u00e1laga Empleo.<\/p>\n<p>Nos pr\u00f3ximos meses, v\u00e3o juntar-se os centros Marineda City, Arenas de Barcelona, \u200b\u200b\u200b\u200bSaler, La Vital e X-Madrid, completando assim o programa anual.<\/p>\n<p><img loading=\"lazy\" decoding=\"async\" class=\"alignnone size-medium wp-image-8661\" src=\"https:\/\/www.merlinproperties.com\/pt\/wp-content\/uploads\/sites\/3\/2025\/06\/Imagen-1-840x614.png\" alt=\"\" width=\"840\" height=\"614\" srcset=\"https:\/\/www.merlinproperties.com\/pt\/wp-content\/uploads\/sites\/3\/2025\/06\/Imagen-1-840x614.png 840w, https:\/\/www.merlinproperties.com\/pt\/wp-content\/uploads\/sites\/3\/2025\/06\/Imagen-1-450x329.png 450w, https:\/\/www.merlinproperties.com\/pt\/wp-content\/uploads\/sites\/3\/2025\/06\/Imagen-1-768x562.png 768w, https:\/\/www.merlinproperties.com\/pt\/wp-content\/uploads\/sites\/3\/2025\/06\/Imagen-1.png 953w\" sizes=\"auto, (max-width: 840px) 100vw, 840px\" \/><\/p>\n","protected":false},"excerpt":{"rendered":"<p>Com esta iniciativa, ligamos os nossos operadores a talentos locais que procuram ativamente emprego, refor\u00e7ando o nosso compromisso com os nossos clientes e com a comunidade. Lan\u00e7\u00e1mos o programa no centro comercial Porto Pi, com mais de 180 vagas de emprego e 500 entrevistas r\u00e1pidas num dia, e no Larios Centro, com mais de 300 [&hellip;]<\/p>\n","protected":false},"author":14,"featured_media":8661,"comment_status":"closed","ping_status":"open","sticky":false,"template":"","format":"standard","meta":{"footnotes":""},"categories":[45,41],"class_list":["post-8668","post","type-post","status-publish","format-standard","has-post-thumbnail","hentry","category-dia-centros-comerciales","category-dia-a-dia"],"acf":[],"yoast_head":"<!-- This site is optimized with the Yoast SEO plugin v26.5 - https:\/\/yoast.com\/wordpress\/plugins\/seo\/ -->\n<title>Promovemos os empregos locais atrav\u00e9s de um programa de feiras de emprego realizadas nos nossos centros comerciais. - Merlin Properties Socimi, S.A. (PT)<\/title>\n<meta name=\"robots\" content=\"index, follow, max-snippet:-1, max-image-preview:large, max-video-preview:-1\" \/>\n<link rel=\"canonical\" href=\"https:\/\/www.merlinproperties.com\/pt\/dia-a-dia\/promovemos-os-empregos-locais-atraves-de-um-programa-de-feiras-de-emprego-realizadas-nos-nossos-centros-comerciais\/\" \/>\n<meta property=\"og:locale\" content=\"es_ES\" \/>\n<meta property=\"og:type\" content=\"article\" \/>\n<meta property=\"og:title\" content=\"Promovemos os empregos locais atrav\u00e9s de um programa de feiras de emprego realizadas nos nossos centros comerciais. - Merlin Properties Socimi, S.A. (PT)\" \/>\n<meta property=\"og:description\" content=\"Com esta iniciativa, ligamos os nossos operadores a talentos locais que procuram ativamente emprego, refor\u00e7ando o nosso compromisso com os nossos clientes e com a comunidade. Lan\u00e7\u00e1mos o programa no centro comercial Porto Pi, com mais de 180 vagas de emprego e 500 entrevistas r\u00e1pidas num dia, e no Larios Centro, com mais de 300 [&hellip;]\" \/>\n<meta property=\"og:url\" content=\"https:\/\/www.merlinproperties.com\/pt\/dia-a-dia\/promovemos-os-empregos-locais-atraves-de-um-programa-de-feiras-de-emprego-realizadas-nos-nossos-centros-comerciais\/\" \/>\n<meta property=\"og:site_name\" content=\"Merlin Properties Socimi, S.A. (PT)\" \/>\n<meta property=\"article:published_time\" content=\"2025-06-04T08:47:13+00:00\" \/>\n<meta property=\"article:modified_time\" content=\"2025-06-04T09:14:01+00:00\" \/>\n<meta property=\"og:image\" content=\"https:\/\/www.merlinproperties.com\/pt\/wp-content\/uploads\/sites\/3\/2025\/06\/Imagen-1.png\" \/>\n\t<meta property=\"og:image:width\" content=\"953\" \/>\n\t<meta property=\"og:image:height\" content=\"697\" \/>\n\t<meta property=\"og:image:type\" content=\"image\/png\" \/>\n<meta name=\"author\" content=\"albaclavero\" \/>\n<meta name=\"twitter:card\" content=\"summary_large_image\" \/>\n<meta name=\"twitter:label1\" content=\"Escrito por\" \/>\n\t<meta name=\"twitter:data1\" content=\"albaclavero\" \/>\n\t<meta name=\"twitter:label2\" content=\"Tiempo de lectura\" \/>\n\t<meta name=\"twitter:data2\" content=\"1 minuto\" \/>\n<script type=\"application\/ld+json\" class=\"yoast-schema-graph\">{\"@context\":\"https:\/\/schema.org\",\"@graph\":[{\"@type\":\"Article\",\"@id\":\"https:\/\/www.merlinproperties.com\/pt\/dia-a-dia\/promovemos-os-empregos-locais-atraves-de-um-programa-de-feiras-de-emprego-realizadas-nos-nossos-centros-comerciais\/#article\",\"isPartOf\":{\"@id\":\"https:\/\/www.merlinproperties.com\/pt\/dia-a-dia\/promovemos-os-empregos-locais-atraves-de-um-programa-de-feiras-de-emprego-realizadas-nos-nossos-centros-comerciais\/\"},\"author\":{\"name\":\"albaclavero\",\"@id\":\"https:\/\/www.merlinproperties.com\/pt\/#\/schema\/person\/1bcb8cdc1d11df155e03700d933bee6a\"},\"headline\":\"Promovemos os empregos locais atrav\u00e9s de um programa de feiras de emprego realizadas nos nossos centros comerciais.\",\"datePublished\":\"2025-06-04T08:47:13+00:00\",\"dateModified\":\"2025-06-04T09:14:01+00:00\",\"mainEntityOfPage\":{\"@id\":\"https:\/\/www.merlinproperties.com\/pt\/dia-a-dia\/promovemos-os-empregos-locais-atraves-de-um-programa-de-feiras-de-emprego-realizadas-nos-nossos-centros-comerciais\/\"},\"wordCount\":106,\"publisher\":{\"@id\":\"https:\/\/www.merlinproperties.com\/pt\/#organization\"},\"image\":{\"@id\":\"https:\/\/www.merlinproperties.com\/pt\/dia-a-dia\/promovemos-os-empregos-locais-atraves-de-um-programa-de-feiras-de-emprego-realizadas-nos-nossos-centros-comerciais\/#primaryimage\"},\"thumbnailUrl\":\"https:\/\/www.merlinproperties.com\/pt\/wp-content\/uploads\/sites\/3\/2025\/06\/Imagen-1.png\",\"articleSection\":[\"Centros Comerciales\",\"D\u00eda a d\u00eda\"],\"inLanguage\":\"es\"},{\"@type\":\"WebPage\",\"@id\":\"https:\/\/www.merlinproperties.com\/pt\/dia-a-dia\/promovemos-os-empregos-locais-atraves-de-um-programa-de-feiras-de-emprego-realizadas-nos-nossos-centros-comerciais\/\",\"url\":\"https:\/\/www.merlinproperties.com\/pt\/dia-a-dia\/promovemos-os-empregos-locais-atraves-de-um-programa-de-feiras-de-emprego-realizadas-nos-nossos-centros-comerciais\/\",\"name\":\"Promovemos os empregos locais atrav\u00e9s de um programa de feiras de emprego realizadas nos nossos centros comerciais. - Merlin Properties Socimi, S.A. (PT)\",\"isPartOf\":{\"@id\":\"https:\/\/www.merlinproperties.com\/pt\/#website\"},\"primaryImageOfPage\":{\"@id\":\"https:\/\/www.merlinproperties.com\/pt\/dia-a-dia\/promovemos-os-empregos-locais-atraves-de-um-programa-de-feiras-de-emprego-realizadas-nos-nossos-centros-comerciais\/#primaryimage\"},\"image\":{\"@id\":\"https:\/\/www.merlinproperties.com\/pt\/dia-a-dia\/promovemos-os-empregos-locais-atraves-de-um-programa-de-feiras-de-emprego-realizadas-nos-nossos-centros-comerciais\/#primaryimage\"},\"thumbnailUrl\":\"https:\/\/www.merlinproperties.com\/pt\/wp-content\/uploads\/sites\/3\/2025\/06\/Imagen-1.png\",\"datePublished\":\"2025-06-04T08:47:13+00:00\",\"dateModified\":\"2025-06-04T09:14:01+00:00\",\"inLanguage\":\"es\",\"potentialAction\":[{\"@type\":\"ReadAction\",\"target\":[\"https:\/\/www.merlinproperties.com\/pt\/dia-a-dia\/promovemos-os-empregos-locais-atraves-de-um-programa-de-feiras-de-emprego-realizadas-nos-nossos-centros-comerciais\/\"]}]},{\"@type\":\"ImageObject\",\"inLanguage\":\"es\",\"@id\":\"https:\/\/www.merlinproperties.com\/pt\/dia-a-dia\/promovemos-os-empregos-locais-atraves-de-um-programa-de-feiras-de-emprego-realizadas-nos-nossos-centros-comerciais\/#primaryimage\",\"url\":\"https:\/\/www.merlinproperties.com\/pt\/wp-content\/uploads\/sites\/3\/2025\/06\/Imagen-1.png\",\"contentUrl\":\"https:\/\/www.merlinproperties.com\/pt\/wp-content\/uploads\/sites\/3\/2025\/06\/Imagen-1.png\",\"width\":953,\"height\":697},{\"@type\":\"WebSite\",\"@id\":\"https:\/\/www.merlinproperties.com\/pt\/#website\",\"url\":\"https:\/\/www.merlinproperties.com\/pt\/\",\"name\":\"Merlin Properties Socimi, S.A. (PT)\",\"description\":\"Compa\u00f1\u00eda Inmobiliaria, cotizada, l\u00edder en el sector de activos terciarios en la Pen\u00ednsula Ib\u00e9rica.\",\"publisher\":{\"@id\":\"https:\/\/www.merlinproperties.com\/pt\/#organization\"},\"potentialAction\":[{\"@type\":\"SearchAction\",\"target\":{\"@type\":\"EntryPoint\",\"urlTemplate\":\"https:\/\/www.merlinproperties.com\/pt\/?s={search_term_string}\"},\"query-input\":{\"@type\":\"PropertyValueSpecification\",\"valueRequired\":true,\"valueName\":\"search_term_string\"}}],\"inLanguage\":\"es\"},{\"@type\":\"Organization\",\"@id\":\"https:\/\/www.merlinproperties.com\/pt\/#organization\",\"name\":\"Merlin Properties Socimi, S.A. (PT)\",\"url\":\"https:\/\/www.merlinproperties.com\/pt\/\",\"logo\":{\"@type\":\"ImageObject\",\"inLanguage\":\"es\",\"@id\":\"https:\/\/www.merlinproperties.com\/pt\/#\/schema\/logo\/image\/\",\"url\":\"https:\/\/www.merlinproperties.com\/pt\/wp-content\/uploads\/sites\/3\/2023\/03\/Merlin-Logo-Horizontal-Negativo-scaled-3.png\",\"contentUrl\":\"https:\/\/www.merlinproperties.com\/pt\/wp-content\/uploads\/sites\/3\/2023\/03\/Merlin-Logo-Horizontal-Negativo-scaled-3.png\",\"width\":600,\"height\":204,\"caption\":\"Merlin Properties Socimi, S.A. (PT)\"},\"image\":{\"@id\":\"https:\/\/www.merlinproperties.com\/pt\/#\/schema\/logo\/image\/\"}},{\"@type\":\"Person\",\"@id\":\"https:\/\/www.merlinproperties.com\/pt\/#\/schema\/person\/1bcb8cdc1d11df155e03700d933bee6a\",\"name\":\"albaclavero\",\"image\":{\"@type\":\"ImageObject\",\"inLanguage\":\"es\",\"@id\":\"https:\/\/www.merlinproperties.com\/pt\/#\/schema\/person\/image\/\",\"url\":\"https:\/\/secure.gravatar.com\/avatar\/bb2cd22b45218e9e06701ca4b693cdd392bd06fc7d29be2b9339b092c70bced0?s=96&d=mm&r=g\",\"contentUrl\":\"https:\/\/secure.gravatar.com\/avatar\/bb2cd22b45218e9e06701ca4b693cdd392bd06fc7d29be2b9339b092c70bced0?s=96&d=mm&r=g\",\"caption\":\"albaclavero\"},\"url\":\"https:\/\/www.merlinproperties.com\/pt\/author\/albaclavero\/\"}]}<\/script>\n<!-- \/ Yoast SEO plugin. -->","yoast_head_json":{"title":"Promovemos os empregos locais atrav\u00e9s de um programa de feiras de emprego realizadas nos nossos centros comerciais. - Merlin Properties Socimi, S.A. (PT)","robots":{"index":"index","follow":"follow","max-snippet":"max-snippet:-1","max-image-preview":"max-image-preview:large","max-video-preview":"max-video-preview:-1"},"canonical":"https:\/\/www.merlinproperties.com\/pt\/dia-a-dia\/promovemos-os-empregos-locais-atraves-de-um-programa-de-feiras-de-emprego-realizadas-nos-nossos-centros-comerciais\/","og_locale":"es_ES","og_type":"article","og_title":"Promovemos os empregos locais atrav\u00e9s de um programa de feiras de emprego realizadas nos nossos centros comerciais. - Merlin Properties Socimi, S.A. (PT)","og_description":"Com esta iniciativa, ligamos os nossos operadores a talentos locais que procuram ativamente emprego, refor\u00e7ando o nosso compromisso com os nossos clientes e com a comunidade. Lan\u00e7\u00e1mos o programa no centro comercial Porto Pi, com mais de 180 vagas de emprego e 500 entrevistas r\u00e1pidas num dia, e no Larios Centro, com mais de 300 [&hellip;]","og_url":"https:\/\/www.merlinproperties.com\/pt\/dia-a-dia\/promovemos-os-empregos-locais-atraves-de-um-programa-de-feiras-de-emprego-realizadas-nos-nossos-centros-comerciais\/","og_site_name":"Merlin Properties Socimi, S.A. (PT)","article_published_time":"2025-06-04T08:47:13+00:00","article_modified_time":"2025-06-04T09:14:01+00:00","og_image":[{"width":953,"height":697,"url":"https:\/\/www.merlinproperties.com\/pt\/wp-content\/uploads\/sites\/3\/2025\/06\/Imagen-1.png","type":"image\/png"}],"author":"albaclavero","twitter_card":"summary_large_image","twitter_misc":{"Escrito por":"albaclavero","Tiempo de lectura":"1 minuto"},"schema":{"@context":"https:\/\/schema.org","@graph":[{"@type":"Article","@id":"https:\/\/www.merlinproperties.com\/pt\/dia-a-dia\/promovemos-os-empregos-locais-atraves-de-um-programa-de-feiras-de-emprego-realizadas-nos-nossos-centros-comerciais\/#article","isPartOf":{"@id":"https:\/\/www.merlinproperties.com\/pt\/dia-a-dia\/promovemos-os-empregos-locais-atraves-de-um-programa-de-feiras-de-emprego-realizadas-nos-nossos-centros-comerciais\/"},"author":{"name":"albaclavero","@id":"https:\/\/www.merlinproperties.com\/pt\/#\/schema\/person\/1bcb8cdc1d11df155e03700d933bee6a"},"headline":"Promovemos os empregos locais atrav\u00e9s de um programa de feiras de emprego realizadas nos nossos centros comerciais.","datePublished":"2025-06-04T08:47:13+00:00","dateModified":"2025-06-04T09:14:01+00:00","mainEntityOfPage":{"@id":"https:\/\/www.merlinproperties.com\/pt\/dia-a-dia\/promovemos-os-empregos-locais-atraves-de-um-programa-de-feiras-de-emprego-realizadas-nos-nossos-centros-comerciais\/"},"wordCount":106,"publisher":{"@id":"https:\/\/www.merlinproperties.com\/pt\/#organization"},"image":{"@id":"https:\/\/www.merlinproperties.com\/pt\/dia-a-dia\/promovemos-os-empregos-locais-atraves-de-um-programa-de-feiras-de-emprego-realizadas-nos-nossos-centros-comerciais\/#primaryimage"},"thumbnailUrl":"https:\/\/www.merlinproperties.com\/pt\/wp-content\/uploads\/sites\/3\/2025\/06\/Imagen-1.png","articleSection":["Centros Comerciales","D\u00eda a d\u00eda"],"inLanguage":"es"},{"@type":"WebPage","@id":"https:\/\/www.merlinproperties.com\/pt\/dia-a-dia\/promovemos-os-empregos-locais-atraves-de-um-programa-de-feiras-de-emprego-realizadas-nos-nossos-centros-comerciais\/","url":"https:\/\/www.merlinproperties.com\/pt\/dia-a-dia\/promovemos-os-empregos-locais-atraves-de-um-programa-de-feiras-de-emprego-realizadas-nos-nossos-centros-comerciais\/","name":"Promovemos os empregos locais atrav\u00e9s de um programa de feiras de emprego realizadas nos nossos centros comerciais. - Merlin Properties Socimi, S.A. (PT)","isPartOf":{"@id":"https:\/\/www.merlinproperties.com\/pt\/#website"},"primaryImageOfPage":{"@id":"https:\/\/www.merlinproperties.com\/pt\/dia-a-dia\/promovemos-os-empregos-locais-atraves-de-um-programa-de-feiras-de-emprego-realizadas-nos-nossos-centros-comerciais\/#primaryimage"},"image":{"@id":"https:\/\/www.merlinproperties.com\/pt\/dia-a-dia\/promovemos-os-empregos-locais-atraves-de-um-programa-de-feiras-de-emprego-realizadas-nos-nossos-centros-comerciais\/#primaryimage"},"thumbnailUrl":"https:\/\/www.merlinproperties.com\/pt\/wp-content\/uploads\/sites\/3\/2025\/06\/Imagen-1.png","datePublished":"2025-06-04T08:47:13+00:00","dateModified":"2025-06-04T09:14:01+00:00","inLanguage":"es","potentialAction":[{"@type":"ReadAction","target":["https:\/\/www.merlinproperties.com\/pt\/dia-a-dia\/promovemos-os-empregos-locais-atraves-de-um-programa-de-feiras-de-emprego-realizadas-nos-nossos-centros-comerciais\/"]}]},{"@type":"ImageObject","inLanguage":"es","@id":"https:\/\/www.merlinproperties.com\/pt\/dia-a-dia\/promovemos-os-empregos-locais-atraves-de-um-programa-de-feiras-de-emprego-realizadas-nos-nossos-centros-comerciais\/#primaryimage","url":"https:\/\/www.merlinproperties.com\/pt\/wp-content\/uploads\/sites\/3\/2025\/06\/Imagen-1.png","contentUrl":"https:\/\/www.merlinproperties.com\/pt\/wp-content\/uploads\/sites\/3\/2025\/06\/Imagen-1.png","width":953,"height":697},{"@type":"WebSite","@id":"https:\/\/www.merlinproperties.com\/pt\/#website","url":"https:\/\/www.merlinproperties.com\/pt\/","name":"Merlin Properties Socimi, S.A. (PT)","description":"Compa\u00f1\u00eda Inmobiliaria, cotizada, l\u00edder en el sector de activos terciarios en la Pen\u00ednsula Ib\u00e9rica.","publisher":{"@id":"https:\/\/www.merlinproperties.com\/pt\/#organization"},"potentialAction":[{"@type":"SearchAction","target":{"@type":"EntryPoint","urlTemplate":"https:\/\/www.merlinproperties.com\/pt\/?s={search_term_string}"},"query-input":{"@type":"PropertyValueSpecification","valueRequired":true,"valueName":"search_term_string"}}],"inLanguage":"es"},{"@type":"Organization","@id":"https:\/\/www.merlinproperties.com\/pt\/#organization","name":"Merlin Properties Socimi, S.A. (PT)","url":"https:\/\/www.merlinproperties.com\/pt\/","logo":{"@type":"ImageObject","inLanguage":"es","@id":"https:\/\/www.merlinproperties.com\/pt\/#\/schema\/logo\/image\/","url":"https:\/\/www.merlinproperties.com\/pt\/wp-content\/uploads\/sites\/3\/2023\/03\/Merlin-Logo-Horizontal-Negativo-scaled-3.png","contentUrl":"https:\/\/www.merlinproperties.com\/pt\/wp-content\/uploads\/sites\/3\/2023\/03\/Merlin-Logo-Horizontal-Negativo-scaled-3.png","width":600,"height":204,"caption":"Merlin Properties Socimi, S.A. (PT)"},"image":{"@id":"https:\/\/www.merlinproperties.com\/pt\/#\/schema\/logo\/image\/"}},{"@type":"Person","@id":"https:\/\/www.merlinproperties.com\/pt\/#\/schema\/person\/1bcb8cdc1d11df155e03700d933bee6a","name":"albaclavero","image":{"@type":"ImageObject","inLanguage":"es","@id":"https:\/\/www.merlinproperties.com\/pt\/#\/schema\/person\/image\/","url":"https:\/\/secure.gravatar.com\/avatar\/bb2cd22b45218e9e06701ca4b693cdd392bd06fc7d29be2b9339b092c70bced0?s=96&d=mm&r=g","contentUrl":"https:\/\/secure.gravatar.com\/avatar\/bb2cd22b45218e9e06701ca4b693cdd392bd06fc7d29be2b9339b092c70bced0?s=96&d=mm&r=g","caption":"albaclavero"},"url":"https:\/\/www.merlinproperties.com\/pt\/author\/albaclavero\/"}]}},"_links":{"self":[{"href":"https:\/\/www.merlinproperties.com\/pt\/wp-json\/wp\/v2\/posts\/8668","targetHints":{"allow":["GET"]}}],"collection":[{"href":"https:\/\/www.merlinproperties.com\/pt\/wp-json\/wp\/v2\/posts"}],"about":[{"href":"https:\/\/www.merlinproperties.com\/pt\/wp-json\/wp\/v2\/types\/post"}],"author":[{"embeddable":true,"href":"https:\/\/www.merlinproperties.com\/pt\/wp-json\/wp\/v2\/users\/14"}],"replies":[{"embeddable":true,"href":"https:\/\/www.merlinproperties.com\/pt\/wp-json\/wp\/v2\/comments?post=8668"}],"version-history":[{"count":3,"href":"https:\/\/www.merlinproperties.com\/pt\/wp-json\/wp\/v2\/posts\/8668\/revisions"}],"predecessor-version":[{"id":8670,"href":"https:\/\/www.merlinproperties.com\/pt\/wp-json\/wp\/v2\/posts\/8668\/revisions\/8670"}],"wp:featuredmedia":[{"embeddable":true,"href":"https:\/\/www.merlinproperties.com\/pt\/wp-json\/wp\/v2\/media\/8661"}],"wp:attachment":[{"href":"https:\/\/www.merlinproperties.com\/pt\/wp-json\/wp\/v2\/media?parent=8668"}],"wp:term":[{"taxonomy":"category","embeddable":true,"href":"https:\/\/www.merlinproperties.com\/pt\/wp-json\/wp\/v2\/categories?post=8668"}],"curies":[{"name":"wp","href":"https:\/\/api.w.org\/{rel}","templated":true}]}}