{"id":8644,"date":"2025-06-02T14:28:02","date_gmt":"2025-06-02T14:28:02","guid":{"rendered":"https:\/\/www.merlinproperties.com\/pt\/?p=8644"},"modified":"2025-06-02T14:28:06","modified_gmt":"2025-06-02T14:28:06","slug":"esta-foi-a-inauguracao-do-nosso-data-center-merlin-edged-barcelona","status":"publish","type":"post","link":"https:\/\/www.merlinproperties.com\/pt\/dia-a-dia\/esta-foi-a-inauguracao-do-nosso-data-center-merlin-edged-barcelona\/","title":{"rendered":"Esta foi a inaugura\u00e7\u00e3o do nosso Data Center MERLIN Edged Barcelona."},"content":{"rendered":"<p id=\"tw-target-text\" class=\"tw-data-text tw-text-large tw-ta\" dir=\"ltr\" data-placeholder=\"Traducci\u00f3n\" data-ved=\"2ahUKEwjwjYLA9tKNAxWWWUEAHXuUAjYQ3ewLegQICRAV\" aria-label=\"Texto traducido: Esta foi a inaugura\u00e7\u00e3o do nosso MERLIN Edged Data Center hashtag#Barcelona com Corewave. Um marco importante que &quot;transforma Barcelona num verdadeiro porto digital do Mediterr\u00e2neo&quot;, nas palavras de Jaume Collboni Cuadrado, presidente da C\u00e2mara de Barcelona.\"><span class=\"Y2IQFc\" lang=\"pt-PT\">Esta foi a inaugura\u00e7\u00e3o do nosso MERLIN Edged Data Center Barcelona com Corewave. <\/span><\/p>\n<p class=\"tw-data-text tw-text-large tw-ta\" dir=\"ltr\" data-placeholder=\"Traducci\u00f3n\" data-ved=\"2ahUKEwjwjYLA9tKNAxWWWUEAHXuUAjYQ3ewLegQICRAV\" aria-label=\"Texto traducido: Esta foi a inaugura\u00e7\u00e3o do nosso MERLIN Edged Data Center hashtag#Barcelona com Corewave. Um marco importante que &quot;transforma Barcelona num verdadeiro porto digital do Mediterr\u00e2neo&quot;, nas palavras de Jaume Collboni Cuadrado, presidente da C\u00e2mara de Barcelona.\"><span class=\"Y2IQFc\" lang=\"pt-PT\">Um marco importante que \u00abtransforma Barcelona num verdadeiro porto digital do Mediterr\u00e2neo\u00bb, nas palavras de Jaume Collboni Cuadrado, presidente da C\u00e2mara de Barcelona.<\/span><\/p>\n<div style=\"width: 1920px;\" class=\"wp-video\"><!--[if lt IE 9]><script>document.createElement('video');<\/script><![endif]-->\n<video class=\"wp-video-shortcode\" id=\"video-8644-1\" width=\"1920\" height=\"1080\" preload=\"metadata\" controls=\"controls\"><source type=\"video\/mp4\" src=\"https:\/\/www.merlinproperties.com\/pt\/wp-content\/uploads\/sites\/3\/2025\/06\/Inauguration_20250527_web_jpztmn.mp4?_=1\" \/><a href=\"https:\/\/www.merlinproperties.com\/pt\/wp-content\/uploads\/sites\/3\/2025\/06\/Inauguration_20250527_web_jpztmn.mp4\">https:\/\/www.merlinproperties.com\/pt\/wp-content\/uploads\/sites\/3\/2025\/06\/Inauguration_20250527_web_jpztmn.mp4<\/a><\/video><\/div>\n","protected":false},"excerpt":{"rendered":"<p>Esta foi a inaugura\u00e7\u00e3o do nosso MERLIN Edged Data Center Barcelona com Corewave. Um marco importante que \u00abtransforma Barcelona num verdadeiro porto digital do Mediterr\u00e2neo\u00bb, nas palavras de Jaume Collboni Cuadrado, presidente da C\u00e2mara de Barcelona.<\/p>\n","protected":false},"author":14,"featured_media":8647,"comment_status":"closed","ping_status":"open","sticky":false,"template":"","format":"standard","meta":{"footnotes":""},"categories":[43,41],"class_list":["post-8644","post","type-post","status-publish","format-standard","has-post-thumbnail","hentry","category-dia-data-center","category-dia-a-dia"],"acf":[],"yoast_head":"<!-- This site is optimized with the Yoast SEO plugin v26.5 - https:\/\/yoast.com\/wordpress\/plugins\/seo\/ -->\n<title>Esta foi a inaugura\u00e7\u00e3o do nosso Data Center MERLIN Edged Barcelona. - Merlin Properties Socimi, S.A. (PT)<\/title>\n<meta name=\"robots\" content=\"index, follow, max-snippet:-1, max-image-preview:large, max-video-preview:-1\" \/>\n<link rel=\"canonical\" href=\"https:\/\/www.merlinproperties.com\/pt\/dia-a-dia\/esta-foi-a-inauguracao-do-nosso-data-center-merlin-edged-barcelona\/\" \/>\n<meta property=\"og:locale\" content=\"es_ES\" \/>\n<meta property=\"og:type\" content=\"article\" \/>\n<meta property=\"og:title\" content=\"Esta foi a inaugura\u00e7\u00e3o do nosso Data Center MERLIN Edged Barcelona. - Merlin Properties Socimi, S.A. (PT)\" \/>\n<meta property=\"og:description\" content=\"Esta foi a inaugura\u00e7\u00e3o do nosso MERLIN Edged Data Center Barcelona com Corewave. Um marco importante que \u00abtransforma Barcelona num verdadeiro porto digital do Mediterr\u00e2neo\u00bb, nas palavras de Jaume Collboni Cuadrado, presidente da C\u00e2mara de Barcelona.\" \/>\n<meta property=\"og:url\" content=\"https:\/\/www.merlinproperties.com\/pt\/dia-a-dia\/esta-foi-a-inauguracao-do-nosso-data-center-merlin-edged-barcelona\/\" \/>\n<meta property=\"og:site_name\" content=\"Merlin Properties Socimi, S.A. (PT)\" \/>\n<meta property=\"article:published_time\" content=\"2025-06-02T14:28:02+00:00\" \/>\n<meta property=\"article:modified_time\" content=\"2025-06-02T14:28:06+00:00\" \/>\n<meta property=\"og:image\" content=\"https:\/\/www.merlinproperties.com\/pt\/wp-content\/uploads\/sites\/3\/2025\/06\/IMG_9419.jpg\" \/>\n\t<meta property=\"og:image:width\" content=\"1179\" \/>\n\t<meta property=\"og:image:height\" content=\"654\" \/>\n\t<meta property=\"og:image:type\" content=\"image\/jpeg\" \/>\n<meta name=\"author\" content=\"albaclavero\" \/>\n<meta name=\"twitter:card\" content=\"summary_large_image\" \/>\n<meta name=\"twitter:label1\" content=\"Escrito por\" \/>\n\t<meta name=\"twitter:data1\" content=\"albaclavero\" \/>\n\t<meta name=\"twitter:label2\" content=\"Tiempo de lectura\" \/>\n\t<meta name=\"twitter:data2\" content=\"1 minuto\" \/>\n<script type=\"application\/ld+json\" class=\"yoast-schema-graph\">{\"@context\":\"https:\/\/schema.org\",\"@graph\":[{\"@type\":\"Article\",\"@id\":\"https:\/\/www.merlinproperties.com\/pt\/dia-a-dia\/esta-foi-a-inauguracao-do-nosso-data-center-merlin-edged-barcelona\/#article\",\"isPartOf\":{\"@id\":\"https:\/\/www.merlinproperties.com\/pt\/dia-a-dia\/esta-foi-a-inauguracao-do-nosso-data-center-merlin-edged-barcelona\/\"},\"author\":{\"name\":\"albaclavero\",\"@id\":\"https:\/\/www.merlinproperties.com\/pt\/#\/schema\/person\/1bcb8cdc1d11df155e03700d933bee6a\"},\"headline\":\"Esta foi a inaugura\u00e7\u00e3o do nosso Data Center MERLIN Edged Barcelona.\",\"datePublished\":\"2025-06-02T14:28:02+00:00\",\"dateModified\":\"2025-06-02T14:28:06+00:00\",\"mainEntityOfPage\":{\"@id\":\"https:\/\/www.merlinproperties.com\/pt\/dia-a-dia\/esta-foi-a-inauguracao-do-nosso-data-center-merlin-edged-barcelona\/\"},\"wordCount\":68,\"publisher\":{\"@id\":\"https:\/\/www.merlinproperties.com\/pt\/#organization\"},\"image\":{\"@id\":\"https:\/\/www.merlinproperties.com\/pt\/dia-a-dia\/esta-foi-a-inauguracao-do-nosso-data-center-merlin-edged-barcelona\/#primaryimage\"},\"thumbnailUrl\":\"https:\/\/www.merlinproperties.com\/pt\/wp-content\/uploads\/sites\/3\/2025\/06\/IMG_9419.jpg\",\"articleSection\":[\"Data centers\",\"D\u00eda a d\u00eda\"],\"inLanguage\":\"es\"},{\"@type\":\"WebPage\",\"@id\":\"https:\/\/www.merlinproperties.com\/pt\/dia-a-dia\/esta-foi-a-inauguracao-do-nosso-data-center-merlin-edged-barcelona\/\",\"url\":\"https:\/\/www.merlinproperties.com\/pt\/dia-a-dia\/esta-foi-a-inauguracao-do-nosso-data-center-merlin-edged-barcelona\/\",\"name\":\"Esta foi a inaugura\u00e7\u00e3o do nosso Data Center MERLIN Edged Barcelona. - Merlin Properties Socimi, S.A. (PT)\",\"isPartOf\":{\"@id\":\"https:\/\/www.merlinproperties.com\/pt\/#website\"},\"primaryImageOfPage\":{\"@id\":\"https:\/\/www.merlinproperties.com\/pt\/dia-a-dia\/esta-foi-a-inauguracao-do-nosso-data-center-merlin-edged-barcelona\/#primaryimage\"},\"image\":{\"@id\":\"https:\/\/www.merlinproperties.com\/pt\/dia-a-dia\/esta-foi-a-inauguracao-do-nosso-data-center-merlin-edged-barcelona\/#primaryimage\"},\"thumbnailUrl\":\"https:\/\/www.merlinproperties.com\/pt\/wp-content\/uploads\/sites\/3\/2025\/06\/IMG_9419.jpg\",\"datePublished\":\"2025-06-02T14:28:02+00:00\",\"dateModified\":\"2025-06-02T14:28:06+00:00\",\"inLanguage\":\"es\",\"potentialAction\":[{\"@type\":\"ReadAction\",\"target\":[\"https:\/\/www.merlinproperties.com\/pt\/dia-a-dia\/esta-foi-a-inauguracao-do-nosso-data-center-merlin-edged-barcelona\/\"]}]},{\"@type\":\"ImageObject\",\"inLanguage\":\"es\",\"@id\":\"https:\/\/www.merlinproperties.com\/pt\/dia-a-dia\/esta-foi-a-inauguracao-do-nosso-data-center-merlin-edged-barcelona\/#primaryimage\",\"url\":\"https:\/\/www.merlinproperties.com\/pt\/wp-content\/uploads\/sites\/3\/2025\/06\/IMG_9419.jpg\",\"contentUrl\":\"https:\/\/www.merlinproperties.com\/pt\/wp-content\/uploads\/sites\/3\/2025\/06\/IMG_9419.jpg\",\"width\":1179,\"height\":654},{\"@type\":\"WebSite\",\"@id\":\"https:\/\/www.merlinproperties.com\/pt\/#website\",\"url\":\"https:\/\/www.merlinproperties.com\/pt\/\",\"name\":\"Merlin Properties Socimi, S.A. (PT)\",\"description\":\"Compa\u00f1\u00eda Inmobiliaria, cotizada, l\u00edder en el sector de activos terciarios en la Pen\u00ednsula Ib\u00e9rica.\",\"publisher\":{\"@id\":\"https:\/\/www.merlinproperties.com\/pt\/#organization\"},\"potentialAction\":[{\"@type\":\"SearchAction\",\"target\":{\"@type\":\"EntryPoint\",\"urlTemplate\":\"https:\/\/www.merlinproperties.com\/pt\/?s={search_term_string}\"},\"query-input\":{\"@type\":\"PropertyValueSpecification\",\"valueRequired\":true,\"valueName\":\"search_term_string\"}}],\"inLanguage\":\"es\"},{\"@type\":\"Organization\",\"@id\":\"https:\/\/www.merlinproperties.com\/pt\/#organization\",\"name\":\"Merlin Properties Socimi, S.A. (PT)\",\"url\":\"https:\/\/www.merlinproperties.com\/pt\/\",\"logo\":{\"@type\":\"ImageObject\",\"inLanguage\":\"es\",\"@id\":\"https:\/\/www.merlinproperties.com\/pt\/#\/schema\/logo\/image\/\",\"url\":\"https:\/\/www.merlinproperties.com\/pt\/wp-content\/uploads\/sites\/3\/2023\/03\/Merlin-Logo-Horizontal-Negativo-scaled-3.png\",\"contentUrl\":\"https:\/\/www.merlinproperties.com\/pt\/wp-content\/uploads\/sites\/3\/2023\/03\/Merlin-Logo-Horizontal-Negativo-scaled-3.png\",\"width\":600,\"height\":204,\"caption\":\"Merlin Properties Socimi, S.A. (PT)\"},\"image\":{\"@id\":\"https:\/\/www.merlinproperties.com\/pt\/#\/schema\/logo\/image\/\"}},{\"@type\":\"Person\",\"@id\":\"https:\/\/www.merlinproperties.com\/pt\/#\/schema\/person\/1bcb8cdc1d11df155e03700d933bee6a\",\"name\":\"albaclavero\",\"image\":{\"@type\":\"ImageObject\",\"inLanguage\":\"es\",\"@id\":\"https:\/\/www.merlinproperties.com\/pt\/#\/schema\/person\/image\/\",\"url\":\"https:\/\/secure.gravatar.com\/avatar\/bb2cd22b45218e9e06701ca4b693cdd392bd06fc7d29be2b9339b092c70bced0?s=96&d=mm&r=g\",\"contentUrl\":\"https:\/\/secure.gravatar.com\/avatar\/bb2cd22b45218e9e06701ca4b693cdd392bd06fc7d29be2b9339b092c70bced0?s=96&d=mm&r=g\",\"caption\":\"albaclavero\"},\"url\":\"https:\/\/www.merlinproperties.com\/pt\/author\/albaclavero\/\"}]}<\/script>\n<!-- \/ Yoast SEO plugin. -->","yoast_head_json":{"title":"Esta foi a inaugura\u00e7\u00e3o do nosso Data Center MERLIN Edged Barcelona. - Merlin Properties Socimi, S.A. (PT)","robots":{"index":"index","follow":"follow","max-snippet":"max-snippet:-1","max-image-preview":"max-image-preview:large","max-video-preview":"max-video-preview:-1"},"canonical":"https:\/\/www.merlinproperties.com\/pt\/dia-a-dia\/esta-foi-a-inauguracao-do-nosso-data-center-merlin-edged-barcelona\/","og_locale":"es_ES","og_type":"article","og_title":"Esta foi a inaugura\u00e7\u00e3o do nosso Data Center MERLIN Edged Barcelona. - Merlin Properties Socimi, S.A. (PT)","og_description":"Esta foi a inaugura\u00e7\u00e3o do nosso MERLIN Edged Data Center Barcelona com Corewave. Um marco importante que \u00abtransforma Barcelona num verdadeiro porto digital do Mediterr\u00e2neo\u00bb, nas palavras de Jaume Collboni Cuadrado, presidente da C\u00e2mara de Barcelona.","og_url":"https:\/\/www.merlinproperties.com\/pt\/dia-a-dia\/esta-foi-a-inauguracao-do-nosso-data-center-merlin-edged-barcelona\/","og_site_name":"Merlin Properties Socimi, S.A. (PT)","article_published_time":"2025-06-02T14:28:02+00:00","article_modified_time":"2025-06-02T14:28:06+00:00","og_image":[{"width":1179,"height":654,"url":"https:\/\/www.merlinproperties.com\/pt\/wp-content\/uploads\/sites\/3\/2025\/06\/IMG_9419.jpg","type":"image\/jpeg"}],"author":"albaclavero","twitter_card":"summary_large_image","twitter_misc":{"Escrito por":"albaclavero","Tiempo de lectura":"1 minuto"},"schema":{"@context":"https:\/\/schema.org","@graph":[{"@type":"Article","@id":"https:\/\/www.merlinproperties.com\/pt\/dia-a-dia\/esta-foi-a-inauguracao-do-nosso-data-center-merlin-edged-barcelona\/#article","isPartOf":{"@id":"https:\/\/www.merlinproperties.com\/pt\/dia-a-dia\/esta-foi-a-inauguracao-do-nosso-data-center-merlin-edged-barcelona\/"},"author":{"name":"albaclavero","@id":"https:\/\/www.merlinproperties.com\/pt\/#\/schema\/person\/1bcb8cdc1d11df155e03700d933bee6a"},"headline":"Esta foi a inaugura\u00e7\u00e3o do nosso Data Center MERLIN Edged Barcelona.","datePublished":"2025-06-02T14:28:02+00:00","dateModified":"2025-06-02T14:28:06+00:00","mainEntityOfPage":{"@id":"https:\/\/www.merlinproperties.com\/pt\/dia-a-dia\/esta-foi-a-inauguracao-do-nosso-data-center-merlin-edged-barcelona\/"},"wordCount":68,"publisher":{"@id":"https:\/\/www.merlinproperties.com\/pt\/#organization"},"image":{"@id":"https:\/\/www.merlinproperties.com\/pt\/dia-a-dia\/esta-foi-a-inauguracao-do-nosso-data-center-merlin-edged-barcelona\/#primaryimage"},"thumbnailUrl":"https:\/\/www.merlinproperties.com\/pt\/wp-content\/uploads\/sites\/3\/2025\/06\/IMG_9419.jpg","articleSection":["Data centers","D\u00eda a d\u00eda"],"inLanguage":"es"},{"@type":"WebPage","@id":"https:\/\/www.merlinproperties.com\/pt\/dia-a-dia\/esta-foi-a-inauguracao-do-nosso-data-center-merlin-edged-barcelona\/","url":"https:\/\/www.merlinproperties.com\/pt\/dia-a-dia\/esta-foi-a-inauguracao-do-nosso-data-center-merlin-edged-barcelona\/","name":"Esta foi a inaugura\u00e7\u00e3o do nosso Data Center MERLIN Edged Barcelona. - Merlin Properties Socimi, S.A. (PT)","isPartOf":{"@id":"https:\/\/www.merlinproperties.com\/pt\/#website"},"primaryImageOfPage":{"@id":"https:\/\/www.merlinproperties.com\/pt\/dia-a-dia\/esta-foi-a-inauguracao-do-nosso-data-center-merlin-edged-barcelona\/#primaryimage"},"image":{"@id":"https:\/\/www.merlinproperties.com\/pt\/dia-a-dia\/esta-foi-a-inauguracao-do-nosso-data-center-merlin-edged-barcelona\/#primaryimage"},"thumbnailUrl":"https:\/\/www.merlinproperties.com\/pt\/wp-content\/uploads\/sites\/3\/2025\/06\/IMG_9419.jpg","datePublished":"2025-06-02T14:28:02+00:00","dateModified":"2025-06-02T14:28:06+00:00","inLanguage":"es","potentialAction":[{"@type":"ReadAction","target":["https:\/\/www.merlinproperties.com\/pt\/dia-a-dia\/esta-foi-a-inauguracao-do-nosso-data-center-merlin-edged-barcelona\/"]}]},{"@type":"ImageObject","inLanguage":"es","@id":"https:\/\/www.merlinproperties.com\/pt\/dia-a-dia\/esta-foi-a-inauguracao-do-nosso-data-center-merlin-edged-barcelona\/#primaryimage","url":"https:\/\/www.merlinproperties.com\/pt\/wp-content\/uploads\/sites\/3\/2025\/06\/IMG_9419.jpg","contentUrl":"https:\/\/www.merlinproperties.com\/pt\/wp-content\/uploads\/sites\/3\/2025\/06\/IMG_9419.jpg","width":1179,"height":654},{"@type":"WebSite","@id":"https:\/\/www.merlinproperties.com\/pt\/#website","url":"https:\/\/www.merlinproperties.com\/pt\/","name":"Merlin Properties Socimi, S.A. (PT)","description":"Compa\u00f1\u00eda Inmobiliaria, cotizada, l\u00edder en el sector de activos terciarios en la Pen\u00ednsula Ib\u00e9rica.","publisher":{"@id":"https:\/\/www.merlinproperties.com\/pt\/#organization"},"potentialAction":[{"@type":"SearchAction","target":{"@type":"EntryPoint","urlTemplate":"https:\/\/www.merlinproperties.com\/pt\/?s={search_term_string}"},"query-input":{"@type":"PropertyValueSpecification","valueRequired":true,"valueName":"search_term_string"}}],"inLanguage":"es"},{"@type":"Organization","@id":"https:\/\/www.merlinproperties.com\/pt\/#organization","name":"Merlin Properties Socimi, S.A. (PT)","url":"https:\/\/www.merlinproperties.com\/pt\/","logo":{"@type":"ImageObject","inLanguage":"es","@id":"https:\/\/www.merlinproperties.com\/pt\/#\/schema\/logo\/image\/","url":"https:\/\/www.merlinproperties.com\/pt\/wp-content\/uploads\/sites\/3\/2023\/03\/Merlin-Logo-Horizontal-Negativo-scaled-3.png","contentUrl":"https:\/\/www.merlinproperties.com\/pt\/wp-content\/uploads\/sites\/3\/2023\/03\/Merlin-Logo-Horizontal-Negativo-scaled-3.png","width":600,"height":204,"caption":"Merlin Properties Socimi, S.A. (PT)"},"image":{"@id":"https:\/\/www.merlinproperties.com\/pt\/#\/schema\/logo\/image\/"}},{"@type":"Person","@id":"https:\/\/www.merlinproperties.com\/pt\/#\/schema\/person\/1bcb8cdc1d11df155e03700d933bee6a","name":"albaclavero","image":{"@type":"ImageObject","inLanguage":"es","@id":"https:\/\/www.merlinproperties.com\/pt\/#\/schema\/person\/image\/","url":"https:\/\/secure.gravatar.com\/avatar\/bb2cd22b45218e9e06701ca4b693cdd392bd06fc7d29be2b9339b092c70bced0?s=96&d=mm&r=g","contentUrl":"https:\/\/secure.gravatar.com\/avatar\/bb2cd22b45218e9e06701ca4b693cdd392bd06fc7d29be2b9339b092c70bced0?s=96&d=mm&r=g","caption":"albaclavero"},"url":"https:\/\/www.merlinproperties.com\/pt\/author\/albaclavero\/"}]}},"_links":{"self":[{"href":"https:\/\/www.merlinproperties.com\/pt\/wp-json\/wp\/v2\/posts\/8644","targetHints":{"allow":["GET"]}}],"collection":[{"href":"https:\/\/www.merlinproperties.com\/pt\/wp-json\/wp\/v2\/posts"}],"about":[{"href":"https:\/\/www.merlinproperties.com\/pt\/wp-json\/wp\/v2\/types\/post"}],"author":[{"embeddable":true,"href":"https:\/\/www.merlinproperties.com\/pt\/wp-json\/wp\/v2\/users\/14"}],"replies":[{"embeddable":true,"href":"https:\/\/www.merlinproperties.com\/pt\/wp-json\/wp\/v2\/comments?post=8644"}],"version-history":[{"count":3,"href":"https:\/\/www.merlinproperties.com\/pt\/wp-json\/wp\/v2\/posts\/8644\/revisions"}],"predecessor-version":[{"id":8650,"href":"https:\/\/www.merlinproperties.com\/pt\/wp-json\/wp\/v2\/posts\/8644\/revisions\/8650"}],"wp:featuredmedia":[{"embeddable":true,"href":"https:\/\/www.merlinproperties.com\/pt\/wp-json\/wp\/v2\/media\/8647"}],"wp:attachment":[{"href":"https:\/\/www.merlinproperties.com\/pt\/wp-json\/wp\/v2\/media?parent=8644"}],"wp:term":[{"taxonomy":"category","embeddable":true,"href":"https:\/\/www.merlinproperties.com\/pt\/wp-json\/wp\/v2\/categories?post=8644"}],"curies":[{"name":"wp","href":"https:\/\/api.w.org\/{rel}","templated":true}]}}