{"id":8618,"date":"2025-05-20T10:27:45","date_gmt":"2025-05-20T10:27:45","guid":{"rendered":"https:\/\/www.merlinproperties.com\/pt\/?p=8618"},"modified":"2025-05-20T10:27:45","modified_gmt":"2025-05-20T10:27:45","slug":"participamos-na-conferencia-anual-da-uli-espanha-2025","status":"publish","type":"post","link":"https:\/\/www.merlinproperties.com\/pt\/dia-a-dia\/participamos-na-conferencia-anual-da-uli-espanha-2025\/","title":{"rendered":"Particip\u00e1mos na Confer\u00eancia Anual da ULI Espanha 2025"},"content":{"rendered":"<p>Na semana passada o nosso CEO, Ismael Clemente participou no painel \u201cEmerging trends: What&#8217;s Next: Future-Proofing Europe&#8217;s Data Centre Landscape\u201d durante a ULI Spain Annual Conference 2025 organizada pela IE University, juntamente com Mikael Hesselvall, Diretor Business Development &amp; IC member at Areim e Richard Redstone, Principal at Blue Owl Capital e moderado por Simon Chinn, VP, Research and Advisory Services at ULI Europe.<\/p>\n<p>O painel discutiu as principais quest\u00f5es que est\u00e3o a moldar o futuro digital na Europa, incluindo as mudan\u00e7as no panorama do investimento e diferentes aspectos, como a din\u00e2mica da localiza\u00e7\u00e3o e transforma\u00e7\u00e3o dos centros de dados, a sustentabilidade e as perspectivas para o futuro.<\/p>\n<p><img loading=\"lazy\" decoding=\"async\" class=\"alignnone size-medium wp-image-8619\" src=\"https:\/\/www.merlinproperties.com\/pt\/wp-content\/uploads\/sites\/3\/2025\/05\/foto-final-636x630.jpeg\" alt=\"\" width=\"636\" height=\"630\" srcset=\"https:\/\/www.merlinproperties.com\/pt\/wp-content\/uploads\/sites\/3\/2025\/05\/foto-final-636x630.jpeg 636w, https:\/\/www.merlinproperties.com\/pt\/wp-content\/uploads\/sites\/3\/2025\/05\/foto-final-1091x1080.jpeg 1091w, https:\/\/www.merlinproperties.com\/pt\/wp-content\/uploads\/sites\/3\/2025\/05\/foto-final-450x446.jpeg 450w, https:\/\/www.merlinproperties.com\/pt\/wp-content\/uploads\/sites\/3\/2025\/05\/foto-final-768x761.jpeg 768w, https:\/\/www.merlinproperties.com\/pt\/wp-content\/uploads\/sites\/3\/2025\/05\/foto-final-1536x1521.jpeg 1536w, https:\/\/www.merlinproperties.com\/pt\/wp-content\/uploads\/sites\/3\/2025\/05\/foto-final-1200x1188.jpeg 1200w, https:\/\/www.merlinproperties.com\/pt\/wp-content\/uploads\/sites\/3\/2025\/05\/foto-final-1980x1961.jpeg 1980w, https:\/\/www.merlinproperties.com\/pt\/wp-content\/uploads\/sites\/3\/2025\/05\/foto-final.jpeg 2048w\" sizes=\"auto, (max-width: 636px) 100vw, 636px\" \/><\/p>\n","protected":false},"excerpt":{"rendered":"<p>Na semana passada o nosso CEO, Ismael Clemente participou no painel \u201cEmerging trends: What&#8217;s Next: Future-Proofing Europe&#8217;s Data Centre Landscape\u201d durante a ULI Spain Annual Conference 2025 organizada pela IE University, juntamente com Mikael Hesselvall, Diretor Business Development &amp; IC member at Areim e Richard Redstone, Principal at Blue Owl Capital e moderado por Simon [&hellip;]<\/p>\n","protected":false},"author":13,"featured_media":8621,"comment_status":"closed","ping_status":"open","sticky":false,"template":"","format":"standard","meta":{"footnotes":""},"categories":[90,43,41],"class_list":["post-8618","post","type-post","status-publish","format-standard","has-post-thumbnail","hentry","category-corporativo","category-dia-data-center","category-dia-a-dia"],"acf":[],"yoast_head":"<!-- This site is optimized with the Yoast SEO plugin v26.5 - https:\/\/yoast.com\/wordpress\/plugins\/seo\/ -->\n<title>Particip\u00e1mos na Confer\u00eancia Anual da ULI Espanha 2025 - Merlin Properties Socimi, S.A. (PT)<\/title>\n<meta name=\"robots\" content=\"index, follow, max-snippet:-1, max-image-preview:large, max-video-preview:-1\" \/>\n<link rel=\"canonical\" href=\"https:\/\/www.merlinproperties.com\/pt\/dia-a-dia\/participamos-na-conferencia-anual-da-uli-espanha-2025\/\" \/>\n<meta property=\"og:locale\" content=\"es_ES\" \/>\n<meta property=\"og:type\" content=\"article\" \/>\n<meta property=\"og:title\" content=\"Particip\u00e1mos na Confer\u00eancia Anual da ULI Espanha 2025 - Merlin Properties Socimi, S.A. (PT)\" \/>\n<meta property=\"og:description\" content=\"Na semana passada o nosso CEO, Ismael Clemente participou no painel \u201cEmerging trends: What&#8217;s Next: Future-Proofing Europe&#8217;s Data Centre Landscape\u201d durante a ULI Spain Annual Conference 2025 organizada pela IE University, juntamente com Mikael Hesselvall, Diretor Business Development &amp; IC member at Areim e Richard Redstone, Principal at Blue Owl Capital e moderado por Simon [&hellip;]\" \/>\n<meta property=\"og:url\" content=\"https:\/\/www.merlinproperties.com\/pt\/dia-a-dia\/participamos-na-conferencia-anual-da-uli-espanha-2025\/\" \/>\n<meta property=\"og:site_name\" content=\"Merlin Properties Socimi, S.A. (PT)\" \/>\n<meta property=\"article:published_time\" content=\"2025-05-20T10:27:45+00:00\" \/>\n<meta property=\"og:image\" content=\"https:\/\/www.merlinproperties.com\/pt\/wp-content\/uploads\/sites\/3\/2025\/05\/foto-final-1.jpeg\" \/>\n\t<meta property=\"og:image:width\" content=\"2048\" \/>\n\t<meta property=\"og:image:height\" content=\"2028\" \/>\n\t<meta property=\"og:image:type\" content=\"image\/jpeg\" \/>\n<meta name=\"twitter:card\" content=\"summary_large_image\" \/>\n<meta name=\"twitter:label1\" content=\"Escrito por\" \/>\n\t<meta name=\"twitter:data1\" content=\"\" \/>\n\t<meta name=\"twitter:label2\" content=\"Tiempo de lectura\" \/>\n\t<meta name=\"twitter:data2\" content=\"1 minuto\" \/>\n<script type=\"application\/ld+json\" class=\"yoast-schema-graph\">{\"@context\":\"https:\/\/schema.org\",\"@graph\":[{\"@type\":\"Article\",\"@id\":\"https:\/\/www.merlinproperties.com\/pt\/dia-a-dia\/participamos-na-conferencia-anual-da-uli-espanha-2025\/#article\",\"isPartOf\":{\"@id\":\"https:\/\/www.merlinproperties.com\/pt\/dia-a-dia\/participamos-na-conferencia-anual-da-uli-espanha-2025\/\"},\"author\":{\"name\":\"\",\"@id\":\"\"},\"headline\":\"Particip\u00e1mos na Confer\u00eancia Anual da ULI Espanha 2025\",\"datePublished\":\"2025-05-20T10:27:45+00:00\",\"mainEntityOfPage\":{\"@id\":\"https:\/\/www.merlinproperties.com\/pt\/dia-a-dia\/participamos-na-conferencia-anual-da-uli-espanha-2025\/\"},\"wordCount\":124,\"publisher\":{\"@id\":\"https:\/\/www.merlinproperties.com\/pt\/#organization\"},\"image\":{\"@id\":\"https:\/\/www.merlinproperties.com\/pt\/dia-a-dia\/participamos-na-conferencia-anual-da-uli-espanha-2025\/#primaryimage\"},\"thumbnailUrl\":\"https:\/\/www.merlinproperties.com\/pt\/wp-content\/uploads\/sites\/3\/2025\/05\/foto-final-1.jpeg\",\"articleSection\":[\"Corporativo\",\"Data centers\",\"D\u00eda a d\u00eda\"],\"inLanguage\":\"es\"},{\"@type\":\"WebPage\",\"@id\":\"https:\/\/www.merlinproperties.com\/pt\/dia-a-dia\/participamos-na-conferencia-anual-da-uli-espanha-2025\/\",\"url\":\"https:\/\/www.merlinproperties.com\/pt\/dia-a-dia\/participamos-na-conferencia-anual-da-uli-espanha-2025\/\",\"name\":\"Particip\u00e1mos na Confer\u00eancia Anual da ULI Espanha 2025 - Merlin Properties Socimi, S.A. (PT)\",\"isPartOf\":{\"@id\":\"https:\/\/www.merlinproperties.com\/pt\/#website\"},\"primaryImageOfPage\":{\"@id\":\"https:\/\/www.merlinproperties.com\/pt\/dia-a-dia\/participamos-na-conferencia-anual-da-uli-espanha-2025\/#primaryimage\"},\"image\":{\"@id\":\"https:\/\/www.merlinproperties.com\/pt\/dia-a-dia\/participamos-na-conferencia-anual-da-uli-espanha-2025\/#primaryimage\"},\"thumbnailUrl\":\"https:\/\/www.merlinproperties.com\/pt\/wp-content\/uploads\/sites\/3\/2025\/05\/foto-final-1.jpeg\",\"datePublished\":\"2025-05-20T10:27:45+00:00\",\"inLanguage\":\"es\",\"potentialAction\":[{\"@type\":\"ReadAction\",\"target\":[\"https:\/\/www.merlinproperties.com\/pt\/dia-a-dia\/participamos-na-conferencia-anual-da-uli-espanha-2025\/\"]}]},{\"@type\":\"ImageObject\",\"inLanguage\":\"es\",\"@id\":\"https:\/\/www.merlinproperties.com\/pt\/dia-a-dia\/participamos-na-conferencia-anual-da-uli-espanha-2025\/#primaryimage\",\"url\":\"https:\/\/www.merlinproperties.com\/pt\/wp-content\/uploads\/sites\/3\/2025\/05\/foto-final-1.jpeg\",\"contentUrl\":\"https:\/\/www.merlinproperties.com\/pt\/wp-content\/uploads\/sites\/3\/2025\/05\/foto-final-1.jpeg\",\"width\":2048,\"height\":2028},{\"@type\":\"WebSite\",\"@id\":\"https:\/\/www.merlinproperties.com\/pt\/#website\",\"url\":\"https:\/\/www.merlinproperties.com\/pt\/\",\"name\":\"Merlin Properties Socimi, S.A. (PT)\",\"description\":\"Compa\u00f1\u00eda Inmobiliaria, cotizada, l\u00edder en el sector de activos terciarios en la Pen\u00ednsula Ib\u00e9rica.\",\"publisher\":{\"@id\":\"https:\/\/www.merlinproperties.com\/pt\/#organization\"},\"potentialAction\":[{\"@type\":\"SearchAction\",\"target\":{\"@type\":\"EntryPoint\",\"urlTemplate\":\"https:\/\/www.merlinproperties.com\/pt\/?s={search_term_string}\"},\"query-input\":{\"@type\":\"PropertyValueSpecification\",\"valueRequired\":true,\"valueName\":\"search_term_string\"}}],\"inLanguage\":\"es\"},{\"@type\":\"Organization\",\"@id\":\"https:\/\/www.merlinproperties.com\/pt\/#organization\",\"name\":\"Merlin Properties Socimi, S.A. (PT)\",\"url\":\"https:\/\/www.merlinproperties.com\/pt\/\",\"logo\":{\"@type\":\"ImageObject\",\"inLanguage\":\"es\",\"@id\":\"https:\/\/www.merlinproperties.com\/pt\/#\/schema\/logo\/image\/\",\"url\":\"https:\/\/www.merlinproperties.com\/pt\/wp-content\/uploads\/sites\/3\/2023\/03\/Merlin-Logo-Horizontal-Negativo-scaled-3.png\",\"contentUrl\":\"https:\/\/www.merlinproperties.com\/pt\/wp-content\/uploads\/sites\/3\/2023\/03\/Merlin-Logo-Horizontal-Negativo-scaled-3.png\",\"width\":600,\"height\":204,\"caption\":\"Merlin Properties Socimi, S.A. (PT)\"},\"image\":{\"@id\":\"https:\/\/www.merlinproperties.com\/pt\/#\/schema\/logo\/image\/\"}},{\"@type\":\"Person\",\"@id\":\"\",\"url\":\"https:\/\/www.merlinproperties.com\/pt\/author\/\"}]}<\/script>\n<!-- \/ Yoast SEO plugin. -->","yoast_head_json":{"title":"Particip\u00e1mos na Confer\u00eancia Anual da ULI Espanha 2025 - Merlin Properties Socimi, S.A. (PT)","robots":{"index":"index","follow":"follow","max-snippet":"max-snippet:-1","max-image-preview":"max-image-preview:large","max-video-preview":"max-video-preview:-1"},"canonical":"https:\/\/www.merlinproperties.com\/pt\/dia-a-dia\/participamos-na-conferencia-anual-da-uli-espanha-2025\/","og_locale":"es_ES","og_type":"article","og_title":"Particip\u00e1mos na Confer\u00eancia Anual da ULI Espanha 2025 - Merlin Properties Socimi, S.A. (PT)","og_description":"Na semana passada o nosso CEO, Ismael Clemente participou no painel \u201cEmerging trends: What&#8217;s Next: Future-Proofing Europe&#8217;s Data Centre Landscape\u201d durante a ULI Spain Annual Conference 2025 organizada pela IE University, juntamente com Mikael Hesselvall, Diretor Business Development &amp; IC member at Areim e Richard Redstone, Principal at Blue Owl Capital e moderado por Simon [&hellip;]","og_url":"https:\/\/www.merlinproperties.com\/pt\/dia-a-dia\/participamos-na-conferencia-anual-da-uli-espanha-2025\/","og_site_name":"Merlin Properties Socimi, S.A. (PT)","article_published_time":"2025-05-20T10:27:45+00:00","og_image":[{"width":2048,"height":2028,"url":"https:\/\/www.merlinproperties.com\/pt\/wp-content\/uploads\/sites\/3\/2025\/05\/foto-final-1.jpeg","type":"image\/jpeg"}],"twitter_card":"summary_large_image","twitter_misc":{"Escrito por":"","Tiempo de lectura":"1 minuto"},"schema":{"@context":"https:\/\/schema.org","@graph":[{"@type":"Article","@id":"https:\/\/www.merlinproperties.com\/pt\/dia-a-dia\/participamos-na-conferencia-anual-da-uli-espanha-2025\/#article","isPartOf":{"@id":"https:\/\/www.merlinproperties.com\/pt\/dia-a-dia\/participamos-na-conferencia-anual-da-uli-espanha-2025\/"},"author":{"name":"","@id":""},"headline":"Particip\u00e1mos na Confer\u00eancia Anual da ULI Espanha 2025","datePublished":"2025-05-20T10:27:45+00:00","mainEntityOfPage":{"@id":"https:\/\/www.merlinproperties.com\/pt\/dia-a-dia\/participamos-na-conferencia-anual-da-uli-espanha-2025\/"},"wordCount":124,"publisher":{"@id":"https:\/\/www.merlinproperties.com\/pt\/#organization"},"image":{"@id":"https:\/\/www.merlinproperties.com\/pt\/dia-a-dia\/participamos-na-conferencia-anual-da-uli-espanha-2025\/#primaryimage"},"thumbnailUrl":"https:\/\/www.merlinproperties.com\/pt\/wp-content\/uploads\/sites\/3\/2025\/05\/foto-final-1.jpeg","articleSection":["Corporativo","Data centers","D\u00eda a d\u00eda"],"inLanguage":"es"},{"@type":"WebPage","@id":"https:\/\/www.merlinproperties.com\/pt\/dia-a-dia\/participamos-na-conferencia-anual-da-uli-espanha-2025\/","url":"https:\/\/www.merlinproperties.com\/pt\/dia-a-dia\/participamos-na-conferencia-anual-da-uli-espanha-2025\/","name":"Particip\u00e1mos na Confer\u00eancia Anual da ULI Espanha 2025 - Merlin Properties Socimi, S.A. (PT)","isPartOf":{"@id":"https:\/\/www.merlinproperties.com\/pt\/#website"},"primaryImageOfPage":{"@id":"https:\/\/www.merlinproperties.com\/pt\/dia-a-dia\/participamos-na-conferencia-anual-da-uli-espanha-2025\/#primaryimage"},"image":{"@id":"https:\/\/www.merlinproperties.com\/pt\/dia-a-dia\/participamos-na-conferencia-anual-da-uli-espanha-2025\/#primaryimage"},"thumbnailUrl":"https:\/\/www.merlinproperties.com\/pt\/wp-content\/uploads\/sites\/3\/2025\/05\/foto-final-1.jpeg","datePublished":"2025-05-20T10:27:45+00:00","inLanguage":"es","potentialAction":[{"@type":"ReadAction","target":["https:\/\/www.merlinproperties.com\/pt\/dia-a-dia\/participamos-na-conferencia-anual-da-uli-espanha-2025\/"]}]},{"@type":"ImageObject","inLanguage":"es","@id":"https:\/\/www.merlinproperties.com\/pt\/dia-a-dia\/participamos-na-conferencia-anual-da-uli-espanha-2025\/#primaryimage","url":"https:\/\/www.merlinproperties.com\/pt\/wp-content\/uploads\/sites\/3\/2025\/05\/foto-final-1.jpeg","contentUrl":"https:\/\/www.merlinproperties.com\/pt\/wp-content\/uploads\/sites\/3\/2025\/05\/foto-final-1.jpeg","width":2048,"height":2028},{"@type":"WebSite","@id":"https:\/\/www.merlinproperties.com\/pt\/#website","url":"https:\/\/www.merlinproperties.com\/pt\/","name":"Merlin Properties Socimi, S.A. (PT)","description":"Compa\u00f1\u00eda Inmobiliaria, cotizada, l\u00edder en el sector de activos terciarios en la Pen\u00ednsula Ib\u00e9rica.","publisher":{"@id":"https:\/\/www.merlinproperties.com\/pt\/#organization"},"potentialAction":[{"@type":"SearchAction","target":{"@type":"EntryPoint","urlTemplate":"https:\/\/www.merlinproperties.com\/pt\/?s={search_term_string}"},"query-input":{"@type":"PropertyValueSpecification","valueRequired":true,"valueName":"search_term_string"}}],"inLanguage":"es"},{"@type":"Organization","@id":"https:\/\/www.merlinproperties.com\/pt\/#organization","name":"Merlin Properties Socimi, S.A. (PT)","url":"https:\/\/www.merlinproperties.com\/pt\/","logo":{"@type":"ImageObject","inLanguage":"es","@id":"https:\/\/www.merlinproperties.com\/pt\/#\/schema\/logo\/image\/","url":"https:\/\/www.merlinproperties.com\/pt\/wp-content\/uploads\/sites\/3\/2023\/03\/Merlin-Logo-Horizontal-Negativo-scaled-3.png","contentUrl":"https:\/\/www.merlinproperties.com\/pt\/wp-content\/uploads\/sites\/3\/2023\/03\/Merlin-Logo-Horizontal-Negativo-scaled-3.png","width":600,"height":204,"caption":"Merlin Properties Socimi, S.A. (PT)"},"image":{"@id":"https:\/\/www.merlinproperties.com\/pt\/#\/schema\/logo\/image\/"}},{"@type":"Person","@id":"","url":"https:\/\/www.merlinproperties.com\/pt\/author\/"}]}},"_links":{"self":[{"href":"https:\/\/www.merlinproperties.com\/pt\/wp-json\/wp\/v2\/posts\/8618","targetHints":{"allow":["GET"]}}],"collection":[{"href":"https:\/\/www.merlinproperties.com\/pt\/wp-json\/wp\/v2\/posts"}],"about":[{"href":"https:\/\/www.merlinproperties.com\/pt\/wp-json\/wp\/v2\/types\/post"}],"author":[{"embeddable":true,"href":"https:\/\/www.merlinproperties.com\/pt\/wp-json\/wp\/v2\/users\/13"}],"replies":[{"embeddable":true,"href":"https:\/\/www.merlinproperties.com\/pt\/wp-json\/wp\/v2\/comments?post=8618"}],"version-history":[{"count":1,"href":"https:\/\/www.merlinproperties.com\/pt\/wp-json\/wp\/v2\/posts\/8618\/revisions"}],"predecessor-version":[{"id":8622,"href":"https:\/\/www.merlinproperties.com\/pt\/wp-json\/wp\/v2\/posts\/8618\/revisions\/8622"}],"wp:featuredmedia":[{"embeddable":true,"href":"https:\/\/www.merlinproperties.com\/pt\/wp-json\/wp\/v2\/media\/8621"}],"wp:attachment":[{"href":"https:\/\/www.merlinproperties.com\/pt\/wp-json\/wp\/v2\/media?parent=8618"}],"wp:term":[{"taxonomy":"category","embeddable":true,"href":"https:\/\/www.merlinproperties.com\/pt\/wp-json\/wp\/v2\/categories?post=8618"}],"curies":[{"name":"wp","href":"https:\/\/api.w.org\/{rel}","templated":true}]}}