{"id":8595,"date":"2025-05-13T15:00:11","date_gmt":"2025-05-13T15:00:11","guid":{"rendered":"https:\/\/www.merlinproperties.com\/pt\/?p=8595"},"modified":"2025-05-13T15:00:11","modified_gmt":"2025-05-13T15:00:11","slug":"o-presidente-da-camara-de-barcelona-inaugura-o-data-center-de-barcelona-da-merlin-edged-que-anuncia-uma-alianca-com-a-coreweave","status":"publish","type":"post","link":"https:\/\/www.merlinproperties.com\/pt\/dia-a-dia\/dia-data-center\/o-presidente-da-camara-de-barcelona-inaugura-o-data-center-de-barcelona-da-merlin-edged-que-anuncia-uma-alianca-com-a-coreweave\/","title":{"rendered":"O presidente da c\u00e2mara de Barcelona inaugura o Data Center de Barcelona da MERLIN Edged que anuncia uma alian\u00e7a com a CoreWeave."},"content":{"rendered":"<p>Hoje anunciamos a parceria entre a MERLIN Edged e a CoreWeave, o hiperescaler da IATM, para alojar no nosso Data Center na Zona Franca uma das primeiras supercomputadoras de treinamento e infer\u00eancia NVIDIA Hopper em larga escala na Espanha.<\/p>\n<p>No evento de inaugura\u00e7\u00e3o, tivemos a honra de contar com a participa\u00e7\u00e3o do prefeito de Barcelona, Jaume Collboni Cuadrado; Albert Tort, Secret\u00e1rio de Telecomunica\u00e7\u00f5es e Transforma\u00e7\u00e3o Digital do Governo da Generalitat da Catalunha; Cristina Campillo Cruellas, Diretora Geral de Infraestruturas Digitais do Departamento da Presid\u00eancia da Generalitat; juntamente com Mike Mattacola, Gerente Geral Internacional da CoreWeave; Jakob Carnemark, fundador da Edged Energy e Endeavour. Inspired Infrastructure.; e nosso CEO, Ismael Clemente.<\/p>\n<p>Foto em grupo cedida pelo Ajuntament de Barcelona (C\u00e2mara Municipal de Barcelona).<\/p>\n<p><img loading=\"lazy\" decoding=\"async\" class=\"alignnone size-medium wp-image-8596\" src=\"https:\/\/www.merlinproperties.com\/pt\/wp-content\/uploads\/sites\/3\/2025\/05\/Albert-Tort-Jakob-Carnemark-Ismael-Clemente-Jaume-Collboni-Mike-Mattacola-y-Cristina-Campillo-840x560.jpg\" alt=\"\" width=\"840\" height=\"560\" srcset=\"https:\/\/www.merlinproperties.com\/pt\/wp-content\/uploads\/sites\/3\/2025\/05\/Albert-Tort-Jakob-Carnemark-Ismael-Clemente-Jaume-Collboni-Mike-Mattacola-y-Cristina-Campillo-840x560.jpg 840w, https:\/\/www.merlinproperties.com\/pt\/wp-content\/uploads\/sites\/3\/2025\/05\/Albert-Tort-Jakob-Carnemark-Ismael-Clemente-Jaume-Collboni-Mike-Mattacola-y-Cristina-Campillo-1440x960.jpg 1440w, https:\/\/www.merlinproperties.com\/pt\/wp-content\/uploads\/sites\/3\/2025\/05\/Albert-Tort-Jakob-Carnemark-Ismael-Clemente-Jaume-Collboni-Mike-Mattacola-y-Cristina-Campillo-450x300.jpg 450w, https:\/\/www.merlinproperties.com\/pt\/wp-content\/uploads\/sites\/3\/2025\/05\/Albert-Tort-Jakob-Carnemark-Ismael-Clemente-Jaume-Collboni-Mike-Mattacola-y-Cristina-Campillo-768x512.jpg 768w, https:\/\/www.merlinproperties.com\/pt\/wp-content\/uploads\/sites\/3\/2025\/05\/Albert-Tort-Jakob-Carnemark-Ismael-Clemente-Jaume-Collboni-Mike-Mattacola-y-Cristina-Campillo-1536x1024.jpg 1536w, https:\/\/www.merlinproperties.com\/pt\/wp-content\/uploads\/sites\/3\/2025\/05\/Albert-Tort-Jakob-Carnemark-Ismael-Clemente-Jaume-Collboni-Mike-Mattacola-y-Cristina-Campillo-2048x1366.jpg 2048w, https:\/\/www.merlinproperties.com\/pt\/wp-content\/uploads\/sites\/3\/2025\/05\/Albert-Tort-Jakob-Carnemark-Ismael-Clemente-Jaume-Collboni-Mike-Mattacola-y-Cristina-Campillo-1200x800.jpg 1200w, https:\/\/www.merlinproperties.com\/pt\/wp-content\/uploads\/sites\/3\/2025\/05\/Albert-Tort-Jakob-Carnemark-Ismael-Clemente-Jaume-Collboni-Mike-Mattacola-y-Cristina-Campillo-1980x1320.jpg 1980w\" sizes=\"auto, (max-width: 840px) 100vw, 840px\" \/> <img loading=\"lazy\" decoding=\"async\" class=\"alignnone size-medium wp-image-8597\" src=\"https:\/\/www.merlinproperties.com\/pt\/wp-content\/uploads\/sites\/3\/2025\/05\/Edged_BAR_Datahall_3023_Web-840x560.jpg\" alt=\"\" width=\"840\" height=\"560\" srcset=\"https:\/\/www.merlinproperties.com\/pt\/wp-content\/uploads\/sites\/3\/2025\/05\/Edged_BAR_Datahall_3023_Web-840x560.jpg 840w, https:\/\/www.merlinproperties.com\/pt\/wp-content\/uploads\/sites\/3\/2025\/05\/Edged_BAR_Datahall_3023_Web-1440x961.jpg 1440w, https:\/\/www.merlinproperties.com\/pt\/wp-content\/uploads\/sites\/3\/2025\/05\/Edged_BAR_Datahall_3023_Web-450x300.jpg 450w, https:\/\/www.merlinproperties.com\/pt\/wp-content\/uploads\/sites\/3\/2025\/05\/Edged_BAR_Datahall_3023_Web-768x512.jpg 768w, https:\/\/www.merlinproperties.com\/pt\/wp-content\/uploads\/sites\/3\/2025\/05\/Edged_BAR_Datahall_3023_Web-1536x1025.jpg 1536w, https:\/\/www.merlinproperties.com\/pt\/wp-content\/uploads\/sites\/3\/2025\/05\/Edged_BAR_Datahall_3023_Web-1200x800.jpg 1200w, https:\/\/www.merlinproperties.com\/pt\/wp-content\/uploads\/sites\/3\/2025\/05\/Edged_BAR_Datahall_3023_Web.jpg 1619w\" sizes=\"auto, (max-width: 840px) 100vw, 840px\" \/> <img loading=\"lazy\" decoding=\"async\" class=\"alignnone size-medium wp-image-8598\" src=\"https:\/\/www.merlinproperties.com\/pt\/wp-content\/uploads\/sites\/3\/2025\/05\/Edged_BAR_Exterior_056_Web-840x560.jpg\" alt=\"\" width=\"840\" height=\"560\" srcset=\"https:\/\/www.merlinproperties.com\/pt\/wp-content\/uploads\/sites\/3\/2025\/05\/Edged_BAR_Exterior_056_Web-840x560.jpg 840w, https:\/\/www.merlinproperties.com\/pt\/wp-content\/uploads\/sites\/3\/2025\/05\/Edged_BAR_Exterior_056_Web-1440x961.jpg 1440w, https:\/\/www.merlinproperties.com\/pt\/wp-content\/uploads\/sites\/3\/2025\/05\/Edged_BAR_Exterior_056_Web-450x300.jpg 450w, https:\/\/www.merlinproperties.com\/pt\/wp-content\/uploads\/sites\/3\/2025\/05\/Edged_BAR_Exterior_056_Web-768x512.jpg 768w, https:\/\/www.merlinproperties.com\/pt\/wp-content\/uploads\/sites\/3\/2025\/05\/Edged_BAR_Exterior_056_Web-1536x1025.jpg 1536w, https:\/\/www.merlinproperties.com\/pt\/wp-content\/uploads\/sites\/3\/2025\/05\/Edged_BAR_Exterior_056_Web-1200x800.jpg 1200w, https:\/\/www.merlinproperties.com\/pt\/wp-content\/uploads\/sites\/3\/2025\/05\/Edged_BAR_Exterior_056_Web.jpg 1619w\" sizes=\"auto, (max-width: 840px) 100vw, 840px\" \/><\/p>\n","protected":false},"excerpt":{"rendered":"<p>Hoje anunciamos a parceria entre a MERLIN Edged e a CoreWeave, o hiperescaler da IATM, para alojar no nosso Data Center na Zona Franca uma das primeiras supercomputadoras de treinamento e infer\u00eancia NVIDIA Hopper em larga escala na Espanha. No evento de inaugura\u00e7\u00e3o, tivemos a honra de contar com a participa\u00e7\u00e3o do prefeito de Barcelona, [&hellip;]<\/p>\n","protected":false},"author":13,"featured_media":8600,"comment_status":"closed","ping_status":"open","sticky":false,"template":"","format":"standard","meta":{"footnotes":""},"categories":[90,43,41],"class_list":["post-8595","post","type-post","status-publish","format-standard","has-post-thumbnail","hentry","category-corporativo","category-dia-data-center","category-dia-a-dia"],"acf":[],"yoast_head":"<!-- This site is optimized with the Yoast SEO plugin v26.5 - https:\/\/yoast.com\/wordpress\/plugins\/seo\/ -->\n<title>O presidente da c\u00e2mara de Barcelona inaugura o Data Center de Barcelona da MERLIN Edged que anuncia uma alian\u00e7a com a CoreWeave. - Merlin Properties Socimi, S.A. (PT)<\/title>\n<meta name=\"robots\" content=\"index, follow, max-snippet:-1, max-image-preview:large, max-video-preview:-1\" \/>\n<link rel=\"canonical\" href=\"https:\/\/www.merlinproperties.com\/pt\/dia-a-dia\/dia-data-center\/o-presidente-da-camara-de-barcelona-inaugura-o-data-center-de-barcelona-da-merlin-edged-que-anuncia-uma-alianca-com-a-coreweave\/\" \/>\n<meta property=\"og:locale\" content=\"es_ES\" \/>\n<meta property=\"og:type\" content=\"article\" \/>\n<meta property=\"og:title\" content=\"O presidente da c\u00e2mara de Barcelona inaugura o Data Center de Barcelona da MERLIN Edged que anuncia uma alian\u00e7a com a CoreWeave. - Merlin Properties Socimi, S.A. (PT)\" \/>\n<meta property=\"og:description\" content=\"Hoje anunciamos a parceria entre a MERLIN Edged e a CoreWeave, o hiperescaler da IATM, para alojar no nosso Data Center na Zona Franca uma das primeiras supercomputadoras de treinamento e infer\u00eancia NVIDIA Hopper em larga escala na Espanha. No evento de inaugura\u00e7\u00e3o, tivemos a honra de contar com a participa\u00e7\u00e3o do prefeito de Barcelona, [&hellip;]\" \/>\n<meta property=\"og:url\" content=\"https:\/\/www.merlinproperties.com\/pt\/dia-a-dia\/dia-data-center\/o-presidente-da-camara-de-barcelona-inaugura-o-data-center-de-barcelona-da-merlin-edged-que-anuncia-uma-alianca-com-a-coreweave\/\" \/>\n<meta property=\"og:site_name\" content=\"Merlin Properties Socimi, S.A. (PT)\" \/>\n<meta property=\"article:published_time\" content=\"2025-05-13T15:00:11+00:00\" \/>\n<meta property=\"og:image\" content=\"https:\/\/www.merlinproperties.com\/pt\/wp-content\/uploads\/sites\/3\/2025\/05\/Albert-Tort-Jakob-Carnemark-Ismael-Clemente-Jaume-Collboni-Mike-Mattacola-y-Cristina-Campillo-1-scaled.jpg\" \/>\n\t<meta property=\"og:image:width\" content=\"2560\" \/>\n\t<meta property=\"og:image:height\" content=\"1707\" \/>\n\t<meta property=\"og:image:type\" content=\"image\/jpeg\" \/>\n<meta name=\"twitter:card\" content=\"summary_large_image\" \/>\n<meta name=\"twitter:label1\" content=\"Escrito por\" \/>\n\t<meta name=\"twitter:data1\" content=\"\" \/>\n\t<meta name=\"twitter:label2\" content=\"Tiempo de lectura\" \/>\n\t<meta name=\"twitter:data2\" content=\"2 minutos\" \/>\n<script type=\"application\/ld+json\" class=\"yoast-schema-graph\">{\"@context\":\"https:\/\/schema.org\",\"@graph\":[{\"@type\":\"Article\",\"@id\":\"https:\/\/www.merlinproperties.com\/pt\/dia-a-dia\/dia-data-center\/o-presidente-da-camara-de-barcelona-inaugura-o-data-center-de-barcelona-da-merlin-edged-que-anuncia-uma-alianca-com-a-coreweave\/#article\",\"isPartOf\":{\"@id\":\"https:\/\/www.merlinproperties.com\/pt\/dia-a-dia\/dia-data-center\/o-presidente-da-camara-de-barcelona-inaugura-o-data-center-de-barcelona-da-merlin-edged-que-anuncia-uma-alianca-com-a-coreweave\/\"},\"author\":{\"name\":\"\",\"@id\":\"\"},\"headline\":\"O presidente da c\u00e2mara de Barcelona inaugura o Data Center de Barcelona da MERLIN Edged que anuncia uma alian\u00e7a com a CoreWeave.\",\"datePublished\":\"2025-05-13T15:00:11+00:00\",\"mainEntityOfPage\":{\"@id\":\"https:\/\/www.merlinproperties.com\/pt\/dia-a-dia\/dia-data-center\/o-presidente-da-camara-de-barcelona-inaugura-o-data-center-de-barcelona-da-merlin-edged-que-anuncia-uma-alianca-com-a-coreweave\/\"},\"wordCount\":154,\"publisher\":{\"@id\":\"https:\/\/www.merlinproperties.com\/pt\/#organization\"},\"image\":{\"@id\":\"https:\/\/www.merlinproperties.com\/pt\/dia-a-dia\/dia-data-center\/o-presidente-da-camara-de-barcelona-inaugura-o-data-center-de-barcelona-da-merlin-edged-que-anuncia-uma-alianca-com-a-coreweave\/#primaryimage\"},\"thumbnailUrl\":\"https:\/\/www.merlinproperties.com\/pt\/wp-content\/uploads\/sites\/3\/2025\/05\/Albert-Tort-Jakob-Carnemark-Ismael-Clemente-Jaume-Collboni-Mike-Mattacola-y-Cristina-Campillo-1-scaled.jpg\",\"articleSection\":[\"Corporativo\",\"Data centers\",\"D\u00eda a d\u00eda\"],\"inLanguage\":\"es\"},{\"@type\":\"WebPage\",\"@id\":\"https:\/\/www.merlinproperties.com\/pt\/dia-a-dia\/dia-data-center\/o-presidente-da-camara-de-barcelona-inaugura-o-data-center-de-barcelona-da-merlin-edged-que-anuncia-uma-alianca-com-a-coreweave\/\",\"url\":\"https:\/\/www.merlinproperties.com\/pt\/dia-a-dia\/dia-data-center\/o-presidente-da-camara-de-barcelona-inaugura-o-data-center-de-barcelona-da-merlin-edged-que-anuncia-uma-alianca-com-a-coreweave\/\",\"name\":\"O presidente da c\u00e2mara de Barcelona inaugura o Data Center de Barcelona da MERLIN Edged que anuncia uma alian\u00e7a com a CoreWeave. - Merlin Properties Socimi, S.A. (PT)\",\"isPartOf\":{\"@id\":\"https:\/\/www.merlinproperties.com\/pt\/#website\"},\"primaryImageOfPage\":{\"@id\":\"https:\/\/www.merlinproperties.com\/pt\/dia-a-dia\/dia-data-center\/o-presidente-da-camara-de-barcelona-inaugura-o-data-center-de-barcelona-da-merlin-edged-que-anuncia-uma-alianca-com-a-coreweave\/#primaryimage\"},\"image\":{\"@id\":\"https:\/\/www.merlinproperties.com\/pt\/dia-a-dia\/dia-data-center\/o-presidente-da-camara-de-barcelona-inaugura-o-data-center-de-barcelona-da-merlin-edged-que-anuncia-uma-alianca-com-a-coreweave\/#primaryimage\"},\"thumbnailUrl\":\"https:\/\/www.merlinproperties.com\/pt\/wp-content\/uploads\/sites\/3\/2025\/05\/Albert-Tort-Jakob-Carnemark-Ismael-Clemente-Jaume-Collboni-Mike-Mattacola-y-Cristina-Campillo-1-scaled.jpg\",\"datePublished\":\"2025-05-13T15:00:11+00:00\",\"inLanguage\":\"es\",\"potentialAction\":[{\"@type\":\"ReadAction\",\"target\":[\"https:\/\/www.merlinproperties.com\/pt\/dia-a-dia\/dia-data-center\/o-presidente-da-camara-de-barcelona-inaugura-o-data-center-de-barcelona-da-merlin-edged-que-anuncia-uma-alianca-com-a-coreweave\/\"]}]},{\"@type\":\"ImageObject\",\"inLanguage\":\"es\",\"@id\":\"https:\/\/www.merlinproperties.com\/pt\/dia-a-dia\/dia-data-center\/o-presidente-da-camara-de-barcelona-inaugura-o-data-center-de-barcelona-da-merlin-edged-que-anuncia-uma-alianca-com-a-coreweave\/#primaryimage\",\"url\":\"https:\/\/www.merlinproperties.com\/pt\/wp-content\/uploads\/sites\/3\/2025\/05\/Albert-Tort-Jakob-Carnemark-Ismael-Clemente-Jaume-Collboni-Mike-Mattacola-y-Cristina-Campillo-1-scaled.jpg\",\"contentUrl\":\"https:\/\/www.merlinproperties.com\/pt\/wp-content\/uploads\/sites\/3\/2025\/05\/Albert-Tort-Jakob-Carnemark-Ismael-Clemente-Jaume-Collboni-Mike-Mattacola-y-Cristina-Campillo-1-scaled.jpg\",\"width\":2560,\"height\":1707},{\"@type\":\"WebSite\",\"@id\":\"https:\/\/www.merlinproperties.com\/pt\/#website\",\"url\":\"https:\/\/www.merlinproperties.com\/pt\/\",\"name\":\"Merlin Properties Socimi, S.A. (PT)\",\"description\":\"Compa\u00f1\u00eda Inmobiliaria, cotizada, l\u00edder en el sector de activos terciarios en la Pen\u00ednsula Ib\u00e9rica.\",\"publisher\":{\"@id\":\"https:\/\/www.merlinproperties.com\/pt\/#organization\"},\"potentialAction\":[{\"@type\":\"SearchAction\",\"target\":{\"@type\":\"EntryPoint\",\"urlTemplate\":\"https:\/\/www.merlinproperties.com\/pt\/?s={search_term_string}\"},\"query-input\":{\"@type\":\"PropertyValueSpecification\",\"valueRequired\":true,\"valueName\":\"search_term_string\"}}],\"inLanguage\":\"es\"},{\"@type\":\"Organization\",\"@id\":\"https:\/\/www.merlinproperties.com\/pt\/#organization\",\"name\":\"Merlin Properties Socimi, S.A. (PT)\",\"url\":\"https:\/\/www.merlinproperties.com\/pt\/\",\"logo\":{\"@type\":\"ImageObject\",\"inLanguage\":\"es\",\"@id\":\"https:\/\/www.merlinproperties.com\/pt\/#\/schema\/logo\/image\/\",\"url\":\"https:\/\/www.merlinproperties.com\/pt\/wp-content\/uploads\/sites\/3\/2023\/03\/Merlin-Logo-Horizontal-Negativo-scaled-3.png\",\"contentUrl\":\"https:\/\/www.merlinproperties.com\/pt\/wp-content\/uploads\/sites\/3\/2023\/03\/Merlin-Logo-Horizontal-Negativo-scaled-3.png\",\"width\":600,\"height\":204,\"caption\":\"Merlin Properties Socimi, S.A. (PT)\"},\"image\":{\"@id\":\"https:\/\/www.merlinproperties.com\/pt\/#\/schema\/logo\/image\/\"}},{\"@type\":\"Person\",\"@id\":\"\",\"url\":\"https:\/\/www.merlinproperties.com\/pt\/author\/\"}]}<\/script>\n<!-- \/ Yoast SEO plugin. -->","yoast_head_json":{"title":"O presidente da c\u00e2mara de Barcelona inaugura o Data Center de Barcelona da MERLIN Edged que anuncia uma alian\u00e7a com a CoreWeave. - Merlin Properties Socimi, S.A. (PT)","robots":{"index":"index","follow":"follow","max-snippet":"max-snippet:-1","max-image-preview":"max-image-preview:large","max-video-preview":"max-video-preview:-1"},"canonical":"https:\/\/www.merlinproperties.com\/pt\/dia-a-dia\/dia-data-center\/o-presidente-da-camara-de-barcelona-inaugura-o-data-center-de-barcelona-da-merlin-edged-que-anuncia-uma-alianca-com-a-coreweave\/","og_locale":"es_ES","og_type":"article","og_title":"O presidente da c\u00e2mara de Barcelona inaugura o Data Center de Barcelona da MERLIN Edged que anuncia uma alian\u00e7a com a CoreWeave. - Merlin Properties Socimi, S.A. (PT)","og_description":"Hoje anunciamos a parceria entre a MERLIN Edged e a CoreWeave, o hiperescaler da IATM, para alojar no nosso Data Center na Zona Franca uma das primeiras supercomputadoras de treinamento e infer\u00eancia NVIDIA Hopper em larga escala na Espanha. No evento de inaugura\u00e7\u00e3o, tivemos a honra de contar com a participa\u00e7\u00e3o do prefeito de Barcelona, [&hellip;]","og_url":"https:\/\/www.merlinproperties.com\/pt\/dia-a-dia\/dia-data-center\/o-presidente-da-camara-de-barcelona-inaugura-o-data-center-de-barcelona-da-merlin-edged-que-anuncia-uma-alianca-com-a-coreweave\/","og_site_name":"Merlin Properties Socimi, S.A. (PT)","article_published_time":"2025-05-13T15:00:11+00:00","og_image":[{"width":2560,"height":1707,"url":"https:\/\/www.merlinproperties.com\/pt\/wp-content\/uploads\/sites\/3\/2025\/05\/Albert-Tort-Jakob-Carnemark-Ismael-Clemente-Jaume-Collboni-Mike-Mattacola-y-Cristina-Campillo-1-scaled.jpg","type":"image\/jpeg"}],"twitter_card":"summary_large_image","twitter_misc":{"Escrito por":"","Tiempo de lectura":"2 minutos"},"schema":{"@context":"https:\/\/schema.org","@graph":[{"@type":"Article","@id":"https:\/\/www.merlinproperties.com\/pt\/dia-a-dia\/dia-data-center\/o-presidente-da-camara-de-barcelona-inaugura-o-data-center-de-barcelona-da-merlin-edged-que-anuncia-uma-alianca-com-a-coreweave\/#article","isPartOf":{"@id":"https:\/\/www.merlinproperties.com\/pt\/dia-a-dia\/dia-data-center\/o-presidente-da-camara-de-barcelona-inaugura-o-data-center-de-barcelona-da-merlin-edged-que-anuncia-uma-alianca-com-a-coreweave\/"},"author":{"name":"","@id":""},"headline":"O presidente da c\u00e2mara de Barcelona inaugura o Data Center de Barcelona da MERLIN Edged que anuncia uma alian\u00e7a com a CoreWeave.","datePublished":"2025-05-13T15:00:11+00:00","mainEntityOfPage":{"@id":"https:\/\/www.merlinproperties.com\/pt\/dia-a-dia\/dia-data-center\/o-presidente-da-camara-de-barcelona-inaugura-o-data-center-de-barcelona-da-merlin-edged-que-anuncia-uma-alianca-com-a-coreweave\/"},"wordCount":154,"publisher":{"@id":"https:\/\/www.merlinproperties.com\/pt\/#organization"},"image":{"@id":"https:\/\/www.merlinproperties.com\/pt\/dia-a-dia\/dia-data-center\/o-presidente-da-camara-de-barcelona-inaugura-o-data-center-de-barcelona-da-merlin-edged-que-anuncia-uma-alianca-com-a-coreweave\/#primaryimage"},"thumbnailUrl":"https:\/\/www.merlinproperties.com\/pt\/wp-content\/uploads\/sites\/3\/2025\/05\/Albert-Tort-Jakob-Carnemark-Ismael-Clemente-Jaume-Collboni-Mike-Mattacola-y-Cristina-Campillo-1-scaled.jpg","articleSection":["Corporativo","Data centers","D\u00eda a d\u00eda"],"inLanguage":"es"},{"@type":"WebPage","@id":"https:\/\/www.merlinproperties.com\/pt\/dia-a-dia\/dia-data-center\/o-presidente-da-camara-de-barcelona-inaugura-o-data-center-de-barcelona-da-merlin-edged-que-anuncia-uma-alianca-com-a-coreweave\/","url":"https:\/\/www.merlinproperties.com\/pt\/dia-a-dia\/dia-data-center\/o-presidente-da-camara-de-barcelona-inaugura-o-data-center-de-barcelona-da-merlin-edged-que-anuncia-uma-alianca-com-a-coreweave\/","name":"O presidente da c\u00e2mara de Barcelona inaugura o Data Center de Barcelona da MERLIN Edged que anuncia uma alian\u00e7a com a CoreWeave. - Merlin Properties Socimi, S.A. (PT)","isPartOf":{"@id":"https:\/\/www.merlinproperties.com\/pt\/#website"},"primaryImageOfPage":{"@id":"https:\/\/www.merlinproperties.com\/pt\/dia-a-dia\/dia-data-center\/o-presidente-da-camara-de-barcelona-inaugura-o-data-center-de-barcelona-da-merlin-edged-que-anuncia-uma-alianca-com-a-coreweave\/#primaryimage"},"image":{"@id":"https:\/\/www.merlinproperties.com\/pt\/dia-a-dia\/dia-data-center\/o-presidente-da-camara-de-barcelona-inaugura-o-data-center-de-barcelona-da-merlin-edged-que-anuncia-uma-alianca-com-a-coreweave\/#primaryimage"},"thumbnailUrl":"https:\/\/www.merlinproperties.com\/pt\/wp-content\/uploads\/sites\/3\/2025\/05\/Albert-Tort-Jakob-Carnemark-Ismael-Clemente-Jaume-Collboni-Mike-Mattacola-y-Cristina-Campillo-1-scaled.jpg","datePublished":"2025-05-13T15:00:11+00:00","inLanguage":"es","potentialAction":[{"@type":"ReadAction","target":["https:\/\/www.merlinproperties.com\/pt\/dia-a-dia\/dia-data-center\/o-presidente-da-camara-de-barcelona-inaugura-o-data-center-de-barcelona-da-merlin-edged-que-anuncia-uma-alianca-com-a-coreweave\/"]}]},{"@type":"ImageObject","inLanguage":"es","@id":"https:\/\/www.merlinproperties.com\/pt\/dia-a-dia\/dia-data-center\/o-presidente-da-camara-de-barcelona-inaugura-o-data-center-de-barcelona-da-merlin-edged-que-anuncia-uma-alianca-com-a-coreweave\/#primaryimage","url":"https:\/\/www.merlinproperties.com\/pt\/wp-content\/uploads\/sites\/3\/2025\/05\/Albert-Tort-Jakob-Carnemark-Ismael-Clemente-Jaume-Collboni-Mike-Mattacola-y-Cristina-Campillo-1-scaled.jpg","contentUrl":"https:\/\/www.merlinproperties.com\/pt\/wp-content\/uploads\/sites\/3\/2025\/05\/Albert-Tort-Jakob-Carnemark-Ismael-Clemente-Jaume-Collboni-Mike-Mattacola-y-Cristina-Campillo-1-scaled.jpg","width":2560,"height":1707},{"@type":"WebSite","@id":"https:\/\/www.merlinproperties.com\/pt\/#website","url":"https:\/\/www.merlinproperties.com\/pt\/","name":"Merlin Properties Socimi, S.A. (PT)","description":"Compa\u00f1\u00eda Inmobiliaria, cotizada, l\u00edder en el sector de activos terciarios en la Pen\u00ednsula Ib\u00e9rica.","publisher":{"@id":"https:\/\/www.merlinproperties.com\/pt\/#organization"},"potentialAction":[{"@type":"SearchAction","target":{"@type":"EntryPoint","urlTemplate":"https:\/\/www.merlinproperties.com\/pt\/?s={search_term_string}"},"query-input":{"@type":"PropertyValueSpecification","valueRequired":true,"valueName":"search_term_string"}}],"inLanguage":"es"},{"@type":"Organization","@id":"https:\/\/www.merlinproperties.com\/pt\/#organization","name":"Merlin Properties Socimi, S.A. (PT)","url":"https:\/\/www.merlinproperties.com\/pt\/","logo":{"@type":"ImageObject","inLanguage":"es","@id":"https:\/\/www.merlinproperties.com\/pt\/#\/schema\/logo\/image\/","url":"https:\/\/www.merlinproperties.com\/pt\/wp-content\/uploads\/sites\/3\/2023\/03\/Merlin-Logo-Horizontal-Negativo-scaled-3.png","contentUrl":"https:\/\/www.merlinproperties.com\/pt\/wp-content\/uploads\/sites\/3\/2023\/03\/Merlin-Logo-Horizontal-Negativo-scaled-3.png","width":600,"height":204,"caption":"Merlin Properties Socimi, S.A. (PT)"},"image":{"@id":"https:\/\/www.merlinproperties.com\/pt\/#\/schema\/logo\/image\/"}},{"@type":"Person","@id":"","url":"https:\/\/www.merlinproperties.com\/pt\/author\/"}]}},"_links":{"self":[{"href":"https:\/\/www.merlinproperties.com\/pt\/wp-json\/wp\/v2\/posts\/8595","targetHints":{"allow":["GET"]}}],"collection":[{"href":"https:\/\/www.merlinproperties.com\/pt\/wp-json\/wp\/v2\/posts"}],"about":[{"href":"https:\/\/www.merlinproperties.com\/pt\/wp-json\/wp\/v2\/types\/post"}],"author":[{"embeddable":true,"href":"https:\/\/www.merlinproperties.com\/pt\/wp-json\/wp\/v2\/users\/13"}],"replies":[{"embeddable":true,"href":"https:\/\/www.merlinproperties.com\/pt\/wp-json\/wp\/v2\/comments?post=8595"}],"version-history":[{"count":2,"href":"https:\/\/www.merlinproperties.com\/pt\/wp-json\/wp\/v2\/posts\/8595\/revisions"}],"predecessor-version":[{"id":8602,"href":"https:\/\/www.merlinproperties.com\/pt\/wp-json\/wp\/v2\/posts\/8595\/revisions\/8602"}],"wp:featuredmedia":[{"embeddable":true,"href":"https:\/\/www.merlinproperties.com\/pt\/wp-json\/wp\/v2\/media\/8600"}],"wp:attachment":[{"href":"https:\/\/www.merlinproperties.com\/pt\/wp-json\/wp\/v2\/media?parent=8595"}],"wp:term":[{"taxonomy":"category","embeddable":true,"href":"https:\/\/www.merlinproperties.com\/pt\/wp-json\/wp\/v2\/categories?post=8595"}],"curies":[{"name":"wp","href":"https:\/\/api.w.org\/{rel}","templated":true}]}}