{"id":8368,"date":"2025-03-04T12:24:56","date_gmt":"2025-03-04T12:24:56","guid":{"rendered":"https:\/\/www.merlinproperties.com\/pt\/?p=8368"},"modified":"2025-03-04T12:27:11","modified_gmt":"2025-03-04T12:27:11","slug":"lideres-do-setor-logistico-e-imobiliario-reunem-se-em-portugal","status":"publish","type":"post","link":"https:\/\/www.merlinproperties.com\/pt\/dia-a-dia\/dia-logistica\/lideres-do-setor-logistico-e-imobiliario-reunem-se-em-portugal\/","title":{"rendered":"L\u00edderes do setor log\u00edstico e imobili\u00e1rio re\u00fanem-se em Portugal"},"content":{"rendered":"<p>Os l\u00edderes do setor log\u00edstico e imobili\u00e1rio na Portugal reuniram-se no semin\u00e1rio organizado pela APLOG onde foi analisado o papel fundamental da promo\u00e7\u00e3o imobili\u00e1ria na evolu\u00e7\u00e3o do setor log\u00edstico.<\/p>\n<p>Jo\u00e3o Diogo Cristina, Country Head da MERLIN Properties, participou na mesa redonda juntamente com Tiago Cortez, Associate Capital Markets da Savills, Laurent JAYR, Head of Development Spain &amp; Portugal da Panattoni Iberia, Andre Machado, Diretor Asset Management da Logicor, e Jo\u00e3o Teixeira Leite, Presidente da C\u00e2mara Municipal de Santar\u00e9m.<\/p>\n<p>Um encontro essencial para discutir o futuro do setor e as oportunidades no mercado log\u00edstico portugu\u00eas.<\/p>\n<p><img loading=\"lazy\" decoding=\"async\" class=\"alignnone size-medium wp-image-8369\" src=\"https:\/\/www.merlinproperties.com\/pt\/wp-content\/uploads\/sites\/3\/2025\/03\/ASC_4130-840x560.jpg\" alt=\"\" width=\"840\" height=\"560\" srcset=\"https:\/\/www.merlinproperties.com\/pt\/wp-content\/uploads\/sites\/3\/2025\/03\/ASC_4130-840x560.jpg 840w, https:\/\/www.merlinproperties.com\/pt\/wp-content\/uploads\/sites\/3\/2025\/03\/ASC_4130-1440x960.jpg 1440w, https:\/\/www.merlinproperties.com\/pt\/wp-content\/uploads\/sites\/3\/2025\/03\/ASC_4130-450x300.jpg 450w, https:\/\/www.merlinproperties.com\/pt\/wp-content\/uploads\/sites\/3\/2025\/03\/ASC_4130-768x512.jpg 768w, https:\/\/www.merlinproperties.com\/pt\/wp-content\/uploads\/sites\/3\/2025\/03\/ASC_4130-1200x800.jpg 1200w, https:\/\/www.merlinproperties.com\/pt\/wp-content\/uploads\/sites\/3\/2025\/03\/ASC_4130.jpg 1500w\" sizes=\"auto, (max-width: 840px) 100vw, 840px\" \/><\/p>\n<p><img loading=\"lazy\" decoding=\"async\" class=\"alignnone size-medium wp-image-8370\" src=\"https:\/\/www.merlinproperties.com\/pt\/wp-content\/uploads\/sites\/3\/2025\/03\/DSC_4945-840x560.jpg\" alt=\"\" width=\"840\" height=\"560\" srcset=\"https:\/\/www.merlinproperties.com\/pt\/wp-content\/uploads\/sites\/3\/2025\/03\/DSC_4945-840x560.jpg 840w, https:\/\/www.merlinproperties.com\/pt\/wp-content\/uploads\/sites\/3\/2025\/03\/DSC_4945-1440x960.jpg 1440w, https:\/\/www.merlinproperties.com\/pt\/wp-content\/uploads\/sites\/3\/2025\/03\/DSC_4945-450x300.jpg 450w, https:\/\/www.merlinproperties.com\/pt\/wp-content\/uploads\/sites\/3\/2025\/03\/DSC_4945-768x512.jpg 768w, https:\/\/www.merlinproperties.com\/pt\/wp-content\/uploads\/sites\/3\/2025\/03\/DSC_4945-1200x800.jpg 1200w, https:\/\/www.merlinproperties.com\/pt\/wp-content\/uploads\/sites\/3\/2025\/03\/DSC_4945.jpg 1500w\" sizes=\"auto, (max-width: 840px) 100vw, 840px\" \/><\/p>\n","protected":false},"excerpt":{"rendered":"<p>Os l\u00edderes do setor log\u00edstico e imobili\u00e1rio na Portugal reuniram-se no semin\u00e1rio organizado pela APLOG onde foi analisado o papel fundamental da promo\u00e7\u00e3o imobili\u00e1ria na evolu\u00e7\u00e3o do setor log\u00edstico. Jo\u00e3o Diogo Cristina, Country Head da MERLIN Properties, participou na mesa redonda juntamente com Tiago Cortez, Associate Capital Markets da Savills, Laurent JAYR, Head of Development [&hellip;]<\/p>\n","protected":false},"author":13,"featured_media":8370,"comment_status":"closed","ping_status":"open","sticky":false,"template":"","format":"standard","meta":{"footnotes":""},"categories":[41,44],"class_list":["post-8368","post","type-post","status-publish","format-standard","has-post-thumbnail","hentry","category-dia-a-dia","category-dia-logistica"],"acf":[],"yoast_head":"<!-- This site is optimized with the Yoast SEO plugin v26.5 - https:\/\/yoast.com\/wordpress\/plugins\/seo\/ -->\n<title>L\u00edderes do setor log\u00edstico e imobili\u00e1rio re\u00fanem-se em Portugal - Merlin Properties Socimi, S.A. (PT)<\/title>\n<meta name=\"robots\" content=\"index, follow, max-snippet:-1, max-image-preview:large, max-video-preview:-1\" \/>\n<link rel=\"canonical\" href=\"https:\/\/www.merlinproperties.com\/pt\/dia-a-dia\/dia-logistica\/lideres-do-setor-logistico-e-imobiliario-reunem-se-em-portugal\/\" \/>\n<meta property=\"og:locale\" content=\"es_ES\" \/>\n<meta property=\"og:type\" content=\"article\" \/>\n<meta property=\"og:title\" content=\"L\u00edderes do setor log\u00edstico e imobili\u00e1rio re\u00fanem-se em Portugal - Merlin Properties Socimi, S.A. (PT)\" \/>\n<meta property=\"og:description\" content=\"Os l\u00edderes do setor log\u00edstico e imobili\u00e1rio na Portugal reuniram-se no semin\u00e1rio organizado pela APLOG onde foi analisado o papel fundamental da promo\u00e7\u00e3o imobili\u00e1ria na evolu\u00e7\u00e3o do setor log\u00edstico. Jo\u00e3o Diogo Cristina, Country Head da MERLIN Properties, participou na mesa redonda juntamente com Tiago Cortez, Associate Capital Markets da Savills, Laurent JAYR, Head of Development [&hellip;]\" \/>\n<meta property=\"og:url\" content=\"https:\/\/www.merlinproperties.com\/pt\/dia-a-dia\/dia-logistica\/lideres-do-setor-logistico-e-imobiliario-reunem-se-em-portugal\/\" \/>\n<meta property=\"og:site_name\" content=\"Merlin Properties Socimi, S.A. (PT)\" \/>\n<meta property=\"article:published_time\" content=\"2025-03-04T12:24:56+00:00\" \/>\n<meta property=\"article:modified_time\" content=\"2025-03-04T12:27:11+00:00\" \/>\n<meta property=\"og:image\" content=\"https:\/\/www.merlinproperties.com\/pt\/wp-content\/uploads\/sites\/3\/2025\/03\/DSC_4945.jpg\" \/>\n\t<meta property=\"og:image:width\" content=\"1500\" \/>\n\t<meta property=\"og:image:height\" content=\"1000\" \/>\n\t<meta property=\"og:image:type\" content=\"image\/jpeg\" \/>\n<meta name=\"twitter:card\" content=\"summary_large_image\" \/>\n<meta name=\"twitter:label1\" content=\"Escrito por\" \/>\n\t<meta name=\"twitter:data1\" content=\"\" \/>\n\t<meta name=\"twitter:label2\" content=\"Tiempo de lectura\" \/>\n\t<meta name=\"twitter:data2\" content=\"2 minutos\" \/>\n<script type=\"application\/ld+json\" class=\"yoast-schema-graph\">{\"@context\":\"https:\/\/schema.org\",\"@graph\":[{\"@type\":\"Article\",\"@id\":\"https:\/\/www.merlinproperties.com\/pt\/dia-a-dia\/dia-logistica\/lideres-do-setor-logistico-e-imobiliario-reunem-se-em-portugal\/#article\",\"isPartOf\":{\"@id\":\"https:\/\/www.merlinproperties.com\/pt\/dia-a-dia\/dia-logistica\/lideres-do-setor-logistico-e-imobiliario-reunem-se-em-portugal\/\"},\"author\":{\"name\":\"\",\"@id\":\"\"},\"headline\":\"L\u00edderes do setor log\u00edstico e imobili\u00e1rio re\u00fanem-se em Portugal\",\"datePublished\":\"2025-03-04T12:24:56+00:00\",\"dateModified\":\"2025-03-04T12:27:11+00:00\",\"mainEntityOfPage\":{\"@id\":\"https:\/\/www.merlinproperties.com\/pt\/dia-a-dia\/dia-logistica\/lideres-do-setor-logistico-e-imobiliario-reunem-se-em-portugal\/\"},\"wordCount\":121,\"publisher\":{\"@id\":\"https:\/\/www.merlinproperties.com\/pt\/#organization\"},\"image\":{\"@id\":\"https:\/\/www.merlinproperties.com\/pt\/dia-a-dia\/dia-logistica\/lideres-do-setor-logistico-e-imobiliario-reunem-se-em-portugal\/#primaryimage\"},\"thumbnailUrl\":\"https:\/\/www.merlinproperties.com\/pt\/wp-content\/uploads\/sites\/3\/2025\/03\/DSC_4945.jpg\",\"articleSection\":[\"D\u00eda a d\u00eda\",\"Log\u00edstica\"],\"inLanguage\":\"es\"},{\"@type\":\"WebPage\",\"@id\":\"https:\/\/www.merlinproperties.com\/pt\/dia-a-dia\/dia-logistica\/lideres-do-setor-logistico-e-imobiliario-reunem-se-em-portugal\/\",\"url\":\"https:\/\/www.merlinproperties.com\/pt\/dia-a-dia\/dia-logistica\/lideres-do-setor-logistico-e-imobiliario-reunem-se-em-portugal\/\",\"name\":\"L\u00edderes do setor log\u00edstico e imobili\u00e1rio re\u00fanem-se em Portugal - Merlin Properties Socimi, S.A. (PT)\",\"isPartOf\":{\"@id\":\"https:\/\/www.merlinproperties.com\/pt\/#website\"},\"primaryImageOfPage\":{\"@id\":\"https:\/\/www.merlinproperties.com\/pt\/dia-a-dia\/dia-logistica\/lideres-do-setor-logistico-e-imobiliario-reunem-se-em-portugal\/#primaryimage\"},\"image\":{\"@id\":\"https:\/\/www.merlinproperties.com\/pt\/dia-a-dia\/dia-logistica\/lideres-do-setor-logistico-e-imobiliario-reunem-se-em-portugal\/#primaryimage\"},\"thumbnailUrl\":\"https:\/\/www.merlinproperties.com\/pt\/wp-content\/uploads\/sites\/3\/2025\/03\/DSC_4945.jpg\",\"datePublished\":\"2025-03-04T12:24:56+00:00\",\"dateModified\":\"2025-03-04T12:27:11+00:00\",\"inLanguage\":\"es\",\"potentialAction\":[{\"@type\":\"ReadAction\",\"target\":[\"https:\/\/www.merlinproperties.com\/pt\/dia-a-dia\/dia-logistica\/lideres-do-setor-logistico-e-imobiliario-reunem-se-em-portugal\/\"]}]},{\"@type\":\"ImageObject\",\"inLanguage\":\"es\",\"@id\":\"https:\/\/www.merlinproperties.com\/pt\/dia-a-dia\/dia-logistica\/lideres-do-setor-logistico-e-imobiliario-reunem-se-em-portugal\/#primaryimage\",\"url\":\"https:\/\/www.merlinproperties.com\/pt\/wp-content\/uploads\/sites\/3\/2025\/03\/DSC_4945.jpg\",\"contentUrl\":\"https:\/\/www.merlinproperties.com\/pt\/wp-content\/uploads\/sites\/3\/2025\/03\/DSC_4945.jpg\",\"width\":1500,\"height\":1000},{\"@type\":\"WebSite\",\"@id\":\"https:\/\/www.merlinproperties.com\/pt\/#website\",\"url\":\"https:\/\/www.merlinproperties.com\/pt\/\",\"name\":\"Merlin Properties Socimi, S.A. (PT)\",\"description\":\"Compa\u00f1\u00eda Inmobiliaria, cotizada, l\u00edder en el sector de activos terciarios en la Pen\u00ednsula Ib\u00e9rica.\",\"publisher\":{\"@id\":\"https:\/\/www.merlinproperties.com\/pt\/#organization\"},\"potentialAction\":[{\"@type\":\"SearchAction\",\"target\":{\"@type\":\"EntryPoint\",\"urlTemplate\":\"https:\/\/www.merlinproperties.com\/pt\/?s={search_term_string}\"},\"query-input\":{\"@type\":\"PropertyValueSpecification\",\"valueRequired\":true,\"valueName\":\"search_term_string\"}}],\"inLanguage\":\"es\"},{\"@type\":\"Organization\",\"@id\":\"https:\/\/www.merlinproperties.com\/pt\/#organization\",\"name\":\"Merlin Properties Socimi, S.A. (PT)\",\"url\":\"https:\/\/www.merlinproperties.com\/pt\/\",\"logo\":{\"@type\":\"ImageObject\",\"inLanguage\":\"es\",\"@id\":\"https:\/\/www.merlinproperties.com\/pt\/#\/schema\/logo\/image\/\",\"url\":\"https:\/\/www.merlinproperties.com\/pt\/wp-content\/uploads\/sites\/3\/2023\/03\/Merlin-Logo-Horizontal-Negativo-scaled-3.png\",\"contentUrl\":\"https:\/\/www.merlinproperties.com\/pt\/wp-content\/uploads\/sites\/3\/2023\/03\/Merlin-Logo-Horizontal-Negativo-scaled-3.png\",\"width\":600,\"height\":204,\"caption\":\"Merlin Properties Socimi, S.A. (PT)\"},\"image\":{\"@id\":\"https:\/\/www.merlinproperties.com\/pt\/#\/schema\/logo\/image\/\"}},{\"@type\":\"Person\",\"@id\":\"\",\"url\":\"https:\/\/www.merlinproperties.com\/pt\/author\/\"}]}<\/script>\n<!-- \/ Yoast SEO plugin. -->","yoast_head_json":{"title":"L\u00edderes do setor log\u00edstico e imobili\u00e1rio re\u00fanem-se em Portugal - Merlin Properties Socimi, S.A. (PT)","robots":{"index":"index","follow":"follow","max-snippet":"max-snippet:-1","max-image-preview":"max-image-preview:large","max-video-preview":"max-video-preview:-1"},"canonical":"https:\/\/www.merlinproperties.com\/pt\/dia-a-dia\/dia-logistica\/lideres-do-setor-logistico-e-imobiliario-reunem-se-em-portugal\/","og_locale":"es_ES","og_type":"article","og_title":"L\u00edderes do setor log\u00edstico e imobili\u00e1rio re\u00fanem-se em Portugal - Merlin Properties Socimi, S.A. (PT)","og_description":"Os l\u00edderes do setor log\u00edstico e imobili\u00e1rio na Portugal reuniram-se no semin\u00e1rio organizado pela APLOG onde foi analisado o papel fundamental da promo\u00e7\u00e3o imobili\u00e1ria na evolu\u00e7\u00e3o do setor log\u00edstico. Jo\u00e3o Diogo Cristina, Country Head da MERLIN Properties, participou na mesa redonda juntamente com Tiago Cortez, Associate Capital Markets da Savills, Laurent JAYR, Head of Development [&hellip;]","og_url":"https:\/\/www.merlinproperties.com\/pt\/dia-a-dia\/dia-logistica\/lideres-do-setor-logistico-e-imobiliario-reunem-se-em-portugal\/","og_site_name":"Merlin Properties Socimi, S.A. (PT)","article_published_time":"2025-03-04T12:24:56+00:00","article_modified_time":"2025-03-04T12:27:11+00:00","og_image":[{"width":1500,"height":1000,"url":"https:\/\/www.merlinproperties.com\/pt\/wp-content\/uploads\/sites\/3\/2025\/03\/DSC_4945.jpg","type":"image\/jpeg"}],"twitter_card":"summary_large_image","twitter_misc":{"Escrito por":"","Tiempo de lectura":"2 minutos"},"schema":{"@context":"https:\/\/schema.org","@graph":[{"@type":"Article","@id":"https:\/\/www.merlinproperties.com\/pt\/dia-a-dia\/dia-logistica\/lideres-do-setor-logistico-e-imobiliario-reunem-se-em-portugal\/#article","isPartOf":{"@id":"https:\/\/www.merlinproperties.com\/pt\/dia-a-dia\/dia-logistica\/lideres-do-setor-logistico-e-imobiliario-reunem-se-em-portugal\/"},"author":{"name":"","@id":""},"headline":"L\u00edderes do setor log\u00edstico e imobili\u00e1rio re\u00fanem-se em Portugal","datePublished":"2025-03-04T12:24:56+00:00","dateModified":"2025-03-04T12:27:11+00:00","mainEntityOfPage":{"@id":"https:\/\/www.merlinproperties.com\/pt\/dia-a-dia\/dia-logistica\/lideres-do-setor-logistico-e-imobiliario-reunem-se-em-portugal\/"},"wordCount":121,"publisher":{"@id":"https:\/\/www.merlinproperties.com\/pt\/#organization"},"image":{"@id":"https:\/\/www.merlinproperties.com\/pt\/dia-a-dia\/dia-logistica\/lideres-do-setor-logistico-e-imobiliario-reunem-se-em-portugal\/#primaryimage"},"thumbnailUrl":"https:\/\/www.merlinproperties.com\/pt\/wp-content\/uploads\/sites\/3\/2025\/03\/DSC_4945.jpg","articleSection":["D\u00eda a d\u00eda","Log\u00edstica"],"inLanguage":"es"},{"@type":"WebPage","@id":"https:\/\/www.merlinproperties.com\/pt\/dia-a-dia\/dia-logistica\/lideres-do-setor-logistico-e-imobiliario-reunem-se-em-portugal\/","url":"https:\/\/www.merlinproperties.com\/pt\/dia-a-dia\/dia-logistica\/lideres-do-setor-logistico-e-imobiliario-reunem-se-em-portugal\/","name":"L\u00edderes do setor log\u00edstico e imobili\u00e1rio re\u00fanem-se em Portugal - Merlin Properties Socimi, S.A. (PT)","isPartOf":{"@id":"https:\/\/www.merlinproperties.com\/pt\/#website"},"primaryImageOfPage":{"@id":"https:\/\/www.merlinproperties.com\/pt\/dia-a-dia\/dia-logistica\/lideres-do-setor-logistico-e-imobiliario-reunem-se-em-portugal\/#primaryimage"},"image":{"@id":"https:\/\/www.merlinproperties.com\/pt\/dia-a-dia\/dia-logistica\/lideres-do-setor-logistico-e-imobiliario-reunem-se-em-portugal\/#primaryimage"},"thumbnailUrl":"https:\/\/www.merlinproperties.com\/pt\/wp-content\/uploads\/sites\/3\/2025\/03\/DSC_4945.jpg","datePublished":"2025-03-04T12:24:56+00:00","dateModified":"2025-03-04T12:27:11+00:00","inLanguage":"es","potentialAction":[{"@type":"ReadAction","target":["https:\/\/www.merlinproperties.com\/pt\/dia-a-dia\/dia-logistica\/lideres-do-setor-logistico-e-imobiliario-reunem-se-em-portugal\/"]}]},{"@type":"ImageObject","inLanguage":"es","@id":"https:\/\/www.merlinproperties.com\/pt\/dia-a-dia\/dia-logistica\/lideres-do-setor-logistico-e-imobiliario-reunem-se-em-portugal\/#primaryimage","url":"https:\/\/www.merlinproperties.com\/pt\/wp-content\/uploads\/sites\/3\/2025\/03\/DSC_4945.jpg","contentUrl":"https:\/\/www.merlinproperties.com\/pt\/wp-content\/uploads\/sites\/3\/2025\/03\/DSC_4945.jpg","width":1500,"height":1000},{"@type":"WebSite","@id":"https:\/\/www.merlinproperties.com\/pt\/#website","url":"https:\/\/www.merlinproperties.com\/pt\/","name":"Merlin Properties Socimi, S.A. (PT)","description":"Compa\u00f1\u00eda Inmobiliaria, cotizada, l\u00edder en el sector de activos terciarios en la Pen\u00ednsula Ib\u00e9rica.","publisher":{"@id":"https:\/\/www.merlinproperties.com\/pt\/#organization"},"potentialAction":[{"@type":"SearchAction","target":{"@type":"EntryPoint","urlTemplate":"https:\/\/www.merlinproperties.com\/pt\/?s={search_term_string}"},"query-input":{"@type":"PropertyValueSpecification","valueRequired":true,"valueName":"search_term_string"}}],"inLanguage":"es"},{"@type":"Organization","@id":"https:\/\/www.merlinproperties.com\/pt\/#organization","name":"Merlin Properties Socimi, S.A. (PT)","url":"https:\/\/www.merlinproperties.com\/pt\/","logo":{"@type":"ImageObject","inLanguage":"es","@id":"https:\/\/www.merlinproperties.com\/pt\/#\/schema\/logo\/image\/","url":"https:\/\/www.merlinproperties.com\/pt\/wp-content\/uploads\/sites\/3\/2023\/03\/Merlin-Logo-Horizontal-Negativo-scaled-3.png","contentUrl":"https:\/\/www.merlinproperties.com\/pt\/wp-content\/uploads\/sites\/3\/2023\/03\/Merlin-Logo-Horizontal-Negativo-scaled-3.png","width":600,"height":204,"caption":"Merlin Properties Socimi, S.A. (PT)"},"image":{"@id":"https:\/\/www.merlinproperties.com\/pt\/#\/schema\/logo\/image\/"}},{"@type":"Person","@id":"","url":"https:\/\/www.merlinproperties.com\/pt\/author\/"}]}},"_links":{"self":[{"href":"https:\/\/www.merlinproperties.com\/pt\/wp-json\/wp\/v2\/posts\/8368","targetHints":{"allow":["GET"]}}],"collection":[{"href":"https:\/\/www.merlinproperties.com\/pt\/wp-json\/wp\/v2\/posts"}],"about":[{"href":"https:\/\/www.merlinproperties.com\/pt\/wp-json\/wp\/v2\/types\/post"}],"author":[{"embeddable":true,"href":"https:\/\/www.merlinproperties.com\/pt\/wp-json\/wp\/v2\/users\/13"}],"replies":[{"embeddable":true,"href":"https:\/\/www.merlinproperties.com\/pt\/wp-json\/wp\/v2\/comments?post=8368"}],"version-history":[{"count":2,"href":"https:\/\/www.merlinproperties.com\/pt\/wp-json\/wp\/v2\/posts\/8368\/revisions"}],"predecessor-version":[{"id":8373,"href":"https:\/\/www.merlinproperties.com\/pt\/wp-json\/wp\/v2\/posts\/8368\/revisions\/8373"}],"wp:featuredmedia":[{"embeddable":true,"href":"https:\/\/www.merlinproperties.com\/pt\/wp-json\/wp\/v2\/media\/8370"}],"wp:attachment":[{"href":"https:\/\/www.merlinproperties.com\/pt\/wp-json\/wp\/v2\/media?parent=8368"}],"wp:term":[{"taxonomy":"category","embeddable":true,"href":"https:\/\/www.merlinproperties.com\/pt\/wp-json\/wp\/v2\/categories?post=8368"}],"curies":[{"name":"wp","href":"https:\/\/api.w.org\/{rel}","templated":true}]}}