{"id":8327,"date":"2025-02-17T11:13:38","date_gmt":"2025-02-17T11:13:38","guid":{"rendered":"https:\/\/www.merlinproperties.com\/pt\/?p=8327"},"modified":"2025-02-17T11:13:38","modified_gmt":"2025-02-17T11:13:38","slug":"celebramos-35-anos-da-flecha-no-nosso-centro-comercial-arturo-soria-plaza","status":"publish","type":"post","link":"https:\/\/www.merlinproperties.com\/pt\/dia-a-dia\/celebramos-35-anos-da-flecha-no-nosso-centro-comercial-arturo-soria-plaza\/","title":{"rendered":"Celebramos 35 anos da FLECHA no nosso Centro Comercial Arturo Soria Plaza"},"content":{"rendered":"<p>Celebramos 35 anos da FLECHA no nosso Centro Comercial Arturo Soria Plaza.<\/p>\n<p>Uma exposi\u00e7\u00e3o com mais de 500 obras de 56 artistas com o objetivo de aproximar a arte de todos os visitantes atrav\u00e9s de obras e workshops.<\/p>\n<p>Este ano, recordamos La Movida Madrile\u00f1a com artistas como Ouka Leele, Guillermo P\u00e9rez Villalta, Sigfrido Mart\u00edn Begu\u00e9, El Hortelano, Javier Mariscal ou Javier de Juan.<\/p>\n<div style=\"width: 1920px;\" class=\"wp-video\"><!--[if lt IE 9]><script>document.createElement('video');<\/script><![endif]-->\n<video class=\"wp-video-shortcode\" id=\"video-8327-1\" width=\"1920\" height=\"1080\" preload=\"metadata\" controls=\"controls\"><source type=\"video\/mp4\" src=\"https:\/\/www.merlinproperties.com\/pt\/wp-content\/uploads\/sites\/3\/2025\/02\/FLECHA-2025-H.mp4?_=1\" \/><a href=\"https:\/\/www.merlinproperties.com\/pt\/wp-content\/uploads\/sites\/3\/2025\/02\/FLECHA-2025-H.mp4\">https:\/\/www.merlinproperties.com\/pt\/wp-content\/uploads\/sites\/3\/2025\/02\/FLECHA-2025-H.mp4<\/a><\/video><\/div>\n","protected":false},"excerpt":{"rendered":"<p>Celebramos 35 anos da FLECHA no nosso Centro Comercial Arturo Soria Plaza. Uma exposi\u00e7\u00e3o com mais de 500 obras de 56 artistas com o objetivo de aproximar a arte de todos os visitantes atrav\u00e9s de obras e workshops. Este ano, recordamos La Movida Madrile\u00f1a com artistas como Ouka Leele, Guillermo P\u00e9rez Villalta, Sigfrido Mart\u00edn Begu\u00e9, [&hellip;]<\/p>\n","protected":false},"author":13,"featured_media":8330,"comment_status":"closed","ping_status":"open","sticky":false,"template":"","format":"standard","meta":{"footnotes":""},"categories":[45,41],"class_list":["post-8327","post","type-post","status-publish","format-standard","has-post-thumbnail","hentry","category-dia-centros-comerciales","category-dia-a-dia"],"acf":[],"yoast_head":"<!-- This site is optimized with the Yoast SEO plugin v26.5 - https:\/\/yoast.com\/wordpress\/plugins\/seo\/ -->\n<title>Celebramos 35 anos da FLECHA no nosso Centro Comercial Arturo Soria Plaza - Merlin Properties Socimi, S.A. (PT)<\/title>\n<meta name=\"robots\" content=\"index, follow, max-snippet:-1, max-image-preview:large, max-video-preview:-1\" \/>\n<link rel=\"canonical\" href=\"https:\/\/www.merlinproperties.com\/pt\/dia-a-dia\/celebramos-35-anos-da-flecha-no-nosso-centro-comercial-arturo-soria-plaza\/\" \/>\n<meta property=\"og:locale\" content=\"es_ES\" \/>\n<meta property=\"og:type\" content=\"article\" \/>\n<meta property=\"og:title\" content=\"Celebramos 35 anos da FLECHA no nosso Centro Comercial Arturo Soria Plaza - Merlin Properties Socimi, S.A. (PT)\" \/>\n<meta property=\"og:description\" content=\"Celebramos 35 anos da FLECHA no nosso Centro Comercial Arturo Soria Plaza. Uma exposi\u00e7\u00e3o com mais de 500 obras de 56 artistas com o objetivo de aproximar a arte de todos os visitantes atrav\u00e9s de obras e workshops. Este ano, recordamos La Movida Madrile\u00f1a com artistas como Ouka Leele, Guillermo P\u00e9rez Villalta, Sigfrido Mart\u00edn Begu\u00e9, [&hellip;]\" \/>\n<meta property=\"og:url\" content=\"https:\/\/www.merlinproperties.com\/pt\/dia-a-dia\/celebramos-35-anos-da-flecha-no-nosso-centro-comercial-arturo-soria-plaza\/\" \/>\n<meta property=\"og:site_name\" content=\"Merlin Properties Socimi, S.A. (PT)\" \/>\n<meta property=\"article:published_time\" content=\"2025-02-17T11:13:38+00:00\" \/>\n<meta property=\"og:image\" content=\"https:\/\/www.merlinproperties.com\/pt\/wp-content\/uploads\/sites\/3\/2025\/02\/fLECHA-2025.jpeg\" \/>\n\t<meta property=\"og:image:width\" content=\"1500\" \/>\n\t<meta property=\"og:image:height\" content=\"640\" \/>\n\t<meta property=\"og:image:type\" content=\"image\/jpeg\" \/>\n<meta name=\"twitter:card\" content=\"summary_large_image\" \/>\n<meta name=\"twitter:label1\" content=\"Escrito por\" \/>\n\t<meta name=\"twitter:data1\" content=\"\" \/>\n\t<meta name=\"twitter:label2\" content=\"Tiempo de lectura\" \/>\n\t<meta name=\"twitter:data2\" content=\"1 minuto\" \/>\n<script type=\"application\/ld+json\" class=\"yoast-schema-graph\">{\"@context\":\"https:\/\/schema.org\",\"@graph\":[{\"@type\":\"Article\",\"@id\":\"https:\/\/www.merlinproperties.com\/pt\/dia-a-dia\/celebramos-35-anos-da-flecha-no-nosso-centro-comercial-arturo-soria-plaza\/#article\",\"isPartOf\":{\"@id\":\"https:\/\/www.merlinproperties.com\/pt\/dia-a-dia\/celebramos-35-anos-da-flecha-no-nosso-centro-comercial-arturo-soria-plaza\/\"},\"author\":{\"name\":\"\",\"@id\":\"\"},\"headline\":\"Celebramos 35 anos da FLECHA no nosso Centro Comercial Arturo Soria Plaza\",\"datePublished\":\"2025-02-17T11:13:38+00:00\",\"mainEntityOfPage\":{\"@id\":\"https:\/\/www.merlinproperties.com\/pt\/dia-a-dia\/celebramos-35-anos-da-flecha-no-nosso-centro-comercial-arturo-soria-plaza\/\"},\"wordCount\":92,\"publisher\":{\"@id\":\"https:\/\/www.merlinproperties.com\/pt\/#organization\"},\"image\":{\"@id\":\"https:\/\/www.merlinproperties.com\/pt\/dia-a-dia\/celebramos-35-anos-da-flecha-no-nosso-centro-comercial-arturo-soria-plaza\/#primaryimage\"},\"thumbnailUrl\":\"https:\/\/www.merlinproperties.com\/pt\/wp-content\/uploads\/sites\/3\/2025\/02\/fLECHA-2025.jpeg\",\"articleSection\":[\"Centros Comerciales\",\"D\u00eda a d\u00eda\"],\"inLanguage\":\"es\"},{\"@type\":\"WebPage\",\"@id\":\"https:\/\/www.merlinproperties.com\/pt\/dia-a-dia\/celebramos-35-anos-da-flecha-no-nosso-centro-comercial-arturo-soria-plaza\/\",\"url\":\"https:\/\/www.merlinproperties.com\/pt\/dia-a-dia\/celebramos-35-anos-da-flecha-no-nosso-centro-comercial-arturo-soria-plaza\/\",\"name\":\"Celebramos 35 anos da FLECHA no nosso Centro Comercial Arturo Soria Plaza - Merlin Properties Socimi, S.A. (PT)\",\"isPartOf\":{\"@id\":\"https:\/\/www.merlinproperties.com\/pt\/#website\"},\"primaryImageOfPage\":{\"@id\":\"https:\/\/www.merlinproperties.com\/pt\/dia-a-dia\/celebramos-35-anos-da-flecha-no-nosso-centro-comercial-arturo-soria-plaza\/#primaryimage\"},\"image\":{\"@id\":\"https:\/\/www.merlinproperties.com\/pt\/dia-a-dia\/celebramos-35-anos-da-flecha-no-nosso-centro-comercial-arturo-soria-plaza\/#primaryimage\"},\"thumbnailUrl\":\"https:\/\/www.merlinproperties.com\/pt\/wp-content\/uploads\/sites\/3\/2025\/02\/fLECHA-2025.jpeg\",\"datePublished\":\"2025-02-17T11:13:38+00:00\",\"inLanguage\":\"es\",\"potentialAction\":[{\"@type\":\"ReadAction\",\"target\":[\"https:\/\/www.merlinproperties.com\/pt\/dia-a-dia\/celebramos-35-anos-da-flecha-no-nosso-centro-comercial-arturo-soria-plaza\/\"]}]},{\"@type\":\"ImageObject\",\"inLanguage\":\"es\",\"@id\":\"https:\/\/www.merlinproperties.com\/pt\/dia-a-dia\/celebramos-35-anos-da-flecha-no-nosso-centro-comercial-arturo-soria-plaza\/#primaryimage\",\"url\":\"https:\/\/www.merlinproperties.com\/pt\/wp-content\/uploads\/sites\/3\/2025\/02\/fLECHA-2025.jpeg\",\"contentUrl\":\"https:\/\/www.merlinproperties.com\/pt\/wp-content\/uploads\/sites\/3\/2025\/02\/fLECHA-2025.jpeg\",\"width\":1500,\"height\":640},{\"@type\":\"WebSite\",\"@id\":\"https:\/\/www.merlinproperties.com\/pt\/#website\",\"url\":\"https:\/\/www.merlinproperties.com\/pt\/\",\"name\":\"Merlin Properties Socimi, S.A. (PT)\",\"description\":\"Compa\u00f1\u00eda Inmobiliaria, cotizada, l\u00edder en el sector de activos terciarios en la Pen\u00ednsula Ib\u00e9rica.\",\"publisher\":{\"@id\":\"https:\/\/www.merlinproperties.com\/pt\/#organization\"},\"potentialAction\":[{\"@type\":\"SearchAction\",\"target\":{\"@type\":\"EntryPoint\",\"urlTemplate\":\"https:\/\/www.merlinproperties.com\/pt\/?s={search_term_string}\"},\"query-input\":{\"@type\":\"PropertyValueSpecification\",\"valueRequired\":true,\"valueName\":\"search_term_string\"}}],\"inLanguage\":\"es\"},{\"@type\":\"Organization\",\"@id\":\"https:\/\/www.merlinproperties.com\/pt\/#organization\",\"name\":\"Merlin Properties Socimi, S.A. (PT)\",\"url\":\"https:\/\/www.merlinproperties.com\/pt\/\",\"logo\":{\"@type\":\"ImageObject\",\"inLanguage\":\"es\",\"@id\":\"https:\/\/www.merlinproperties.com\/pt\/#\/schema\/logo\/image\/\",\"url\":\"https:\/\/www.merlinproperties.com\/pt\/wp-content\/uploads\/sites\/3\/2023\/03\/Merlin-Logo-Horizontal-Negativo-scaled-3.png\",\"contentUrl\":\"https:\/\/www.merlinproperties.com\/pt\/wp-content\/uploads\/sites\/3\/2023\/03\/Merlin-Logo-Horizontal-Negativo-scaled-3.png\",\"width\":600,\"height\":204,\"caption\":\"Merlin Properties Socimi, S.A. (PT)\"},\"image\":{\"@id\":\"https:\/\/www.merlinproperties.com\/pt\/#\/schema\/logo\/image\/\"}},{\"@type\":\"Person\",\"@id\":\"\",\"url\":\"https:\/\/www.merlinproperties.com\/pt\/author\/\"}]}<\/script>\n<!-- \/ Yoast SEO plugin. -->","yoast_head_json":{"title":"Celebramos 35 anos da FLECHA no nosso Centro Comercial Arturo Soria Plaza - Merlin Properties Socimi, S.A. (PT)","robots":{"index":"index","follow":"follow","max-snippet":"max-snippet:-1","max-image-preview":"max-image-preview:large","max-video-preview":"max-video-preview:-1"},"canonical":"https:\/\/www.merlinproperties.com\/pt\/dia-a-dia\/celebramos-35-anos-da-flecha-no-nosso-centro-comercial-arturo-soria-plaza\/","og_locale":"es_ES","og_type":"article","og_title":"Celebramos 35 anos da FLECHA no nosso Centro Comercial Arturo Soria Plaza - Merlin Properties Socimi, S.A. (PT)","og_description":"Celebramos 35 anos da FLECHA no nosso Centro Comercial Arturo Soria Plaza. Uma exposi\u00e7\u00e3o com mais de 500 obras de 56 artistas com o objetivo de aproximar a arte de todos os visitantes atrav\u00e9s de obras e workshops. Este ano, recordamos La Movida Madrile\u00f1a com artistas como Ouka Leele, Guillermo P\u00e9rez Villalta, Sigfrido Mart\u00edn Begu\u00e9, [&hellip;]","og_url":"https:\/\/www.merlinproperties.com\/pt\/dia-a-dia\/celebramos-35-anos-da-flecha-no-nosso-centro-comercial-arturo-soria-plaza\/","og_site_name":"Merlin Properties Socimi, S.A. (PT)","article_published_time":"2025-02-17T11:13:38+00:00","og_image":[{"width":1500,"height":640,"url":"https:\/\/www.merlinproperties.com\/pt\/wp-content\/uploads\/sites\/3\/2025\/02\/fLECHA-2025.jpeg","type":"image\/jpeg"}],"twitter_card":"summary_large_image","twitter_misc":{"Escrito por":"","Tiempo de lectura":"1 minuto"},"schema":{"@context":"https:\/\/schema.org","@graph":[{"@type":"Article","@id":"https:\/\/www.merlinproperties.com\/pt\/dia-a-dia\/celebramos-35-anos-da-flecha-no-nosso-centro-comercial-arturo-soria-plaza\/#article","isPartOf":{"@id":"https:\/\/www.merlinproperties.com\/pt\/dia-a-dia\/celebramos-35-anos-da-flecha-no-nosso-centro-comercial-arturo-soria-plaza\/"},"author":{"name":"","@id":""},"headline":"Celebramos 35 anos da FLECHA no nosso Centro Comercial Arturo Soria Plaza","datePublished":"2025-02-17T11:13:38+00:00","mainEntityOfPage":{"@id":"https:\/\/www.merlinproperties.com\/pt\/dia-a-dia\/celebramos-35-anos-da-flecha-no-nosso-centro-comercial-arturo-soria-plaza\/"},"wordCount":92,"publisher":{"@id":"https:\/\/www.merlinproperties.com\/pt\/#organization"},"image":{"@id":"https:\/\/www.merlinproperties.com\/pt\/dia-a-dia\/celebramos-35-anos-da-flecha-no-nosso-centro-comercial-arturo-soria-plaza\/#primaryimage"},"thumbnailUrl":"https:\/\/www.merlinproperties.com\/pt\/wp-content\/uploads\/sites\/3\/2025\/02\/fLECHA-2025.jpeg","articleSection":["Centros Comerciales","D\u00eda a d\u00eda"],"inLanguage":"es"},{"@type":"WebPage","@id":"https:\/\/www.merlinproperties.com\/pt\/dia-a-dia\/celebramos-35-anos-da-flecha-no-nosso-centro-comercial-arturo-soria-plaza\/","url":"https:\/\/www.merlinproperties.com\/pt\/dia-a-dia\/celebramos-35-anos-da-flecha-no-nosso-centro-comercial-arturo-soria-plaza\/","name":"Celebramos 35 anos da FLECHA no nosso Centro Comercial Arturo Soria Plaza - Merlin Properties Socimi, S.A. (PT)","isPartOf":{"@id":"https:\/\/www.merlinproperties.com\/pt\/#website"},"primaryImageOfPage":{"@id":"https:\/\/www.merlinproperties.com\/pt\/dia-a-dia\/celebramos-35-anos-da-flecha-no-nosso-centro-comercial-arturo-soria-plaza\/#primaryimage"},"image":{"@id":"https:\/\/www.merlinproperties.com\/pt\/dia-a-dia\/celebramos-35-anos-da-flecha-no-nosso-centro-comercial-arturo-soria-plaza\/#primaryimage"},"thumbnailUrl":"https:\/\/www.merlinproperties.com\/pt\/wp-content\/uploads\/sites\/3\/2025\/02\/fLECHA-2025.jpeg","datePublished":"2025-02-17T11:13:38+00:00","inLanguage":"es","potentialAction":[{"@type":"ReadAction","target":["https:\/\/www.merlinproperties.com\/pt\/dia-a-dia\/celebramos-35-anos-da-flecha-no-nosso-centro-comercial-arturo-soria-plaza\/"]}]},{"@type":"ImageObject","inLanguage":"es","@id":"https:\/\/www.merlinproperties.com\/pt\/dia-a-dia\/celebramos-35-anos-da-flecha-no-nosso-centro-comercial-arturo-soria-plaza\/#primaryimage","url":"https:\/\/www.merlinproperties.com\/pt\/wp-content\/uploads\/sites\/3\/2025\/02\/fLECHA-2025.jpeg","contentUrl":"https:\/\/www.merlinproperties.com\/pt\/wp-content\/uploads\/sites\/3\/2025\/02\/fLECHA-2025.jpeg","width":1500,"height":640},{"@type":"WebSite","@id":"https:\/\/www.merlinproperties.com\/pt\/#website","url":"https:\/\/www.merlinproperties.com\/pt\/","name":"Merlin Properties Socimi, S.A. (PT)","description":"Compa\u00f1\u00eda Inmobiliaria, cotizada, l\u00edder en el sector de activos terciarios en la Pen\u00ednsula Ib\u00e9rica.","publisher":{"@id":"https:\/\/www.merlinproperties.com\/pt\/#organization"},"potentialAction":[{"@type":"SearchAction","target":{"@type":"EntryPoint","urlTemplate":"https:\/\/www.merlinproperties.com\/pt\/?s={search_term_string}"},"query-input":{"@type":"PropertyValueSpecification","valueRequired":true,"valueName":"search_term_string"}}],"inLanguage":"es"},{"@type":"Organization","@id":"https:\/\/www.merlinproperties.com\/pt\/#organization","name":"Merlin Properties Socimi, S.A. (PT)","url":"https:\/\/www.merlinproperties.com\/pt\/","logo":{"@type":"ImageObject","inLanguage":"es","@id":"https:\/\/www.merlinproperties.com\/pt\/#\/schema\/logo\/image\/","url":"https:\/\/www.merlinproperties.com\/pt\/wp-content\/uploads\/sites\/3\/2023\/03\/Merlin-Logo-Horizontal-Negativo-scaled-3.png","contentUrl":"https:\/\/www.merlinproperties.com\/pt\/wp-content\/uploads\/sites\/3\/2023\/03\/Merlin-Logo-Horizontal-Negativo-scaled-3.png","width":600,"height":204,"caption":"Merlin Properties Socimi, S.A. (PT)"},"image":{"@id":"https:\/\/www.merlinproperties.com\/pt\/#\/schema\/logo\/image\/"}},{"@type":"Person","@id":"","url":"https:\/\/www.merlinproperties.com\/pt\/author\/"}]}},"_links":{"self":[{"href":"https:\/\/www.merlinproperties.com\/pt\/wp-json\/wp\/v2\/posts\/8327","targetHints":{"allow":["GET"]}}],"collection":[{"href":"https:\/\/www.merlinproperties.com\/pt\/wp-json\/wp\/v2\/posts"}],"about":[{"href":"https:\/\/www.merlinproperties.com\/pt\/wp-json\/wp\/v2\/types\/post"}],"author":[{"embeddable":true,"href":"https:\/\/www.merlinproperties.com\/pt\/wp-json\/wp\/v2\/users\/13"}],"replies":[{"embeddable":true,"href":"https:\/\/www.merlinproperties.com\/pt\/wp-json\/wp\/v2\/comments?post=8327"}],"version-history":[{"count":1,"href":"https:\/\/www.merlinproperties.com\/pt\/wp-json\/wp\/v2\/posts\/8327\/revisions"}],"predecessor-version":[{"id":8331,"href":"https:\/\/www.merlinproperties.com\/pt\/wp-json\/wp\/v2\/posts\/8327\/revisions\/8331"}],"wp:featuredmedia":[{"embeddable":true,"href":"https:\/\/www.merlinproperties.com\/pt\/wp-json\/wp\/v2\/media\/8330"}],"wp:attachment":[{"href":"https:\/\/www.merlinproperties.com\/pt\/wp-json\/wp\/v2\/media?parent=8327"}],"wp:term":[{"taxonomy":"category","embeddable":true,"href":"https:\/\/www.merlinproperties.com\/pt\/wp-json\/wp\/v2\/categories?post=8327"}],"curies":[{"name":"wp","href":"https:\/\/api.w.org\/{rel}","templated":true}]}}