{"id":8286,"date":"2025-01-14T17:37:05","date_gmt":"2025-01-14T17:37:05","guid":{"rendered":"https:\/\/www.merlinproperties.com\/pt\/?p=8286"},"modified":"2025-01-14T17:37:05","modified_gmt":"2025-01-14T17:37:05","slug":"assinamos-com-o-governo-da-extremadura-a-promocao-de-dois-grandes-campi-de-data-center","status":"publish","type":"post","link":"https:\/\/www.merlinproperties.com\/pt\/dia-a-dia\/assinamos-com-o-governo-da-extremadura-a-promocao-de-dois-grandes-campi-de-data-center\/","title":{"rendered":"Assin\u00e1mos com o Governo da Extremadura a promo\u00e7\u00e3o de dois grandes campi de Data Center"},"content":{"rendered":"<p>Hoje assinamos um projeto pioneiro de colabora\u00e7\u00e3o p\u00fablico-privada com o Governo da Extremadura para promover dois grandes campi de Data Centers de Intelig\u00eancia Artificial com as caracter\u00edsticas de todos os ativos que desenvolvemos: ultraeficientes, de \u00faltima gera\u00e7\u00e3o, sem consumo de \u00e1gua e alimentados a energia verde.<\/p>\n<p>Os locais escolhidos, Navalmoral de la Mata e Valdecaballeros, destacam-se pela abundante energia el\u00e9trica dispon\u00edvel que permitiria o desenvolvimento progressivo de v\u00e1rios edif\u00edcios de data centers com aproximadamente 1 GW de capacidade de TI em cada campus. Este \u00e9 um projeto com poucos compar\u00e1veis \u200b\u200ba n\u00edvel internacional e muito entusiasmante para n\u00f3s.<\/p>\n<p><img loading=\"lazy\" decoding=\"async\" class=\"alignnone size-medium wp-image-8287\" src=\"https:\/\/www.merlinproperties.com\/pt\/wp-content\/uploads\/sites\/3\/2025\/01\/Navalmoral_entrance-840x428.jpg\" alt=\"\" width=\"840\" height=\"428\" srcset=\"https:\/\/www.merlinproperties.com\/pt\/wp-content\/uploads\/sites\/3\/2025\/01\/Navalmoral_entrance-840x428.jpg 840w, https:\/\/www.merlinproperties.com\/pt\/wp-content\/uploads\/sites\/3\/2025\/01\/Navalmoral_entrance-1440x733.jpg 1440w, https:\/\/www.merlinproperties.com\/pt\/wp-content\/uploads\/sites\/3\/2025\/01\/Navalmoral_entrance-450x229.jpg 450w, https:\/\/www.merlinproperties.com\/pt\/wp-content\/uploads\/sites\/3\/2025\/01\/Navalmoral_entrance-768x391.jpg 768w, https:\/\/www.merlinproperties.com\/pt\/wp-content\/uploads\/sites\/3\/2025\/01\/Navalmoral_entrance-1536x782.jpg 1536w, https:\/\/www.merlinproperties.com\/pt\/wp-content\/uploads\/sites\/3\/2025\/01\/Navalmoral_entrance-2048x1042.jpg 2048w, https:\/\/www.merlinproperties.com\/pt\/wp-content\/uploads\/sites\/3\/2025\/01\/Navalmoral_entrance-1200x611.jpg 1200w, https:\/\/www.merlinproperties.com\/pt\/wp-content\/uploads\/sites\/3\/2025\/01\/Navalmoral_entrance-1980x1008.jpg 1980w\" sizes=\"auto, (max-width: 840px) 100vw, 840px\" \/><\/p>\n","protected":false},"excerpt":{"rendered":"<p>Hoje assinamos um projeto pioneiro de colabora\u00e7\u00e3o p\u00fablico-privada com o Governo da Extremadura para promover dois grandes campi de Data Centers de Intelig\u00eancia Artificial com as caracter\u00edsticas de todos os ativos que desenvolvemos: ultraeficientes, de \u00faltima gera\u00e7\u00e3o, sem consumo de \u00e1gua e alimentados a energia verde. Os locais escolhidos, Navalmoral de la Mata e Valdecaballeros, [&hellip;]<\/p>\n","protected":false},"author":11,"featured_media":8287,"comment_status":"closed","ping_status":"open","sticky":false,"template":"","format":"standard","meta":{"footnotes":""},"categories":[43,41],"class_list":["post-8286","post","type-post","status-publish","format-standard","has-post-thumbnail","hentry","category-dia-data-center","category-dia-a-dia"],"acf":[],"yoast_head":"<!-- This site is optimized with the Yoast SEO plugin v26.5 - https:\/\/yoast.com\/wordpress\/plugins\/seo\/ -->\n<title>Assin\u00e1mos com o Governo da Extremadura a promo\u00e7\u00e3o de dois grandes campi de Data Center - Merlin Properties Socimi, S.A. (PT)<\/title>\n<meta name=\"robots\" content=\"index, follow, max-snippet:-1, max-image-preview:large, max-video-preview:-1\" \/>\n<link rel=\"canonical\" href=\"https:\/\/www.merlinproperties.com\/pt\/dia-a-dia\/assinamos-com-o-governo-da-extremadura-a-promocao-de-dois-grandes-campi-de-data-center\/\" \/>\n<meta property=\"og:locale\" content=\"es_ES\" \/>\n<meta property=\"og:type\" content=\"article\" \/>\n<meta property=\"og:title\" content=\"Assin\u00e1mos com o Governo da Extremadura a promo\u00e7\u00e3o de dois grandes campi de Data Center - Merlin Properties Socimi, S.A. (PT)\" \/>\n<meta property=\"og:description\" content=\"Hoje assinamos um projeto pioneiro de colabora\u00e7\u00e3o p\u00fablico-privada com o Governo da Extremadura para promover dois grandes campi de Data Centers de Intelig\u00eancia Artificial com as caracter\u00edsticas de todos os ativos que desenvolvemos: ultraeficientes, de \u00faltima gera\u00e7\u00e3o, sem consumo de \u00e1gua e alimentados a energia verde. Os locais escolhidos, Navalmoral de la Mata e Valdecaballeros, [&hellip;]\" \/>\n<meta property=\"og:url\" content=\"https:\/\/www.merlinproperties.com\/pt\/dia-a-dia\/assinamos-com-o-governo-da-extremadura-a-promocao-de-dois-grandes-campi-de-data-center\/\" \/>\n<meta property=\"og:site_name\" content=\"Merlin Properties Socimi, S.A. (PT)\" \/>\n<meta property=\"article:published_time\" content=\"2025-01-14T17:37:05+00:00\" \/>\n<meta property=\"og:image\" content=\"https:\/\/www.merlinproperties.com\/pt\/wp-content\/uploads\/sites\/3\/2025\/01\/Navalmoral_entrance-scaled.jpg\" \/>\n\t<meta property=\"og:image:width\" content=\"2560\" \/>\n\t<meta property=\"og:image:height\" content=\"1303\" \/>\n\t<meta property=\"og:image:type\" content=\"image\/jpeg\" \/>\n<meta name=\"twitter:card\" content=\"summary_large_image\" \/>\n<meta name=\"twitter:label1\" content=\"Escrito por\" \/>\n\t<meta name=\"twitter:data1\" content=\"\" \/>\n\t<meta name=\"twitter:label2\" content=\"Tiempo de lectura\" \/>\n\t<meta name=\"twitter:data2\" content=\"1 minuto\" \/>\n<script type=\"application\/ld+json\" class=\"yoast-schema-graph\">{\"@context\":\"https:\/\/schema.org\",\"@graph\":[{\"@type\":\"Article\",\"@id\":\"https:\/\/www.merlinproperties.com\/pt\/dia-a-dia\/assinamos-com-o-governo-da-extremadura-a-promocao-de-dois-grandes-campi-de-data-center\/#article\",\"isPartOf\":{\"@id\":\"https:\/\/www.merlinproperties.com\/pt\/dia-a-dia\/assinamos-com-o-governo-da-extremadura-a-promocao-de-dois-grandes-campi-de-data-center\/\"},\"author\":{\"name\":\"\",\"@id\":\"\"},\"headline\":\"Assin\u00e1mos com o Governo da Extremadura a promo\u00e7\u00e3o de dois grandes campi de Data Center\",\"datePublished\":\"2025-01-14T17:37:05+00:00\",\"mainEntityOfPage\":{\"@id\":\"https:\/\/www.merlinproperties.com\/pt\/dia-a-dia\/assinamos-com-o-governo-da-extremadura-a-promocao-de-dois-grandes-campi-de-data-center\/\"},\"wordCount\":125,\"publisher\":{\"@id\":\"https:\/\/www.merlinproperties.com\/pt\/#organization\"},\"image\":{\"@id\":\"https:\/\/www.merlinproperties.com\/pt\/dia-a-dia\/assinamos-com-o-governo-da-extremadura-a-promocao-de-dois-grandes-campi-de-data-center\/#primaryimage\"},\"thumbnailUrl\":\"https:\/\/www.merlinproperties.com\/pt\/wp-content\/uploads\/sites\/3\/2025\/01\/Navalmoral_entrance-scaled.jpg\",\"articleSection\":[\"Data centers\",\"D\u00eda a d\u00eda\"],\"inLanguage\":\"es\"},{\"@type\":\"WebPage\",\"@id\":\"https:\/\/www.merlinproperties.com\/pt\/dia-a-dia\/assinamos-com-o-governo-da-extremadura-a-promocao-de-dois-grandes-campi-de-data-center\/\",\"url\":\"https:\/\/www.merlinproperties.com\/pt\/dia-a-dia\/assinamos-com-o-governo-da-extremadura-a-promocao-de-dois-grandes-campi-de-data-center\/\",\"name\":\"Assin\u00e1mos com o Governo da Extremadura a promo\u00e7\u00e3o de dois grandes campi de Data Center - Merlin Properties Socimi, S.A. (PT)\",\"isPartOf\":{\"@id\":\"https:\/\/www.merlinproperties.com\/pt\/#website\"},\"primaryImageOfPage\":{\"@id\":\"https:\/\/www.merlinproperties.com\/pt\/dia-a-dia\/assinamos-com-o-governo-da-extremadura-a-promocao-de-dois-grandes-campi-de-data-center\/#primaryimage\"},\"image\":{\"@id\":\"https:\/\/www.merlinproperties.com\/pt\/dia-a-dia\/assinamos-com-o-governo-da-extremadura-a-promocao-de-dois-grandes-campi-de-data-center\/#primaryimage\"},\"thumbnailUrl\":\"https:\/\/www.merlinproperties.com\/pt\/wp-content\/uploads\/sites\/3\/2025\/01\/Navalmoral_entrance-scaled.jpg\",\"datePublished\":\"2025-01-14T17:37:05+00:00\",\"inLanguage\":\"es\",\"potentialAction\":[{\"@type\":\"ReadAction\",\"target\":[\"https:\/\/www.merlinproperties.com\/pt\/dia-a-dia\/assinamos-com-o-governo-da-extremadura-a-promocao-de-dois-grandes-campi-de-data-center\/\"]}]},{\"@type\":\"ImageObject\",\"inLanguage\":\"es\",\"@id\":\"https:\/\/www.merlinproperties.com\/pt\/dia-a-dia\/assinamos-com-o-governo-da-extremadura-a-promocao-de-dois-grandes-campi-de-data-center\/#primaryimage\",\"url\":\"https:\/\/www.merlinproperties.com\/pt\/wp-content\/uploads\/sites\/3\/2025\/01\/Navalmoral_entrance-scaled.jpg\",\"contentUrl\":\"https:\/\/www.merlinproperties.com\/pt\/wp-content\/uploads\/sites\/3\/2025\/01\/Navalmoral_entrance-scaled.jpg\",\"width\":2560,\"height\":1303},{\"@type\":\"WebSite\",\"@id\":\"https:\/\/www.merlinproperties.com\/pt\/#website\",\"url\":\"https:\/\/www.merlinproperties.com\/pt\/\",\"name\":\"Merlin Properties Socimi, S.A. (PT)\",\"description\":\"Compa\u00f1\u00eda Inmobiliaria, cotizada, l\u00edder en el sector de activos terciarios en la Pen\u00ednsula Ib\u00e9rica.\",\"publisher\":{\"@id\":\"https:\/\/www.merlinproperties.com\/pt\/#organization\"},\"potentialAction\":[{\"@type\":\"SearchAction\",\"target\":{\"@type\":\"EntryPoint\",\"urlTemplate\":\"https:\/\/www.merlinproperties.com\/pt\/?s={search_term_string}\"},\"query-input\":{\"@type\":\"PropertyValueSpecification\",\"valueRequired\":true,\"valueName\":\"search_term_string\"}}],\"inLanguage\":\"es\"},{\"@type\":\"Organization\",\"@id\":\"https:\/\/www.merlinproperties.com\/pt\/#organization\",\"name\":\"Merlin Properties Socimi, S.A. (PT)\",\"url\":\"https:\/\/www.merlinproperties.com\/pt\/\",\"logo\":{\"@type\":\"ImageObject\",\"inLanguage\":\"es\",\"@id\":\"https:\/\/www.merlinproperties.com\/pt\/#\/schema\/logo\/image\/\",\"url\":\"https:\/\/www.merlinproperties.com\/pt\/wp-content\/uploads\/sites\/3\/2023\/03\/Merlin-Logo-Horizontal-Negativo-scaled-3.png\",\"contentUrl\":\"https:\/\/www.merlinproperties.com\/pt\/wp-content\/uploads\/sites\/3\/2023\/03\/Merlin-Logo-Horizontal-Negativo-scaled-3.png\",\"width\":600,\"height\":204,\"caption\":\"Merlin Properties Socimi, S.A. (PT)\"},\"image\":{\"@id\":\"https:\/\/www.merlinproperties.com\/pt\/#\/schema\/logo\/image\/\"}},{\"@type\":\"Person\",\"@id\":\"\",\"url\":\"https:\/\/www.merlinproperties.com\/pt\/author\/\"}]}<\/script>\n<!-- \/ Yoast SEO plugin. -->","yoast_head_json":{"title":"Assin\u00e1mos com o Governo da Extremadura a promo\u00e7\u00e3o de dois grandes campi de Data Center - Merlin Properties Socimi, S.A. (PT)","robots":{"index":"index","follow":"follow","max-snippet":"max-snippet:-1","max-image-preview":"max-image-preview:large","max-video-preview":"max-video-preview:-1"},"canonical":"https:\/\/www.merlinproperties.com\/pt\/dia-a-dia\/assinamos-com-o-governo-da-extremadura-a-promocao-de-dois-grandes-campi-de-data-center\/","og_locale":"es_ES","og_type":"article","og_title":"Assin\u00e1mos com o Governo da Extremadura a promo\u00e7\u00e3o de dois grandes campi de Data Center - Merlin Properties Socimi, S.A. (PT)","og_description":"Hoje assinamos um projeto pioneiro de colabora\u00e7\u00e3o p\u00fablico-privada com o Governo da Extremadura para promover dois grandes campi de Data Centers de Intelig\u00eancia Artificial com as caracter\u00edsticas de todos os ativos que desenvolvemos: ultraeficientes, de \u00faltima gera\u00e7\u00e3o, sem consumo de \u00e1gua e alimentados a energia verde. Os locais escolhidos, Navalmoral de la Mata e Valdecaballeros, [&hellip;]","og_url":"https:\/\/www.merlinproperties.com\/pt\/dia-a-dia\/assinamos-com-o-governo-da-extremadura-a-promocao-de-dois-grandes-campi-de-data-center\/","og_site_name":"Merlin Properties Socimi, S.A. (PT)","article_published_time":"2025-01-14T17:37:05+00:00","og_image":[{"width":2560,"height":1303,"url":"https:\/\/www.merlinproperties.com\/pt\/wp-content\/uploads\/sites\/3\/2025\/01\/Navalmoral_entrance-scaled.jpg","type":"image\/jpeg"}],"twitter_card":"summary_large_image","twitter_misc":{"Escrito por":"","Tiempo de lectura":"1 minuto"},"schema":{"@context":"https:\/\/schema.org","@graph":[{"@type":"Article","@id":"https:\/\/www.merlinproperties.com\/pt\/dia-a-dia\/assinamos-com-o-governo-da-extremadura-a-promocao-de-dois-grandes-campi-de-data-center\/#article","isPartOf":{"@id":"https:\/\/www.merlinproperties.com\/pt\/dia-a-dia\/assinamos-com-o-governo-da-extremadura-a-promocao-de-dois-grandes-campi-de-data-center\/"},"author":{"name":"","@id":""},"headline":"Assin\u00e1mos com o Governo da Extremadura a promo\u00e7\u00e3o de dois grandes campi de Data Center","datePublished":"2025-01-14T17:37:05+00:00","mainEntityOfPage":{"@id":"https:\/\/www.merlinproperties.com\/pt\/dia-a-dia\/assinamos-com-o-governo-da-extremadura-a-promocao-de-dois-grandes-campi-de-data-center\/"},"wordCount":125,"publisher":{"@id":"https:\/\/www.merlinproperties.com\/pt\/#organization"},"image":{"@id":"https:\/\/www.merlinproperties.com\/pt\/dia-a-dia\/assinamos-com-o-governo-da-extremadura-a-promocao-de-dois-grandes-campi-de-data-center\/#primaryimage"},"thumbnailUrl":"https:\/\/www.merlinproperties.com\/pt\/wp-content\/uploads\/sites\/3\/2025\/01\/Navalmoral_entrance-scaled.jpg","articleSection":["Data centers","D\u00eda a d\u00eda"],"inLanguage":"es"},{"@type":"WebPage","@id":"https:\/\/www.merlinproperties.com\/pt\/dia-a-dia\/assinamos-com-o-governo-da-extremadura-a-promocao-de-dois-grandes-campi-de-data-center\/","url":"https:\/\/www.merlinproperties.com\/pt\/dia-a-dia\/assinamos-com-o-governo-da-extremadura-a-promocao-de-dois-grandes-campi-de-data-center\/","name":"Assin\u00e1mos com o Governo da Extremadura a promo\u00e7\u00e3o de dois grandes campi de Data Center - Merlin Properties Socimi, S.A. (PT)","isPartOf":{"@id":"https:\/\/www.merlinproperties.com\/pt\/#website"},"primaryImageOfPage":{"@id":"https:\/\/www.merlinproperties.com\/pt\/dia-a-dia\/assinamos-com-o-governo-da-extremadura-a-promocao-de-dois-grandes-campi-de-data-center\/#primaryimage"},"image":{"@id":"https:\/\/www.merlinproperties.com\/pt\/dia-a-dia\/assinamos-com-o-governo-da-extremadura-a-promocao-de-dois-grandes-campi-de-data-center\/#primaryimage"},"thumbnailUrl":"https:\/\/www.merlinproperties.com\/pt\/wp-content\/uploads\/sites\/3\/2025\/01\/Navalmoral_entrance-scaled.jpg","datePublished":"2025-01-14T17:37:05+00:00","inLanguage":"es","potentialAction":[{"@type":"ReadAction","target":["https:\/\/www.merlinproperties.com\/pt\/dia-a-dia\/assinamos-com-o-governo-da-extremadura-a-promocao-de-dois-grandes-campi-de-data-center\/"]}]},{"@type":"ImageObject","inLanguage":"es","@id":"https:\/\/www.merlinproperties.com\/pt\/dia-a-dia\/assinamos-com-o-governo-da-extremadura-a-promocao-de-dois-grandes-campi-de-data-center\/#primaryimage","url":"https:\/\/www.merlinproperties.com\/pt\/wp-content\/uploads\/sites\/3\/2025\/01\/Navalmoral_entrance-scaled.jpg","contentUrl":"https:\/\/www.merlinproperties.com\/pt\/wp-content\/uploads\/sites\/3\/2025\/01\/Navalmoral_entrance-scaled.jpg","width":2560,"height":1303},{"@type":"WebSite","@id":"https:\/\/www.merlinproperties.com\/pt\/#website","url":"https:\/\/www.merlinproperties.com\/pt\/","name":"Merlin Properties Socimi, S.A. (PT)","description":"Compa\u00f1\u00eda Inmobiliaria, cotizada, l\u00edder en el sector de activos terciarios en la Pen\u00ednsula Ib\u00e9rica.","publisher":{"@id":"https:\/\/www.merlinproperties.com\/pt\/#organization"},"potentialAction":[{"@type":"SearchAction","target":{"@type":"EntryPoint","urlTemplate":"https:\/\/www.merlinproperties.com\/pt\/?s={search_term_string}"},"query-input":{"@type":"PropertyValueSpecification","valueRequired":true,"valueName":"search_term_string"}}],"inLanguage":"es"},{"@type":"Organization","@id":"https:\/\/www.merlinproperties.com\/pt\/#organization","name":"Merlin Properties Socimi, S.A. (PT)","url":"https:\/\/www.merlinproperties.com\/pt\/","logo":{"@type":"ImageObject","inLanguage":"es","@id":"https:\/\/www.merlinproperties.com\/pt\/#\/schema\/logo\/image\/","url":"https:\/\/www.merlinproperties.com\/pt\/wp-content\/uploads\/sites\/3\/2023\/03\/Merlin-Logo-Horizontal-Negativo-scaled-3.png","contentUrl":"https:\/\/www.merlinproperties.com\/pt\/wp-content\/uploads\/sites\/3\/2023\/03\/Merlin-Logo-Horizontal-Negativo-scaled-3.png","width":600,"height":204,"caption":"Merlin Properties Socimi, S.A. (PT)"},"image":{"@id":"https:\/\/www.merlinproperties.com\/pt\/#\/schema\/logo\/image\/"}},{"@type":"Person","@id":"","url":"https:\/\/www.merlinproperties.com\/pt\/author\/"}]}},"_links":{"self":[{"href":"https:\/\/www.merlinproperties.com\/pt\/wp-json\/wp\/v2\/posts\/8286","targetHints":{"allow":["GET"]}}],"collection":[{"href":"https:\/\/www.merlinproperties.com\/pt\/wp-json\/wp\/v2\/posts"}],"about":[{"href":"https:\/\/www.merlinproperties.com\/pt\/wp-json\/wp\/v2\/types\/post"}],"author":[{"embeddable":true,"href":"https:\/\/www.merlinproperties.com\/pt\/wp-json\/wp\/v2\/users\/11"}],"replies":[{"embeddable":true,"href":"https:\/\/www.merlinproperties.com\/pt\/wp-json\/wp\/v2\/comments?post=8286"}],"version-history":[{"count":2,"href":"https:\/\/www.merlinproperties.com\/pt\/wp-json\/wp\/v2\/posts\/8286\/revisions"}],"predecessor-version":[{"id":8290,"href":"https:\/\/www.merlinproperties.com\/pt\/wp-json\/wp\/v2\/posts\/8286\/revisions\/8290"}],"wp:featuredmedia":[{"embeddable":true,"href":"https:\/\/www.merlinproperties.com\/pt\/wp-json\/wp\/v2\/media\/8287"}],"wp:attachment":[{"href":"https:\/\/www.merlinproperties.com\/pt\/wp-json\/wp\/v2\/media?parent=8286"}],"wp:term":[{"taxonomy":"category","embeddable":true,"href":"https:\/\/www.merlinproperties.com\/pt\/wp-json\/wp\/v2\/categories?post=8286"}],"curies":[{"name":"wp","href":"https:\/\/api.w.org\/{rel}","templated":true}]}}