{"id":8204,"date":"2024-12-02T16:02:07","date_gmt":"2024-12-02T16:02:07","guid":{"rendered":"https:\/\/www.merlinproperties.com\/pt\/?p=8204"},"modified":"2024-12-02T16:02:07","modified_gmt":"2024-12-02T16:02:07","slug":"falamos-no-loom-azca-sobre-os-espacos-flexiveis-e-a-sua-fase-de-expansao","status":"publish","type":"post","link":"https:\/\/www.merlinproperties.com\/pt\/dia-a-dia\/falamos-no-loom-azca-sobre-os-espacos-flexiveis-e-a-sua-fase-de-expansao\/","title":{"rendered":"Fal\u00e1mos no LOOM Azca sobre os espa\u00e7os flex\u00edveis e a sua fase de expans\u00e3o"},"content":{"rendered":"<p>Realiz\u00e1mos uma reuni\u00e3o no nosso espa\u00e7o LOOM Azca, no Ruiz Picasso 11 em Madrid, para discutir como os espa\u00e7os flex\u00edveis est\u00e3o a passar por uma fase de expans\u00e3o no mercado espanhol, tornando-se um elemento inovador chave no mundo dos neg\u00f3cios.<\/p>\n<p>Muito obrigado \u00e0 Borja Marinas, CEO do PATIO Campus e \u00e0 Cristina Castelao, Senior Workplace Manager para a Europa da OneTrust, por terem participado nesta reuni\u00e3o juntamente com o Diretor da LOOM, Fernando Ram\u00edrez Baeza.<\/p>\n<p><img loading=\"lazy\" decoding=\"async\" class=\"size-medium wp-image-8205\" src=\"https:\/\/www.merlinproperties.com\/pt\/wp-content\/uploads\/sites\/3\/2024\/12\/patio-el-economista-840x560.jpg\" alt=\"\" width=\"840\" height=\"560\" srcset=\"https:\/\/www.merlinproperties.com\/pt\/wp-content\/uploads\/sites\/3\/2024\/12\/patio-el-economista-840x560.jpg 840w, https:\/\/www.merlinproperties.com\/pt\/wp-content\/uploads\/sites\/3\/2024\/12\/patio-el-economista-1440x960.jpg 1440w, https:\/\/www.merlinproperties.com\/pt\/wp-content\/uploads\/sites\/3\/2024\/12\/patio-el-economista-450x300.jpg 450w, https:\/\/www.merlinproperties.com\/pt\/wp-content\/uploads\/sites\/3\/2024\/12\/patio-el-economista-768x512.jpg 768w, https:\/\/www.merlinproperties.com\/pt\/wp-content\/uploads\/sites\/3\/2024\/12\/patio-el-economista-1536x1025.jpg 1536w, https:\/\/www.merlinproperties.com\/pt\/wp-content\/uploads\/sites\/3\/2024\/12\/patio-el-economista-1200x800.jpg 1200w\" sizes=\"auto, (max-width: 840px) 100vw, 840px\" \/><\/p>\n","protected":false},"excerpt":{"rendered":"<p>Realiz\u00e1mos uma reuni\u00e3o no nosso espa\u00e7o LOOM Azca, no Ruiz Picasso 11 em Madrid, para discutir como os espa\u00e7os flex\u00edveis est\u00e3o a passar por uma fase de expans\u00e3o no mercado espanhol, tornando-se um elemento inovador chave no mundo dos neg\u00f3cios. Muito obrigado \u00e0 Borja Marinas, CEO do PATIO Campus e \u00e0 Cristina Castelao, Senior Workplace [&hellip;]<\/p>\n","protected":false},"author":11,"featured_media":8205,"comment_status":"closed","ping_status":"open","sticky":false,"template":"","format":"standard","meta":{"footnotes":""},"categories":[90,41],"class_list":["post-8204","post","type-post","status-publish","format-standard","has-post-thumbnail","hentry","category-corporativo","category-dia-a-dia"],"acf":[],"yoast_head":"<!-- This site is optimized with the Yoast SEO plugin v26.5 - https:\/\/yoast.com\/wordpress\/plugins\/seo\/ -->\n<title>Fal\u00e1mos no LOOM Azca sobre os espa\u00e7os flex\u00edveis e a sua fase de expans\u00e3o - Merlin Properties Socimi, S.A. (PT)<\/title>\n<meta name=\"robots\" content=\"index, follow, max-snippet:-1, max-image-preview:large, max-video-preview:-1\" \/>\n<link rel=\"canonical\" href=\"https:\/\/www.merlinproperties.com\/pt\/dia-a-dia\/falamos-no-loom-azca-sobre-os-espacos-flexiveis-e-a-sua-fase-de-expansao\/\" \/>\n<meta property=\"og:locale\" content=\"es_ES\" \/>\n<meta property=\"og:type\" content=\"article\" \/>\n<meta property=\"og:title\" content=\"Fal\u00e1mos no LOOM Azca sobre os espa\u00e7os flex\u00edveis e a sua fase de expans\u00e3o - Merlin Properties Socimi, S.A. (PT)\" \/>\n<meta property=\"og:description\" content=\"Realiz\u00e1mos uma reuni\u00e3o no nosso espa\u00e7o LOOM Azca, no Ruiz Picasso 11 em Madrid, para discutir como os espa\u00e7os flex\u00edveis est\u00e3o a passar por uma fase de expans\u00e3o no mercado espanhol, tornando-se um elemento inovador chave no mundo dos neg\u00f3cios. Muito obrigado \u00e0 Borja Marinas, CEO do PATIO Campus e \u00e0 Cristina Castelao, Senior Workplace [&hellip;]\" \/>\n<meta property=\"og:url\" content=\"https:\/\/www.merlinproperties.com\/pt\/dia-a-dia\/falamos-no-loom-azca-sobre-os-espacos-flexiveis-e-a-sua-fase-de-expansao\/\" \/>\n<meta property=\"og:site_name\" content=\"Merlin Properties Socimi, S.A. (PT)\" \/>\n<meta property=\"article:published_time\" content=\"2024-12-02T16:02:07+00:00\" \/>\n<meta property=\"og:image\" content=\"https:\/\/www.merlinproperties.com\/pt\/wp-content\/uploads\/sites\/3\/2024\/12\/patio-el-economista-1440x960.jpg\" \/>\n\t<meta property=\"og:image:width\" content=\"1440\" \/>\n\t<meta property=\"og:image:height\" content=\"960\" \/>\n\t<meta property=\"og:image:type\" content=\"image\/jpeg\" \/>\n<meta name=\"twitter:card\" content=\"summary_large_image\" \/>\n<meta name=\"twitter:label1\" content=\"Escrito por\" \/>\n\t<meta name=\"twitter:data1\" content=\"\" \/>\n\t<meta name=\"twitter:label2\" content=\"Tiempo de lectura\" \/>\n\t<meta name=\"twitter:data2\" content=\"1 minuto\" \/>\n<script type=\"application\/ld+json\" class=\"yoast-schema-graph\">{\"@context\":\"https:\/\/schema.org\",\"@graph\":[{\"@type\":\"Article\",\"@id\":\"https:\/\/www.merlinproperties.com\/pt\/dia-a-dia\/falamos-no-loom-azca-sobre-os-espacos-flexiveis-e-a-sua-fase-de-expansao\/#article\",\"isPartOf\":{\"@id\":\"https:\/\/www.merlinproperties.com\/pt\/dia-a-dia\/falamos-no-loom-azca-sobre-os-espacos-flexiveis-e-a-sua-fase-de-expansao\/\"},\"author\":{\"name\":\"\",\"@id\":\"\"},\"headline\":\"Fal\u00e1mos no LOOM Azca sobre os espa\u00e7os flex\u00edveis e a sua fase de expans\u00e3o\",\"datePublished\":\"2024-12-02T16:02:07+00:00\",\"mainEntityOfPage\":{\"@id\":\"https:\/\/www.merlinproperties.com\/pt\/dia-a-dia\/falamos-no-loom-azca-sobre-os-espacos-flexiveis-e-a-sua-fase-de-expansao\/\"},\"wordCount\":100,\"publisher\":{\"@id\":\"https:\/\/www.merlinproperties.com\/pt\/#organization\"},\"image\":{\"@id\":\"https:\/\/www.merlinproperties.com\/pt\/dia-a-dia\/falamos-no-loom-azca-sobre-os-espacos-flexiveis-e-a-sua-fase-de-expansao\/#primaryimage\"},\"thumbnailUrl\":\"https:\/\/www.merlinproperties.com\/pt\/wp-content\/uploads\/sites\/3\/2024\/12\/patio-el-economista.jpg\",\"articleSection\":[\"Corporativo\",\"D\u00eda a d\u00eda\"],\"inLanguage\":\"es\"},{\"@type\":\"WebPage\",\"@id\":\"https:\/\/www.merlinproperties.com\/pt\/dia-a-dia\/falamos-no-loom-azca-sobre-os-espacos-flexiveis-e-a-sua-fase-de-expansao\/\",\"url\":\"https:\/\/www.merlinproperties.com\/pt\/dia-a-dia\/falamos-no-loom-azca-sobre-os-espacos-flexiveis-e-a-sua-fase-de-expansao\/\",\"name\":\"Fal\u00e1mos no LOOM Azca sobre os espa\u00e7os flex\u00edveis e a sua fase de expans\u00e3o - Merlin Properties Socimi, S.A. (PT)\",\"isPartOf\":{\"@id\":\"https:\/\/www.merlinproperties.com\/pt\/#website\"},\"primaryImageOfPage\":{\"@id\":\"https:\/\/www.merlinproperties.com\/pt\/dia-a-dia\/falamos-no-loom-azca-sobre-os-espacos-flexiveis-e-a-sua-fase-de-expansao\/#primaryimage\"},\"image\":{\"@id\":\"https:\/\/www.merlinproperties.com\/pt\/dia-a-dia\/falamos-no-loom-azca-sobre-os-espacos-flexiveis-e-a-sua-fase-de-expansao\/#primaryimage\"},\"thumbnailUrl\":\"https:\/\/www.merlinproperties.com\/pt\/wp-content\/uploads\/sites\/3\/2024\/12\/patio-el-economista.jpg\",\"datePublished\":\"2024-12-02T16:02:07+00:00\",\"inLanguage\":\"es\",\"potentialAction\":[{\"@type\":\"ReadAction\",\"target\":[\"https:\/\/www.merlinproperties.com\/pt\/dia-a-dia\/falamos-no-loom-azca-sobre-os-espacos-flexiveis-e-a-sua-fase-de-expansao\/\"]}]},{\"@type\":\"ImageObject\",\"inLanguage\":\"es\",\"@id\":\"https:\/\/www.merlinproperties.com\/pt\/dia-a-dia\/falamos-no-loom-azca-sobre-os-espacos-flexiveis-e-a-sua-fase-de-expansao\/#primaryimage\",\"url\":\"https:\/\/www.merlinproperties.com\/pt\/wp-content\/uploads\/sites\/3\/2024\/12\/patio-el-economista.jpg\",\"contentUrl\":\"https:\/\/www.merlinproperties.com\/pt\/wp-content\/uploads\/sites\/3\/2024\/12\/patio-el-economista.jpg\",\"width\":8192,\"height\":5464,\"caption\":\"OBSERVATORIO MERL\u00cdN. \u2018\\\"Los espacios flexibles como elemento innovador en el mundo empresarial\u201d. D. Borja Marinas, CEO de Patio Campus. D\u00f1a. Cristina Castelao, Senior Workplace Manager para Europa de Onetrust. D\u00f1a. Alba Brualla, elEconomista. D. Fernando Ram\u00edrez, Director General de Loom. 14 noviembre 2024. 14\/11\/2024 FOTO: REMO VICARIO\"},{\"@type\":\"WebSite\",\"@id\":\"https:\/\/www.merlinproperties.com\/pt\/#website\",\"url\":\"https:\/\/www.merlinproperties.com\/pt\/\",\"name\":\"Merlin Properties Socimi, S.A. (PT)\",\"description\":\"Compa\u00f1\u00eda Inmobiliaria, cotizada, l\u00edder en el sector de activos terciarios en la Pen\u00ednsula Ib\u00e9rica.\",\"publisher\":{\"@id\":\"https:\/\/www.merlinproperties.com\/pt\/#organization\"},\"potentialAction\":[{\"@type\":\"SearchAction\",\"target\":{\"@type\":\"EntryPoint\",\"urlTemplate\":\"https:\/\/www.merlinproperties.com\/pt\/?s={search_term_string}\"},\"query-input\":{\"@type\":\"PropertyValueSpecification\",\"valueRequired\":true,\"valueName\":\"search_term_string\"}}],\"inLanguage\":\"es\"},{\"@type\":\"Organization\",\"@id\":\"https:\/\/www.merlinproperties.com\/pt\/#organization\",\"name\":\"Merlin Properties Socimi, S.A. (PT)\",\"url\":\"https:\/\/www.merlinproperties.com\/pt\/\",\"logo\":{\"@type\":\"ImageObject\",\"inLanguage\":\"es\",\"@id\":\"https:\/\/www.merlinproperties.com\/pt\/#\/schema\/logo\/image\/\",\"url\":\"https:\/\/www.merlinproperties.com\/pt\/wp-content\/uploads\/sites\/3\/2023\/03\/Merlin-Logo-Horizontal-Negativo-scaled-3.png\",\"contentUrl\":\"https:\/\/www.merlinproperties.com\/pt\/wp-content\/uploads\/sites\/3\/2023\/03\/Merlin-Logo-Horizontal-Negativo-scaled-3.png\",\"width\":600,\"height\":204,\"caption\":\"Merlin Properties Socimi, S.A. (PT)\"},\"image\":{\"@id\":\"https:\/\/www.merlinproperties.com\/pt\/#\/schema\/logo\/image\/\"}},{\"@type\":\"Person\",\"@id\":\"\",\"url\":\"https:\/\/www.merlinproperties.com\/pt\/author\/\"}]}<\/script>\n<!-- \/ Yoast SEO plugin. -->","yoast_head_json":{"title":"Fal\u00e1mos no LOOM Azca sobre os espa\u00e7os flex\u00edveis e a sua fase de expans\u00e3o - Merlin Properties Socimi, S.A. (PT)","robots":{"index":"index","follow":"follow","max-snippet":"max-snippet:-1","max-image-preview":"max-image-preview:large","max-video-preview":"max-video-preview:-1"},"canonical":"https:\/\/www.merlinproperties.com\/pt\/dia-a-dia\/falamos-no-loom-azca-sobre-os-espacos-flexiveis-e-a-sua-fase-de-expansao\/","og_locale":"es_ES","og_type":"article","og_title":"Fal\u00e1mos no LOOM Azca sobre os espa\u00e7os flex\u00edveis e a sua fase de expans\u00e3o - Merlin Properties Socimi, S.A. (PT)","og_description":"Realiz\u00e1mos uma reuni\u00e3o no nosso espa\u00e7o LOOM Azca, no Ruiz Picasso 11 em Madrid, para discutir como os espa\u00e7os flex\u00edveis est\u00e3o a passar por uma fase de expans\u00e3o no mercado espanhol, tornando-se um elemento inovador chave no mundo dos neg\u00f3cios. Muito obrigado \u00e0 Borja Marinas, CEO do PATIO Campus e \u00e0 Cristina Castelao, Senior Workplace [&hellip;]","og_url":"https:\/\/www.merlinproperties.com\/pt\/dia-a-dia\/falamos-no-loom-azca-sobre-os-espacos-flexiveis-e-a-sua-fase-de-expansao\/","og_site_name":"Merlin Properties Socimi, S.A. (PT)","article_published_time":"2024-12-02T16:02:07+00:00","og_image":[{"width":1440,"height":960,"url":"https:\/\/www.merlinproperties.com\/pt\/wp-content\/uploads\/sites\/3\/2024\/12\/patio-el-economista-1440x960.jpg","type":"image\/jpeg"}],"twitter_card":"summary_large_image","twitter_misc":{"Escrito por":"","Tiempo de lectura":"1 minuto"},"schema":{"@context":"https:\/\/schema.org","@graph":[{"@type":"Article","@id":"https:\/\/www.merlinproperties.com\/pt\/dia-a-dia\/falamos-no-loom-azca-sobre-os-espacos-flexiveis-e-a-sua-fase-de-expansao\/#article","isPartOf":{"@id":"https:\/\/www.merlinproperties.com\/pt\/dia-a-dia\/falamos-no-loom-azca-sobre-os-espacos-flexiveis-e-a-sua-fase-de-expansao\/"},"author":{"name":"","@id":""},"headline":"Fal\u00e1mos no LOOM Azca sobre os espa\u00e7os flex\u00edveis e a sua fase de expans\u00e3o","datePublished":"2024-12-02T16:02:07+00:00","mainEntityOfPage":{"@id":"https:\/\/www.merlinproperties.com\/pt\/dia-a-dia\/falamos-no-loom-azca-sobre-os-espacos-flexiveis-e-a-sua-fase-de-expansao\/"},"wordCount":100,"publisher":{"@id":"https:\/\/www.merlinproperties.com\/pt\/#organization"},"image":{"@id":"https:\/\/www.merlinproperties.com\/pt\/dia-a-dia\/falamos-no-loom-azca-sobre-os-espacos-flexiveis-e-a-sua-fase-de-expansao\/#primaryimage"},"thumbnailUrl":"https:\/\/www.merlinproperties.com\/pt\/wp-content\/uploads\/sites\/3\/2024\/12\/patio-el-economista.jpg","articleSection":["Corporativo","D\u00eda a d\u00eda"],"inLanguage":"es"},{"@type":"WebPage","@id":"https:\/\/www.merlinproperties.com\/pt\/dia-a-dia\/falamos-no-loom-azca-sobre-os-espacos-flexiveis-e-a-sua-fase-de-expansao\/","url":"https:\/\/www.merlinproperties.com\/pt\/dia-a-dia\/falamos-no-loom-azca-sobre-os-espacos-flexiveis-e-a-sua-fase-de-expansao\/","name":"Fal\u00e1mos no LOOM Azca sobre os espa\u00e7os flex\u00edveis e a sua fase de expans\u00e3o - Merlin Properties Socimi, S.A. (PT)","isPartOf":{"@id":"https:\/\/www.merlinproperties.com\/pt\/#website"},"primaryImageOfPage":{"@id":"https:\/\/www.merlinproperties.com\/pt\/dia-a-dia\/falamos-no-loom-azca-sobre-os-espacos-flexiveis-e-a-sua-fase-de-expansao\/#primaryimage"},"image":{"@id":"https:\/\/www.merlinproperties.com\/pt\/dia-a-dia\/falamos-no-loom-azca-sobre-os-espacos-flexiveis-e-a-sua-fase-de-expansao\/#primaryimage"},"thumbnailUrl":"https:\/\/www.merlinproperties.com\/pt\/wp-content\/uploads\/sites\/3\/2024\/12\/patio-el-economista.jpg","datePublished":"2024-12-02T16:02:07+00:00","inLanguage":"es","potentialAction":[{"@type":"ReadAction","target":["https:\/\/www.merlinproperties.com\/pt\/dia-a-dia\/falamos-no-loom-azca-sobre-os-espacos-flexiveis-e-a-sua-fase-de-expansao\/"]}]},{"@type":"ImageObject","inLanguage":"es","@id":"https:\/\/www.merlinproperties.com\/pt\/dia-a-dia\/falamos-no-loom-azca-sobre-os-espacos-flexiveis-e-a-sua-fase-de-expansao\/#primaryimage","url":"https:\/\/www.merlinproperties.com\/pt\/wp-content\/uploads\/sites\/3\/2024\/12\/patio-el-economista.jpg","contentUrl":"https:\/\/www.merlinproperties.com\/pt\/wp-content\/uploads\/sites\/3\/2024\/12\/patio-el-economista.jpg","width":8192,"height":5464,"caption":"OBSERVATORIO MERL\u00cdN. \u2018\"Los espacios flexibles como elemento innovador en el mundo empresarial\u201d. D. Borja Marinas, CEO de Patio Campus. D\u00f1a. Cristina Castelao, Senior Workplace Manager para Europa de Onetrust. D\u00f1a. Alba Brualla, elEconomista. D. Fernando Ram\u00edrez, Director General de Loom. 14 noviembre 2024. 14\/11\/2024 FOTO: REMO VICARIO"},{"@type":"WebSite","@id":"https:\/\/www.merlinproperties.com\/pt\/#website","url":"https:\/\/www.merlinproperties.com\/pt\/","name":"Merlin Properties Socimi, S.A. (PT)","description":"Compa\u00f1\u00eda Inmobiliaria, cotizada, l\u00edder en el sector de activos terciarios en la Pen\u00ednsula Ib\u00e9rica.","publisher":{"@id":"https:\/\/www.merlinproperties.com\/pt\/#organization"},"potentialAction":[{"@type":"SearchAction","target":{"@type":"EntryPoint","urlTemplate":"https:\/\/www.merlinproperties.com\/pt\/?s={search_term_string}"},"query-input":{"@type":"PropertyValueSpecification","valueRequired":true,"valueName":"search_term_string"}}],"inLanguage":"es"},{"@type":"Organization","@id":"https:\/\/www.merlinproperties.com\/pt\/#organization","name":"Merlin Properties Socimi, S.A. (PT)","url":"https:\/\/www.merlinproperties.com\/pt\/","logo":{"@type":"ImageObject","inLanguage":"es","@id":"https:\/\/www.merlinproperties.com\/pt\/#\/schema\/logo\/image\/","url":"https:\/\/www.merlinproperties.com\/pt\/wp-content\/uploads\/sites\/3\/2023\/03\/Merlin-Logo-Horizontal-Negativo-scaled-3.png","contentUrl":"https:\/\/www.merlinproperties.com\/pt\/wp-content\/uploads\/sites\/3\/2023\/03\/Merlin-Logo-Horizontal-Negativo-scaled-3.png","width":600,"height":204,"caption":"Merlin Properties Socimi, S.A. (PT)"},"image":{"@id":"https:\/\/www.merlinproperties.com\/pt\/#\/schema\/logo\/image\/"}},{"@type":"Person","@id":"","url":"https:\/\/www.merlinproperties.com\/pt\/author\/"}]}},"_links":{"self":[{"href":"https:\/\/www.merlinproperties.com\/pt\/wp-json\/wp\/v2\/posts\/8204","targetHints":{"allow":["GET"]}}],"collection":[{"href":"https:\/\/www.merlinproperties.com\/pt\/wp-json\/wp\/v2\/posts"}],"about":[{"href":"https:\/\/www.merlinproperties.com\/pt\/wp-json\/wp\/v2\/types\/post"}],"author":[{"embeddable":true,"href":"https:\/\/www.merlinproperties.com\/pt\/wp-json\/wp\/v2\/users\/11"}],"replies":[{"embeddable":true,"href":"https:\/\/www.merlinproperties.com\/pt\/wp-json\/wp\/v2\/comments?post=8204"}],"version-history":[{"count":3,"href":"https:\/\/www.merlinproperties.com\/pt\/wp-json\/wp\/v2\/posts\/8204\/revisions"}],"predecessor-version":[{"id":8209,"href":"https:\/\/www.merlinproperties.com\/pt\/wp-json\/wp\/v2\/posts\/8204\/revisions\/8209"}],"wp:featuredmedia":[{"embeddable":true,"href":"https:\/\/www.merlinproperties.com\/pt\/wp-json\/wp\/v2\/media\/8205"}],"wp:attachment":[{"href":"https:\/\/www.merlinproperties.com\/pt\/wp-json\/wp\/v2\/media?parent=8204"}],"wp:term":[{"taxonomy":"category","embeddable":true,"href":"https:\/\/www.merlinproperties.com\/pt\/wp-json\/wp\/v2\/categories?post=8204"}],"curies":[{"name":"wp","href":"https:\/\/api.w.org\/{rel}","templated":true}]}}