{"id":8169,"date":"2024-11-08T10:48:14","date_gmt":"2024-11-08T10:48:14","guid":{"rendered":"https:\/\/www.merlinproperties.com\/pt\/?p=8169"},"modified":"2024-11-08T10:53:17","modified_gmt":"2024-11-08T10:53:17","slug":"o-rei-felipe-vi-recebe-as-empresas-do-projeto-geracao-de-oportunidades","status":"publish","type":"post","link":"https:\/\/www.merlinproperties.com\/pt\/dia-a-dia\/o-rei-felipe-vi-recebe-as-empresas-do-projeto-geracao-de-oportunidades\/","title":{"rendered":"O Rei Felipe VI recebe as empresas do projeto \u201cGera\u00e7\u00e3o de Oportunidades\u201d"},"content":{"rendered":"<p>\u2018Gera\u00e7\u00e3o de Oportunidades\u2019 \u00e9 um projeto em que fazemos parte e que promove as boas pr\u00e1ticas empresariais em mat\u00e9ria de sustentabilidade ambiental, social e de corporate governance, com o objetivo de contribuir para o crescimento sustent\u00e1vel.<\/p>\n<p>Ontem, o nosso CEO, Ismael Clemente, esteve na rece\u00e7\u00e3o organizada pela Fam\u00edlia Real com outras empresas participantes, onde puderam partilhar com o Rei Felipe VI as iniciativas realizadas em mat\u00e9ria ESG.<\/p>\n<p>Obrigado \u00e0 Europa Press e \u00e0 McKinsey&amp;Company por promoverem e promoverem este projeto.<\/p>\n<p><img loading=\"lazy\" decoding=\"async\" class=\"alignnone size-medium wp-image-8170\" src=\"https:\/\/www.merlinproperties.com\/pt\/wp-content\/uploads\/sites\/3\/2024\/11\/EuropaPress_6327168_El_Rey_Felipe_VI_c_junto_a_la_representacion_de-840x559.jpg\" alt=\"\" width=\"840\" height=\"559\" srcset=\"https:\/\/www.merlinproperties.com\/pt\/wp-content\/uploads\/sites\/3\/2024\/11\/EuropaPress_6327168_El_Rey_Felipe_VI_c_junto_a_la_representacion_de-840x559.jpg 840w, https:\/\/www.merlinproperties.com\/pt\/wp-content\/uploads\/sites\/3\/2024\/11\/EuropaPress_6327168_El_Rey_Felipe_VI_c_junto_a_la_representacion_de-1440x959.jpg 1440w, https:\/\/www.merlinproperties.com\/pt\/wp-content\/uploads\/sites\/3\/2024\/11\/EuropaPress_6327168_El_Rey_Felipe_VI_c_junto_a_la_representacion_de-450x300.jpg 450w, https:\/\/www.merlinproperties.com\/pt\/wp-content\/uploads\/sites\/3\/2024\/11\/EuropaPress_6327168_El_Rey_Felipe_VI_c_junto_a_la_representacion_de-768x511.jpg 768w, https:\/\/www.merlinproperties.com\/pt\/wp-content\/uploads\/sites\/3\/2024\/11\/EuropaPress_6327168_El_Rey_Felipe_VI_c_junto_a_la_representacion_de-1536x1023.jpg 1536w, https:\/\/www.merlinproperties.com\/pt\/wp-content\/uploads\/sites\/3\/2024\/11\/EuropaPress_6327168_El_Rey_Felipe_VI_c_junto_a_la_representacion_de-2048x1363.jpg 2048w, https:\/\/www.merlinproperties.com\/pt\/wp-content\/uploads\/sites\/3\/2024\/11\/EuropaPress_6327168_El_Rey_Felipe_VI_c_junto_a_la_representacion_de-1200x799.jpg 1200w, https:\/\/www.merlinproperties.com\/pt\/wp-content\/uploads\/sites\/3\/2024\/11\/EuropaPress_6327168_El_Rey_Felipe_VI_c_junto_a_la_representacion_de-1980x1318.jpg 1980w\" sizes=\"auto, (max-width: 840px) 100vw, 840px\" \/><\/p>\n","protected":false},"excerpt":{"rendered":"<p>\u2018Gera\u00e7\u00e3o de Oportunidades\u2019 \u00e9 um projeto em que fazemos parte e que promove as boas pr\u00e1ticas empresariais em mat\u00e9ria de sustentabilidade ambiental, social e de corporate governance, com o objetivo de contribuir para o crescimento sustent\u00e1vel. Ontem, o nosso CEO, Ismael Clemente, esteve na rece\u00e7\u00e3o organizada pela Fam\u00edlia Real com outras empresas participantes, onde puderam [&hellip;]<\/p>\n","protected":false},"author":11,"featured_media":8175,"comment_status":"closed","ping_status":"open","sticky":false,"template":"","format":"standard","meta":{"footnotes":""},"categories":[90,41],"class_list":["post-8169","post","type-post","status-publish","format-standard","has-post-thumbnail","hentry","category-corporativo","category-dia-a-dia"],"acf":[],"yoast_head":"<!-- This site is optimized with the Yoast SEO plugin v26.5 - https:\/\/yoast.com\/wordpress\/plugins\/seo\/ -->\n<title>O Rei Felipe VI recebe as empresas do projeto \u201cGera\u00e7\u00e3o de Oportunidades\u201d - Merlin Properties Socimi, S.A. (PT)<\/title>\n<meta name=\"robots\" content=\"index, follow, max-snippet:-1, max-image-preview:large, max-video-preview:-1\" \/>\n<link rel=\"canonical\" href=\"https:\/\/www.merlinproperties.com\/pt\/dia-a-dia\/o-rei-felipe-vi-recebe-as-empresas-do-projeto-geracao-de-oportunidades\/\" \/>\n<meta property=\"og:locale\" content=\"es_ES\" \/>\n<meta property=\"og:type\" content=\"article\" \/>\n<meta property=\"og:title\" content=\"O Rei Felipe VI recebe as empresas do projeto \u201cGera\u00e7\u00e3o de Oportunidades\u201d - Merlin Properties Socimi, S.A. (PT)\" \/>\n<meta property=\"og:description\" content=\"\u2018Gera\u00e7\u00e3o de Oportunidades\u2019 \u00e9 um projeto em que fazemos parte e que promove as boas pr\u00e1ticas empresariais em mat\u00e9ria de sustentabilidade ambiental, social e de corporate governance, com o objetivo de contribuir para o crescimento sustent\u00e1vel. Ontem, o nosso CEO, Ismael Clemente, esteve na rece\u00e7\u00e3o organizada pela Fam\u00edlia Real com outras empresas participantes, onde puderam [&hellip;]\" \/>\n<meta property=\"og:url\" content=\"https:\/\/www.merlinproperties.com\/pt\/dia-a-dia\/o-rei-felipe-vi-recebe-as-empresas-do-projeto-geracao-de-oportunidades\/\" \/>\n<meta property=\"og:site_name\" content=\"Merlin Properties Socimi, S.A. (PT)\" \/>\n<meta property=\"article:published_time\" content=\"2024-11-08T10:48:14+00:00\" \/>\n<meta property=\"article:modified_time\" content=\"2024-11-08T10:53:17+00:00\" \/>\n<meta property=\"og:image\" content=\"https:\/\/www.merlinproperties.com\/pt\/wp-content\/uploads\/sites\/3\/2024\/11\/europa-press-editada-scaled.jpg\" \/>\n\t<meta property=\"og:image:width\" content=\"2560\" \/>\n\t<meta property=\"og:image:height\" content=\"1440\" \/>\n\t<meta property=\"og:image:type\" content=\"image\/jpeg\" \/>\n<meta name=\"twitter:card\" content=\"summary_large_image\" \/>\n<meta name=\"twitter:label1\" content=\"Escrito por\" \/>\n\t<meta name=\"twitter:data1\" content=\"\" \/>\n\t<meta name=\"twitter:label2\" content=\"Tiempo de lectura\" \/>\n\t<meta name=\"twitter:data2\" content=\"1 minuto\" \/>\n<script type=\"application\/ld+json\" class=\"yoast-schema-graph\">{\"@context\":\"https:\/\/schema.org\",\"@graph\":[{\"@type\":\"Article\",\"@id\":\"https:\/\/www.merlinproperties.com\/pt\/dia-a-dia\/o-rei-felipe-vi-recebe-as-empresas-do-projeto-geracao-de-oportunidades\/#article\",\"isPartOf\":{\"@id\":\"https:\/\/www.merlinproperties.com\/pt\/dia-a-dia\/o-rei-felipe-vi-recebe-as-empresas-do-projeto-geracao-de-oportunidades\/\"},\"author\":{\"name\":\"\",\"@id\":\"\"},\"headline\":\"O Rei Felipe VI recebe as empresas do projeto \u201cGera\u00e7\u00e3o de Oportunidades\u201d\",\"datePublished\":\"2024-11-08T10:48:14+00:00\",\"dateModified\":\"2024-11-08T10:53:17+00:00\",\"mainEntityOfPage\":{\"@id\":\"https:\/\/www.merlinproperties.com\/pt\/dia-a-dia\/o-rei-felipe-vi-recebe-as-empresas-do-projeto-geracao-de-oportunidades\/\"},\"wordCount\":99,\"publisher\":{\"@id\":\"https:\/\/www.merlinproperties.com\/pt\/#organization\"},\"image\":{\"@id\":\"https:\/\/www.merlinproperties.com\/pt\/dia-a-dia\/o-rei-felipe-vi-recebe-as-empresas-do-projeto-geracao-de-oportunidades\/#primaryimage\"},\"thumbnailUrl\":\"https:\/\/www.merlinproperties.com\/pt\/wp-content\/uploads\/sites\/3\/2024\/11\/europa-press-editada-scaled.jpg\",\"articleSection\":[\"Corporativo\",\"D\u00eda a d\u00eda\"],\"inLanguage\":\"es\"},{\"@type\":\"WebPage\",\"@id\":\"https:\/\/www.merlinproperties.com\/pt\/dia-a-dia\/o-rei-felipe-vi-recebe-as-empresas-do-projeto-geracao-de-oportunidades\/\",\"url\":\"https:\/\/www.merlinproperties.com\/pt\/dia-a-dia\/o-rei-felipe-vi-recebe-as-empresas-do-projeto-geracao-de-oportunidades\/\",\"name\":\"O Rei Felipe VI recebe as empresas do projeto \u201cGera\u00e7\u00e3o de Oportunidades\u201d - Merlin Properties Socimi, S.A. (PT)\",\"isPartOf\":{\"@id\":\"https:\/\/www.merlinproperties.com\/pt\/#website\"},\"primaryImageOfPage\":{\"@id\":\"https:\/\/www.merlinproperties.com\/pt\/dia-a-dia\/o-rei-felipe-vi-recebe-as-empresas-do-projeto-geracao-de-oportunidades\/#primaryimage\"},\"image\":{\"@id\":\"https:\/\/www.merlinproperties.com\/pt\/dia-a-dia\/o-rei-felipe-vi-recebe-as-empresas-do-projeto-geracao-de-oportunidades\/#primaryimage\"},\"thumbnailUrl\":\"https:\/\/www.merlinproperties.com\/pt\/wp-content\/uploads\/sites\/3\/2024\/11\/europa-press-editada-scaled.jpg\",\"datePublished\":\"2024-11-08T10:48:14+00:00\",\"dateModified\":\"2024-11-08T10:53:17+00:00\",\"inLanguage\":\"es\",\"potentialAction\":[{\"@type\":\"ReadAction\",\"target\":[\"https:\/\/www.merlinproperties.com\/pt\/dia-a-dia\/o-rei-felipe-vi-recebe-as-empresas-do-projeto-geracao-de-oportunidades\/\"]}]},{\"@type\":\"ImageObject\",\"inLanguage\":\"es\",\"@id\":\"https:\/\/www.merlinproperties.com\/pt\/dia-a-dia\/o-rei-felipe-vi-recebe-as-empresas-do-projeto-geracao-de-oportunidades\/#primaryimage\",\"url\":\"https:\/\/www.merlinproperties.com\/pt\/wp-content\/uploads\/sites\/3\/2024\/11\/europa-press-editada-scaled.jpg\",\"contentUrl\":\"https:\/\/www.merlinproperties.com\/pt\/wp-content\/uploads\/sites\/3\/2024\/11\/europa-press-editada-scaled.jpg\",\"width\":2560,\"height\":1440,\"caption\":\"El Rey Felipe VI (c), junto a la representaci\u00f3n de la Plataforma Informativa 'Generaci\u00f3n de Oportunidades', en el Palacio de la Zarzuela, a 7 de noviembre de 2024, en Madrid (Espa\u00f1a). La Plataforma Informativa \u201cGeneraci\u00f3n de Oportunidades\u201d es una iniciativa conjunta de McKinsey &amp; Company y Europa Press, que nace del firme compromiso de ambas compa\u00f1\u00edas por ser parte activa en la gesti\u00f3n de valor sostenible con responsabilidad social, con la capacidad de difusi\u00f3n de Europa Press en Espa\u00f1a y Latinoam\u00e9rica, a la que se han adherido 25 de las principales empresas de nuestro pa\u00eds -15 de ellas pertenecientes al IBEX 35- que aportan sus pr\u00e1cticas en los elementos del denominado \u201cESG\u201d fomentando un entorno m\u00e1s ecol\u00f3gico, digital, inclusivo y resiliente. 07 NOVIEMBRE 2024;OPORTUNIDADES;REY;PLATAFORMA Gustavo Valiente \/ Europa Press 07\/11\/2024\"},{\"@type\":\"WebSite\",\"@id\":\"https:\/\/www.merlinproperties.com\/pt\/#website\",\"url\":\"https:\/\/www.merlinproperties.com\/pt\/\",\"name\":\"Merlin Properties Socimi, S.A. (PT)\",\"description\":\"Compa\u00f1\u00eda Inmobiliaria, cotizada, l\u00edder en el sector de activos terciarios en la Pen\u00ednsula Ib\u00e9rica.\",\"publisher\":{\"@id\":\"https:\/\/www.merlinproperties.com\/pt\/#organization\"},\"potentialAction\":[{\"@type\":\"SearchAction\",\"target\":{\"@type\":\"EntryPoint\",\"urlTemplate\":\"https:\/\/www.merlinproperties.com\/pt\/?s={search_term_string}\"},\"query-input\":{\"@type\":\"PropertyValueSpecification\",\"valueRequired\":true,\"valueName\":\"search_term_string\"}}],\"inLanguage\":\"es\"},{\"@type\":\"Organization\",\"@id\":\"https:\/\/www.merlinproperties.com\/pt\/#organization\",\"name\":\"Merlin Properties Socimi, S.A. (PT)\",\"url\":\"https:\/\/www.merlinproperties.com\/pt\/\",\"logo\":{\"@type\":\"ImageObject\",\"inLanguage\":\"es\",\"@id\":\"https:\/\/www.merlinproperties.com\/pt\/#\/schema\/logo\/image\/\",\"url\":\"https:\/\/www.merlinproperties.com\/pt\/wp-content\/uploads\/sites\/3\/2023\/03\/Merlin-Logo-Horizontal-Negativo-scaled-3.png\",\"contentUrl\":\"https:\/\/www.merlinproperties.com\/pt\/wp-content\/uploads\/sites\/3\/2023\/03\/Merlin-Logo-Horizontal-Negativo-scaled-3.png\",\"width\":600,\"height\":204,\"caption\":\"Merlin Properties Socimi, S.A. (PT)\"},\"image\":{\"@id\":\"https:\/\/www.merlinproperties.com\/pt\/#\/schema\/logo\/image\/\"}},{\"@type\":\"Person\",\"@id\":\"\",\"url\":\"https:\/\/www.merlinproperties.com\/pt\/author\/\"}]}<\/script>\n<!-- \/ Yoast SEO plugin. -->","yoast_head_json":{"title":"O Rei Felipe VI recebe as empresas do projeto \u201cGera\u00e7\u00e3o de Oportunidades\u201d - Merlin Properties Socimi, S.A. (PT)","robots":{"index":"index","follow":"follow","max-snippet":"max-snippet:-1","max-image-preview":"max-image-preview:large","max-video-preview":"max-video-preview:-1"},"canonical":"https:\/\/www.merlinproperties.com\/pt\/dia-a-dia\/o-rei-felipe-vi-recebe-as-empresas-do-projeto-geracao-de-oportunidades\/","og_locale":"es_ES","og_type":"article","og_title":"O Rei Felipe VI recebe as empresas do projeto \u201cGera\u00e7\u00e3o de Oportunidades\u201d - Merlin Properties Socimi, S.A. (PT)","og_description":"\u2018Gera\u00e7\u00e3o de Oportunidades\u2019 \u00e9 um projeto em que fazemos parte e que promove as boas pr\u00e1ticas empresariais em mat\u00e9ria de sustentabilidade ambiental, social e de corporate governance, com o objetivo de contribuir para o crescimento sustent\u00e1vel. Ontem, o nosso CEO, Ismael Clemente, esteve na rece\u00e7\u00e3o organizada pela Fam\u00edlia Real com outras empresas participantes, onde puderam [&hellip;]","og_url":"https:\/\/www.merlinproperties.com\/pt\/dia-a-dia\/o-rei-felipe-vi-recebe-as-empresas-do-projeto-geracao-de-oportunidades\/","og_site_name":"Merlin Properties Socimi, S.A. (PT)","article_published_time":"2024-11-08T10:48:14+00:00","article_modified_time":"2024-11-08T10:53:17+00:00","og_image":[{"width":2560,"height":1440,"url":"https:\/\/www.merlinproperties.com\/pt\/wp-content\/uploads\/sites\/3\/2024\/11\/europa-press-editada-scaled.jpg","type":"image\/jpeg"}],"twitter_card":"summary_large_image","twitter_misc":{"Escrito por":"","Tiempo de lectura":"1 minuto"},"schema":{"@context":"https:\/\/schema.org","@graph":[{"@type":"Article","@id":"https:\/\/www.merlinproperties.com\/pt\/dia-a-dia\/o-rei-felipe-vi-recebe-as-empresas-do-projeto-geracao-de-oportunidades\/#article","isPartOf":{"@id":"https:\/\/www.merlinproperties.com\/pt\/dia-a-dia\/o-rei-felipe-vi-recebe-as-empresas-do-projeto-geracao-de-oportunidades\/"},"author":{"name":"","@id":""},"headline":"O Rei Felipe VI recebe as empresas do projeto \u201cGera\u00e7\u00e3o de Oportunidades\u201d","datePublished":"2024-11-08T10:48:14+00:00","dateModified":"2024-11-08T10:53:17+00:00","mainEntityOfPage":{"@id":"https:\/\/www.merlinproperties.com\/pt\/dia-a-dia\/o-rei-felipe-vi-recebe-as-empresas-do-projeto-geracao-de-oportunidades\/"},"wordCount":99,"publisher":{"@id":"https:\/\/www.merlinproperties.com\/pt\/#organization"},"image":{"@id":"https:\/\/www.merlinproperties.com\/pt\/dia-a-dia\/o-rei-felipe-vi-recebe-as-empresas-do-projeto-geracao-de-oportunidades\/#primaryimage"},"thumbnailUrl":"https:\/\/www.merlinproperties.com\/pt\/wp-content\/uploads\/sites\/3\/2024\/11\/europa-press-editada-scaled.jpg","articleSection":["Corporativo","D\u00eda a d\u00eda"],"inLanguage":"es"},{"@type":"WebPage","@id":"https:\/\/www.merlinproperties.com\/pt\/dia-a-dia\/o-rei-felipe-vi-recebe-as-empresas-do-projeto-geracao-de-oportunidades\/","url":"https:\/\/www.merlinproperties.com\/pt\/dia-a-dia\/o-rei-felipe-vi-recebe-as-empresas-do-projeto-geracao-de-oportunidades\/","name":"O Rei Felipe VI recebe as empresas do projeto \u201cGera\u00e7\u00e3o de Oportunidades\u201d - Merlin Properties Socimi, S.A. (PT)","isPartOf":{"@id":"https:\/\/www.merlinproperties.com\/pt\/#website"},"primaryImageOfPage":{"@id":"https:\/\/www.merlinproperties.com\/pt\/dia-a-dia\/o-rei-felipe-vi-recebe-as-empresas-do-projeto-geracao-de-oportunidades\/#primaryimage"},"image":{"@id":"https:\/\/www.merlinproperties.com\/pt\/dia-a-dia\/o-rei-felipe-vi-recebe-as-empresas-do-projeto-geracao-de-oportunidades\/#primaryimage"},"thumbnailUrl":"https:\/\/www.merlinproperties.com\/pt\/wp-content\/uploads\/sites\/3\/2024\/11\/europa-press-editada-scaled.jpg","datePublished":"2024-11-08T10:48:14+00:00","dateModified":"2024-11-08T10:53:17+00:00","inLanguage":"es","potentialAction":[{"@type":"ReadAction","target":["https:\/\/www.merlinproperties.com\/pt\/dia-a-dia\/o-rei-felipe-vi-recebe-as-empresas-do-projeto-geracao-de-oportunidades\/"]}]},{"@type":"ImageObject","inLanguage":"es","@id":"https:\/\/www.merlinproperties.com\/pt\/dia-a-dia\/o-rei-felipe-vi-recebe-as-empresas-do-projeto-geracao-de-oportunidades\/#primaryimage","url":"https:\/\/www.merlinproperties.com\/pt\/wp-content\/uploads\/sites\/3\/2024\/11\/europa-press-editada-scaled.jpg","contentUrl":"https:\/\/www.merlinproperties.com\/pt\/wp-content\/uploads\/sites\/3\/2024\/11\/europa-press-editada-scaled.jpg","width":2560,"height":1440,"caption":"El Rey Felipe VI (c), junto a la representaci\u00f3n de la Plataforma Informativa 'Generaci\u00f3n de Oportunidades', en el Palacio de la Zarzuela, a 7 de noviembre de 2024, en Madrid (Espa\u00f1a). La Plataforma Informativa \u201cGeneraci\u00f3n de Oportunidades\u201d es una iniciativa conjunta de McKinsey &amp; Company y Europa Press, que nace del firme compromiso de ambas compa\u00f1\u00edas por ser parte activa en la gesti\u00f3n de valor sostenible con responsabilidad social, con la capacidad de difusi\u00f3n de Europa Press en Espa\u00f1a y Latinoam\u00e9rica, a la que se han adherido 25 de las principales empresas de nuestro pa\u00eds -15 de ellas pertenecientes al IBEX 35- que aportan sus pr\u00e1cticas en los elementos del denominado \u201cESG\u201d fomentando un entorno m\u00e1s ecol\u00f3gico, digital, inclusivo y resiliente. 07 NOVIEMBRE 2024;OPORTUNIDADES;REY;PLATAFORMA Gustavo Valiente \/ Europa Press 07\/11\/2024"},{"@type":"WebSite","@id":"https:\/\/www.merlinproperties.com\/pt\/#website","url":"https:\/\/www.merlinproperties.com\/pt\/","name":"Merlin Properties Socimi, S.A. (PT)","description":"Compa\u00f1\u00eda Inmobiliaria, cotizada, l\u00edder en el sector de activos terciarios en la Pen\u00ednsula Ib\u00e9rica.","publisher":{"@id":"https:\/\/www.merlinproperties.com\/pt\/#organization"},"potentialAction":[{"@type":"SearchAction","target":{"@type":"EntryPoint","urlTemplate":"https:\/\/www.merlinproperties.com\/pt\/?s={search_term_string}"},"query-input":{"@type":"PropertyValueSpecification","valueRequired":true,"valueName":"search_term_string"}}],"inLanguage":"es"},{"@type":"Organization","@id":"https:\/\/www.merlinproperties.com\/pt\/#organization","name":"Merlin Properties Socimi, S.A. (PT)","url":"https:\/\/www.merlinproperties.com\/pt\/","logo":{"@type":"ImageObject","inLanguage":"es","@id":"https:\/\/www.merlinproperties.com\/pt\/#\/schema\/logo\/image\/","url":"https:\/\/www.merlinproperties.com\/pt\/wp-content\/uploads\/sites\/3\/2023\/03\/Merlin-Logo-Horizontal-Negativo-scaled-3.png","contentUrl":"https:\/\/www.merlinproperties.com\/pt\/wp-content\/uploads\/sites\/3\/2023\/03\/Merlin-Logo-Horizontal-Negativo-scaled-3.png","width":600,"height":204,"caption":"Merlin Properties Socimi, S.A. (PT)"},"image":{"@id":"https:\/\/www.merlinproperties.com\/pt\/#\/schema\/logo\/image\/"}},{"@type":"Person","@id":"","url":"https:\/\/www.merlinproperties.com\/pt\/author\/"}]}},"_links":{"self":[{"href":"https:\/\/www.merlinproperties.com\/pt\/wp-json\/wp\/v2\/posts\/8169","targetHints":{"allow":["GET"]}}],"collection":[{"href":"https:\/\/www.merlinproperties.com\/pt\/wp-json\/wp\/v2\/posts"}],"about":[{"href":"https:\/\/www.merlinproperties.com\/pt\/wp-json\/wp\/v2\/types\/post"}],"author":[{"embeddable":true,"href":"https:\/\/www.merlinproperties.com\/pt\/wp-json\/wp\/v2\/users\/11"}],"replies":[{"embeddable":true,"href":"https:\/\/www.merlinproperties.com\/pt\/wp-json\/wp\/v2\/comments?post=8169"}],"version-history":[{"count":3,"href":"https:\/\/www.merlinproperties.com\/pt\/wp-json\/wp\/v2\/posts\/8169\/revisions"}],"predecessor-version":[{"id":8174,"href":"https:\/\/www.merlinproperties.com\/pt\/wp-json\/wp\/v2\/posts\/8169\/revisions\/8174"}],"wp:featuredmedia":[{"embeddable":true,"href":"https:\/\/www.merlinproperties.com\/pt\/wp-json\/wp\/v2\/media\/8175"}],"wp:attachment":[{"href":"https:\/\/www.merlinproperties.com\/pt\/wp-json\/wp\/v2\/media?parent=8169"}],"wp:term":[{"taxonomy":"category","embeddable":true,"href":"https:\/\/www.merlinproperties.com\/pt\/wp-json\/wp\/v2\/categories?post=8169"}],"curies":[{"name":"wp","href":"https:\/\/api.w.org\/{rel}","templated":true}]}}