{"id":8102,"date":"2024-10-16T10:06:35","date_gmt":"2024-10-16T10:06:35","guid":{"rendered":"https:\/\/www.merlinproperties.com\/pt\/?p=8102"},"modified":"2025-05-08T07:40:42","modified_gmt":"2025-05-08T07:40:42","slug":"inauguramos-uma-nova-faixa-de-autocarro-na-avenida-de-burgos-em-madrid","status":"publish","type":"post","link":"https:\/\/www.merlinproperties.com\/pt\/dia-a-dia\/inauguramos-uma-nova-faixa-de-autocarro-na-avenida-de-burgos-em-madrid\/","title":{"rendered":"Inaugur\u00e1mos uma nova faixa de autocarro na Avenida de Burgos em Madrid"},"content":{"rendered":"<p>Ontem, inaugur\u00e1mos uma nova faixa de autocarro na Avenida de Burgos em Madrid, juntamente com o Conselheiro de Habita\u00e7\u00e3o, Transportes e Infraestruturas da Comunidade de Madrid, Jorge Rodrigo Dominguez, e o Delegado de Urbanismo, Meio Ambiente e Mobilidade da C\u00e2mara Municipal de Madrid, Borja Carabante.<\/p>\n<p>Esta faixa tem como objetivo melhorar a mobilidade, promover o uso deste meio de transporte e reduzir os tempos de viagem na A-1, beneficiando tanto residentes como trabalhadores.<\/p>\n<p>Esta iniciativa, fruto da colabora\u00e7\u00e3o p\u00fablico-privada, refor\u00e7a a mobilidade sustent\u00e1vel e melhora a liga\u00e7\u00e3o com uma das \u00e1reas empresariais mais din\u00e2micas de Madrid.<\/p>\n<p>&nbsp;<\/p>\n<p><img loading=\"lazy\" decoding=\"async\" class=\"size-medium wp-image-8103 aligncenter\" src=\"https:\/\/www.merlinproperties.com\/pt\/wp-content\/uploads\/sites\/3\/2024\/10\/Carril-bus-hor-840x473.jpg\" alt=\"\" width=\"840\" height=\"473\" srcset=\"https:\/\/www.merlinproperties.com\/pt\/wp-content\/uploads\/sites\/3\/2024\/10\/Carril-bus-hor-840x473.jpg 840w, https:\/\/www.merlinproperties.com\/pt\/wp-content\/uploads\/sites\/3\/2024\/10\/Carril-bus-hor-1440x810.jpg 1440w, https:\/\/www.merlinproperties.com\/pt\/wp-content\/uploads\/sites\/3\/2024\/10\/Carril-bus-hor-450x253.jpg 450w, https:\/\/www.merlinproperties.com\/pt\/wp-content\/uploads\/sites\/3\/2024\/10\/Carril-bus-hor-768x432.jpg 768w, https:\/\/www.merlinproperties.com\/pt\/wp-content\/uploads\/sites\/3\/2024\/10\/Carril-bus-hor-1536x864.jpg 1536w, https:\/\/www.merlinproperties.com\/pt\/wp-content\/uploads\/sites\/3\/2024\/10\/Carril-bus-hor-1200x675.jpg 1200w, https:\/\/www.merlinproperties.com\/pt\/wp-content\/uploads\/sites\/3\/2024\/10\/Carril-bus-hor.jpg 1920w\" sizes=\"auto, (max-width: 840px) 100vw, 840px\" \/><\/p>\n","protected":false},"excerpt":{"rendered":"<p>Ontem, inaugur\u00e1mos uma nova faixa de autocarro na Avenida de Burgos em Madrid, juntamente com o Conselheiro de Habita\u00e7\u00e3o, Transportes e Infraestruturas da Comunidade de Madrid, Jorge Rodrigo Dominguez, e o Delegado de Urbanismo, Meio Ambiente e Mobilidade da C\u00e2mara Municipal de Madrid, Borja Carabante. Esta faixa tem como objetivo melhorar a mobilidade, promover o [&hellip;]<\/p>\n","protected":false},"author":13,"featured_media":8105,"comment_status":"closed","ping_status":"open","sticky":false,"template":"","format":"standard","meta":{"footnotes":""},"categories":[90,41],"class_list":["post-8102","post","type-post","status-publish","format-standard","has-post-thumbnail","hentry","category-corporativo","category-dia-a-dia"],"acf":[],"yoast_head":"<!-- This site is optimized with the Yoast SEO plugin v26.5 - https:\/\/yoast.com\/wordpress\/plugins\/seo\/ -->\n<title>Inaugur\u00e1mos uma nova faixa de autocarro na Avenida de Burgos em Madrid - Merlin Properties Socimi, S.A. (PT)<\/title>\n<meta name=\"robots\" content=\"index, follow, max-snippet:-1, max-image-preview:large, max-video-preview:-1\" \/>\n<link rel=\"canonical\" href=\"https:\/\/www.merlinproperties.com\/pt\/dia-a-dia\/inauguramos-uma-nova-faixa-de-autocarro-na-avenida-de-burgos-em-madrid\/\" \/>\n<meta property=\"og:locale\" content=\"es_ES\" \/>\n<meta property=\"og:type\" content=\"article\" \/>\n<meta property=\"og:title\" content=\"Inaugur\u00e1mos uma nova faixa de autocarro na Avenida de Burgos em Madrid - Merlin Properties Socimi, S.A. (PT)\" \/>\n<meta property=\"og:description\" content=\"Ontem, inaugur\u00e1mos uma nova faixa de autocarro na Avenida de Burgos em Madrid, juntamente com o Conselheiro de Habita\u00e7\u00e3o, Transportes e Infraestruturas da Comunidade de Madrid, Jorge Rodrigo Dominguez, e o Delegado de Urbanismo, Meio Ambiente e Mobilidade da C\u00e2mara Municipal de Madrid, Borja Carabante. Esta faixa tem como objetivo melhorar a mobilidade, promover o [&hellip;]\" \/>\n<meta property=\"og:url\" content=\"https:\/\/www.merlinproperties.com\/pt\/dia-a-dia\/inauguramos-uma-nova-faixa-de-autocarro-na-avenida-de-burgos-em-madrid\/\" \/>\n<meta property=\"og:site_name\" content=\"Merlin Properties Socimi, S.A. (PT)\" \/>\n<meta property=\"article:published_time\" content=\"2024-10-16T10:06:35+00:00\" \/>\n<meta property=\"article:modified_time\" content=\"2025-05-08T07:40:42+00:00\" \/>\n<meta property=\"og:image\" content=\"https:\/\/www.merlinproperties.com\/pt\/wp-content\/uploads\/sites\/3\/2024\/10\/Carril-bus-hor-1.jpg\" \/>\n\t<meta property=\"og:image:width\" content=\"1920\" \/>\n\t<meta property=\"og:image:height\" content=\"1080\" \/>\n\t<meta property=\"og:image:type\" content=\"image\/jpeg\" \/>\n<meta name=\"twitter:card\" content=\"summary_large_image\" \/>\n<meta name=\"twitter:label1\" content=\"Escrito por\" \/>\n\t<meta name=\"twitter:data1\" content=\"\" \/>\n\t<meta name=\"twitter:label2\" content=\"Tiempo de lectura\" \/>\n\t<meta name=\"twitter:data2\" content=\"1 minuto\" \/>\n<script type=\"application\/ld+json\" class=\"yoast-schema-graph\">{\"@context\":\"https:\/\/schema.org\",\"@graph\":[{\"@type\":\"Article\",\"@id\":\"https:\/\/www.merlinproperties.com\/pt\/dia-a-dia\/inauguramos-uma-nova-faixa-de-autocarro-na-avenida-de-burgos-em-madrid\/#article\",\"isPartOf\":{\"@id\":\"https:\/\/www.merlinproperties.com\/pt\/dia-a-dia\/inauguramos-uma-nova-faixa-de-autocarro-na-avenida-de-burgos-em-madrid\/\"},\"author\":{\"name\":\"\",\"@id\":\"\"},\"headline\":\"Inaugur\u00e1mos uma nova faixa de autocarro na Avenida de Burgos em Madrid\",\"datePublished\":\"2024-10-16T10:06:35+00:00\",\"dateModified\":\"2025-05-08T07:40:42+00:00\",\"mainEntityOfPage\":{\"@id\":\"https:\/\/www.merlinproperties.com\/pt\/dia-a-dia\/inauguramos-uma-nova-faixa-de-autocarro-na-avenida-de-burgos-em-madrid\/\"},\"wordCount\":119,\"publisher\":{\"@id\":\"https:\/\/www.merlinproperties.com\/pt\/#organization\"},\"image\":{\"@id\":\"https:\/\/www.merlinproperties.com\/pt\/dia-a-dia\/inauguramos-uma-nova-faixa-de-autocarro-na-avenida-de-burgos-em-madrid\/#primaryimage\"},\"thumbnailUrl\":\"https:\/\/www.merlinproperties.com\/pt\/wp-content\/uploads\/sites\/3\/2024\/10\/Carril-bus-hor-1.jpg\",\"articleSection\":[\"Corporativo\",\"D\u00eda a d\u00eda\"],\"inLanguage\":\"es\"},{\"@type\":\"WebPage\",\"@id\":\"https:\/\/www.merlinproperties.com\/pt\/dia-a-dia\/inauguramos-uma-nova-faixa-de-autocarro-na-avenida-de-burgos-em-madrid\/\",\"url\":\"https:\/\/www.merlinproperties.com\/pt\/dia-a-dia\/inauguramos-uma-nova-faixa-de-autocarro-na-avenida-de-burgos-em-madrid\/\",\"name\":\"Inaugur\u00e1mos uma nova faixa de autocarro na Avenida de Burgos em Madrid - Merlin Properties Socimi, S.A. (PT)\",\"isPartOf\":{\"@id\":\"https:\/\/www.merlinproperties.com\/pt\/#website\"},\"primaryImageOfPage\":{\"@id\":\"https:\/\/www.merlinproperties.com\/pt\/dia-a-dia\/inauguramos-uma-nova-faixa-de-autocarro-na-avenida-de-burgos-em-madrid\/#primaryimage\"},\"image\":{\"@id\":\"https:\/\/www.merlinproperties.com\/pt\/dia-a-dia\/inauguramos-uma-nova-faixa-de-autocarro-na-avenida-de-burgos-em-madrid\/#primaryimage\"},\"thumbnailUrl\":\"https:\/\/www.merlinproperties.com\/pt\/wp-content\/uploads\/sites\/3\/2024\/10\/Carril-bus-hor-1.jpg\",\"datePublished\":\"2024-10-16T10:06:35+00:00\",\"dateModified\":\"2025-05-08T07:40:42+00:00\",\"inLanguage\":\"es\",\"potentialAction\":[{\"@type\":\"ReadAction\",\"target\":[\"https:\/\/www.merlinproperties.com\/pt\/dia-a-dia\/inauguramos-uma-nova-faixa-de-autocarro-na-avenida-de-burgos-em-madrid\/\"]}]},{\"@type\":\"ImageObject\",\"inLanguage\":\"es\",\"@id\":\"https:\/\/www.merlinproperties.com\/pt\/dia-a-dia\/inauguramos-uma-nova-faixa-de-autocarro-na-avenida-de-burgos-em-madrid\/#primaryimage\",\"url\":\"https:\/\/www.merlinproperties.com\/pt\/wp-content\/uploads\/sites\/3\/2024\/10\/Carril-bus-hor-1.jpg\",\"contentUrl\":\"https:\/\/www.merlinproperties.com\/pt\/wp-content\/uploads\/sites\/3\/2024\/10\/Carril-bus-hor-1.jpg\",\"width\":1920,\"height\":1080},{\"@type\":\"WebSite\",\"@id\":\"https:\/\/www.merlinproperties.com\/pt\/#website\",\"url\":\"https:\/\/www.merlinproperties.com\/pt\/\",\"name\":\"Merlin Properties Socimi, S.A. (PT)\",\"description\":\"Compa\u00f1\u00eda Inmobiliaria, cotizada, l\u00edder en el sector de activos terciarios en la Pen\u00ednsula Ib\u00e9rica.\",\"publisher\":{\"@id\":\"https:\/\/www.merlinproperties.com\/pt\/#organization\"},\"potentialAction\":[{\"@type\":\"SearchAction\",\"target\":{\"@type\":\"EntryPoint\",\"urlTemplate\":\"https:\/\/www.merlinproperties.com\/pt\/?s={search_term_string}\"},\"query-input\":{\"@type\":\"PropertyValueSpecification\",\"valueRequired\":true,\"valueName\":\"search_term_string\"}}],\"inLanguage\":\"es\"},{\"@type\":\"Organization\",\"@id\":\"https:\/\/www.merlinproperties.com\/pt\/#organization\",\"name\":\"Merlin Properties Socimi, S.A. (PT)\",\"url\":\"https:\/\/www.merlinproperties.com\/pt\/\",\"logo\":{\"@type\":\"ImageObject\",\"inLanguage\":\"es\",\"@id\":\"https:\/\/www.merlinproperties.com\/pt\/#\/schema\/logo\/image\/\",\"url\":\"https:\/\/www.merlinproperties.com\/pt\/wp-content\/uploads\/sites\/3\/2023\/03\/Merlin-Logo-Horizontal-Negativo-scaled-3.png\",\"contentUrl\":\"https:\/\/www.merlinproperties.com\/pt\/wp-content\/uploads\/sites\/3\/2023\/03\/Merlin-Logo-Horizontal-Negativo-scaled-3.png\",\"width\":600,\"height\":204,\"caption\":\"Merlin Properties Socimi, S.A. (PT)\"},\"image\":{\"@id\":\"https:\/\/www.merlinproperties.com\/pt\/#\/schema\/logo\/image\/\"}},{\"@type\":\"Person\",\"@id\":\"\",\"url\":\"https:\/\/www.merlinproperties.com\/pt\/author\/\"}]}<\/script>\n<!-- \/ Yoast SEO plugin. -->","yoast_head_json":{"title":"Inaugur\u00e1mos uma nova faixa de autocarro na Avenida de Burgos em Madrid - Merlin Properties Socimi, S.A. (PT)","robots":{"index":"index","follow":"follow","max-snippet":"max-snippet:-1","max-image-preview":"max-image-preview:large","max-video-preview":"max-video-preview:-1"},"canonical":"https:\/\/www.merlinproperties.com\/pt\/dia-a-dia\/inauguramos-uma-nova-faixa-de-autocarro-na-avenida-de-burgos-em-madrid\/","og_locale":"es_ES","og_type":"article","og_title":"Inaugur\u00e1mos uma nova faixa de autocarro na Avenida de Burgos em Madrid - Merlin Properties Socimi, S.A. (PT)","og_description":"Ontem, inaugur\u00e1mos uma nova faixa de autocarro na Avenida de Burgos em Madrid, juntamente com o Conselheiro de Habita\u00e7\u00e3o, Transportes e Infraestruturas da Comunidade de Madrid, Jorge Rodrigo Dominguez, e o Delegado de Urbanismo, Meio Ambiente e Mobilidade da C\u00e2mara Municipal de Madrid, Borja Carabante. Esta faixa tem como objetivo melhorar a mobilidade, promover o [&hellip;]","og_url":"https:\/\/www.merlinproperties.com\/pt\/dia-a-dia\/inauguramos-uma-nova-faixa-de-autocarro-na-avenida-de-burgos-em-madrid\/","og_site_name":"Merlin Properties Socimi, S.A. (PT)","article_published_time":"2024-10-16T10:06:35+00:00","article_modified_time":"2025-05-08T07:40:42+00:00","og_image":[{"width":1920,"height":1080,"url":"https:\/\/www.merlinproperties.com\/pt\/wp-content\/uploads\/sites\/3\/2024\/10\/Carril-bus-hor-1.jpg","type":"image\/jpeg"}],"twitter_card":"summary_large_image","twitter_misc":{"Escrito por":"","Tiempo de lectura":"1 minuto"},"schema":{"@context":"https:\/\/schema.org","@graph":[{"@type":"Article","@id":"https:\/\/www.merlinproperties.com\/pt\/dia-a-dia\/inauguramos-uma-nova-faixa-de-autocarro-na-avenida-de-burgos-em-madrid\/#article","isPartOf":{"@id":"https:\/\/www.merlinproperties.com\/pt\/dia-a-dia\/inauguramos-uma-nova-faixa-de-autocarro-na-avenida-de-burgos-em-madrid\/"},"author":{"name":"","@id":""},"headline":"Inaugur\u00e1mos uma nova faixa de autocarro na Avenida de Burgos em Madrid","datePublished":"2024-10-16T10:06:35+00:00","dateModified":"2025-05-08T07:40:42+00:00","mainEntityOfPage":{"@id":"https:\/\/www.merlinproperties.com\/pt\/dia-a-dia\/inauguramos-uma-nova-faixa-de-autocarro-na-avenida-de-burgos-em-madrid\/"},"wordCount":119,"publisher":{"@id":"https:\/\/www.merlinproperties.com\/pt\/#organization"},"image":{"@id":"https:\/\/www.merlinproperties.com\/pt\/dia-a-dia\/inauguramos-uma-nova-faixa-de-autocarro-na-avenida-de-burgos-em-madrid\/#primaryimage"},"thumbnailUrl":"https:\/\/www.merlinproperties.com\/pt\/wp-content\/uploads\/sites\/3\/2024\/10\/Carril-bus-hor-1.jpg","articleSection":["Corporativo","D\u00eda a d\u00eda"],"inLanguage":"es"},{"@type":"WebPage","@id":"https:\/\/www.merlinproperties.com\/pt\/dia-a-dia\/inauguramos-uma-nova-faixa-de-autocarro-na-avenida-de-burgos-em-madrid\/","url":"https:\/\/www.merlinproperties.com\/pt\/dia-a-dia\/inauguramos-uma-nova-faixa-de-autocarro-na-avenida-de-burgos-em-madrid\/","name":"Inaugur\u00e1mos uma nova faixa de autocarro na Avenida de Burgos em Madrid - Merlin Properties Socimi, S.A. (PT)","isPartOf":{"@id":"https:\/\/www.merlinproperties.com\/pt\/#website"},"primaryImageOfPage":{"@id":"https:\/\/www.merlinproperties.com\/pt\/dia-a-dia\/inauguramos-uma-nova-faixa-de-autocarro-na-avenida-de-burgos-em-madrid\/#primaryimage"},"image":{"@id":"https:\/\/www.merlinproperties.com\/pt\/dia-a-dia\/inauguramos-uma-nova-faixa-de-autocarro-na-avenida-de-burgos-em-madrid\/#primaryimage"},"thumbnailUrl":"https:\/\/www.merlinproperties.com\/pt\/wp-content\/uploads\/sites\/3\/2024\/10\/Carril-bus-hor-1.jpg","datePublished":"2024-10-16T10:06:35+00:00","dateModified":"2025-05-08T07:40:42+00:00","inLanguage":"es","potentialAction":[{"@type":"ReadAction","target":["https:\/\/www.merlinproperties.com\/pt\/dia-a-dia\/inauguramos-uma-nova-faixa-de-autocarro-na-avenida-de-burgos-em-madrid\/"]}]},{"@type":"ImageObject","inLanguage":"es","@id":"https:\/\/www.merlinproperties.com\/pt\/dia-a-dia\/inauguramos-uma-nova-faixa-de-autocarro-na-avenida-de-burgos-em-madrid\/#primaryimage","url":"https:\/\/www.merlinproperties.com\/pt\/wp-content\/uploads\/sites\/3\/2024\/10\/Carril-bus-hor-1.jpg","contentUrl":"https:\/\/www.merlinproperties.com\/pt\/wp-content\/uploads\/sites\/3\/2024\/10\/Carril-bus-hor-1.jpg","width":1920,"height":1080},{"@type":"WebSite","@id":"https:\/\/www.merlinproperties.com\/pt\/#website","url":"https:\/\/www.merlinproperties.com\/pt\/","name":"Merlin Properties Socimi, S.A. (PT)","description":"Compa\u00f1\u00eda Inmobiliaria, cotizada, l\u00edder en el sector de activos terciarios en la Pen\u00ednsula Ib\u00e9rica.","publisher":{"@id":"https:\/\/www.merlinproperties.com\/pt\/#organization"},"potentialAction":[{"@type":"SearchAction","target":{"@type":"EntryPoint","urlTemplate":"https:\/\/www.merlinproperties.com\/pt\/?s={search_term_string}"},"query-input":{"@type":"PropertyValueSpecification","valueRequired":true,"valueName":"search_term_string"}}],"inLanguage":"es"},{"@type":"Organization","@id":"https:\/\/www.merlinproperties.com\/pt\/#organization","name":"Merlin Properties Socimi, S.A. (PT)","url":"https:\/\/www.merlinproperties.com\/pt\/","logo":{"@type":"ImageObject","inLanguage":"es","@id":"https:\/\/www.merlinproperties.com\/pt\/#\/schema\/logo\/image\/","url":"https:\/\/www.merlinproperties.com\/pt\/wp-content\/uploads\/sites\/3\/2023\/03\/Merlin-Logo-Horizontal-Negativo-scaled-3.png","contentUrl":"https:\/\/www.merlinproperties.com\/pt\/wp-content\/uploads\/sites\/3\/2023\/03\/Merlin-Logo-Horizontal-Negativo-scaled-3.png","width":600,"height":204,"caption":"Merlin Properties Socimi, S.A. (PT)"},"image":{"@id":"https:\/\/www.merlinproperties.com\/pt\/#\/schema\/logo\/image\/"}},{"@type":"Person","@id":"","url":"https:\/\/www.merlinproperties.com\/pt\/author\/"}]}},"_links":{"self":[{"href":"https:\/\/www.merlinproperties.com\/pt\/wp-json\/wp\/v2\/posts\/8102","targetHints":{"allow":["GET"]}}],"collection":[{"href":"https:\/\/www.merlinproperties.com\/pt\/wp-json\/wp\/v2\/posts"}],"about":[{"href":"https:\/\/www.merlinproperties.com\/pt\/wp-json\/wp\/v2\/types\/post"}],"author":[{"embeddable":true,"href":"https:\/\/www.merlinproperties.com\/pt\/wp-json\/wp\/v2\/users\/13"}],"replies":[{"embeddable":true,"href":"https:\/\/www.merlinproperties.com\/pt\/wp-json\/wp\/v2\/comments?post=8102"}],"version-history":[{"count":1,"href":"https:\/\/www.merlinproperties.com\/pt\/wp-json\/wp\/v2\/posts\/8102\/revisions"}],"predecessor-version":[{"id":8106,"href":"https:\/\/www.merlinproperties.com\/pt\/wp-json\/wp\/v2\/posts\/8102\/revisions\/8106"}],"wp:featuredmedia":[{"embeddable":true,"href":"https:\/\/www.merlinproperties.com\/pt\/wp-json\/wp\/v2\/media\/8105"}],"wp:attachment":[{"href":"https:\/\/www.merlinproperties.com\/pt\/wp-json\/wp\/v2\/media?parent=8102"}],"wp:term":[{"taxonomy":"category","embeddable":true,"href":"https:\/\/www.merlinproperties.com\/pt\/wp-json\/wp\/v2\/categories?post=8102"}],"curies":[{"name":"wp","href":"https:\/\/api.w.org\/{rel}","templated":true}]}}