{"id":7512,"date":"2024-04-17T14:21:24","date_gmt":"2024-04-17T14:21:24","guid":{"rendered":"https:\/\/www.merlinproperties.com\/pt\/?p=7512"},"modified":"2024-04-17T14:21:24","modified_gmt":"2024-04-17T14:21:24","slug":"ismael-clemente-participou-na-iv-edicao-de-wake-up-spain-as-grandes-oportunidades-de-espanha-numa-europa-em-mudanca","status":"publish","type":"post","link":"https:\/\/www.merlinproperties.com\/pt\/dia-a-dia\/ismael-clemente-participou-na-iv-edicao-de-wake-up-spain-as-grandes-oportunidades-de-espanha-numa-europa-em-mudanca\/","title":{"rendered":"Ismael Clemente participou na IV edi\u00e7\u00e3o de \u00abWake Up, Spain! As grandes oportunidades de Espanha numa Europa em mudan\u00e7a\u00bb"},"content":{"rendered":"<p>Ismael Clemente, CEO da MERLIN Properties, participou na IV edi\u00e7\u00e3o de \u00abWake Up, Spain! As grandes oportunidades de Espanha numa Europa em mudan\u00e7a\u00bb, acompanhado por institui\u00e7\u00f5es, agentes sociais e outros profissionais.<\/p>\n<p>\u00abEm Espanha, existem atualmente entre 140 e 150 megawatts instalados. Vamos acrescentar 1\/3 ao mercado espanhol de Centros de Dados. Criam entre 2,5 e 3,5 empregos por mega, ou seja, um centro de dados de 100 mega como o de Alava cria entre 250 e 350 empregos qualificados. Al\u00e9m disso, s\u00e3o de terceira gera\u00e7\u00e3o e a sua Efic\u00e1cia de Utiliza\u00e7\u00e3o de \u00c1gua \u00e9 de 0,0, o que significa que n\u00e3o consomem \u00e1gua\u00bb.<\/p>\n<p>Pode ver a conversa completa<a href=\"https:\/\/lnkd.in\/dEQJJZtM\"> aqui<\/a>.<\/p>\n<p>&nbsp;<\/p>\n<p><img loading=\"lazy\" decoding=\"async\" class=\"alignnone size-medium wp-image-7513\" src=\"https:\/\/www.merlinproperties.com\/pt\/wp-content\/uploads\/sites\/3\/2024\/04\/ismael-wake-up-horizontal-840x473.png\" alt=\"\" width=\"840\" height=\"473\" srcset=\"https:\/\/www.merlinproperties.com\/pt\/wp-content\/uploads\/sites\/3\/2024\/04\/ismael-wake-up-horizontal-840x473.png 840w, https:\/\/www.merlinproperties.com\/pt\/wp-content\/uploads\/sites\/3\/2024\/04\/ismael-wake-up-horizontal-1440x810.png 1440w, https:\/\/www.merlinproperties.com\/pt\/wp-content\/uploads\/sites\/3\/2024\/04\/ismael-wake-up-horizontal-450x253.png 450w, https:\/\/www.merlinproperties.com\/pt\/wp-content\/uploads\/sites\/3\/2024\/04\/ismael-wake-up-horizontal-768x432.png 768w, https:\/\/www.merlinproperties.com\/pt\/wp-content\/uploads\/sites\/3\/2024\/04\/ismael-wake-up-horizontal-1536x864.png 1536w, https:\/\/www.merlinproperties.com\/pt\/wp-content\/uploads\/sites\/3\/2024\/04\/ismael-wake-up-horizontal-1200x675.png 1200w, https:\/\/www.merlinproperties.com\/pt\/wp-content\/uploads\/sites\/3\/2024\/04\/ismael-wake-up-horizontal.png 1920w\" sizes=\"auto, (max-width: 840px) 100vw, 840px\" \/><\/p>\n","protected":false},"excerpt":{"rendered":"<p>Ismael Clemente, CEO da MERLIN Properties, participou na IV edi\u00e7\u00e3o de \u00abWake Up, Spain! As grandes oportunidades de Espanha numa Europa em mudan\u00e7a\u00bb, acompanhado por institui\u00e7\u00f5es, agentes sociais e outros profissionais. \u00abEm Espanha, existem atualmente entre 140 e 150 megawatts instalados. Vamos acrescentar 1\/3 ao mercado espanhol de Centros de Dados. Criam entre 2,5 e [&hellip;]<\/p>\n","protected":false},"author":12,"featured_media":7513,"comment_status":"closed","ping_status":"open","sticky":false,"template":"","format":"standard","meta":{"footnotes":""},"categories":[90,43,41],"class_list":["post-7512","post","type-post","status-publish","format-standard","has-post-thumbnail","hentry","category-corporativo","category-dia-data-center","category-dia-a-dia"],"acf":[],"yoast_head":"<!-- This site is optimized with the Yoast SEO plugin v26.5 - https:\/\/yoast.com\/wordpress\/plugins\/seo\/ -->\n<title>Ismael Clemente participou na IV edi\u00e7\u00e3o de &quot;Wake Up, Spain! As grandes oportunidades de Espanha numa Europa em mudan\u00e7a&quot; - Merlin Properties Socimi, S.A. (PT)<\/title>\n<meta name=\"robots\" content=\"index, follow, max-snippet:-1, max-image-preview:large, max-video-preview:-1\" \/>\n<link rel=\"canonical\" href=\"https:\/\/www.merlinproperties.com\/pt\/dia-a-dia\/ismael-clemente-participou-na-iv-edicao-de-wake-up-spain-as-grandes-oportunidades-de-espanha-numa-europa-em-mudanca\/\" \/>\n<meta property=\"og:locale\" content=\"es_ES\" \/>\n<meta property=\"og:type\" content=\"article\" \/>\n<meta property=\"og:title\" content=\"Ismael Clemente participou na IV edi\u00e7\u00e3o de &quot;Wake Up, Spain! As grandes oportunidades de Espanha numa Europa em mudan\u00e7a&quot; - Merlin Properties Socimi, S.A. (PT)\" \/>\n<meta property=\"og:description\" content=\"Ismael Clemente, CEO da MERLIN Properties, participou na IV edi\u00e7\u00e3o de \u00abWake Up, Spain! As grandes oportunidades de Espanha numa Europa em mudan\u00e7a\u00bb, acompanhado por institui\u00e7\u00f5es, agentes sociais e outros profissionais. \u00abEm Espanha, existem atualmente entre 140 e 150 megawatts instalados. Vamos acrescentar 1\/3 ao mercado espanhol de Centros de Dados. Criam entre 2,5 e [&hellip;]\" \/>\n<meta property=\"og:url\" content=\"https:\/\/www.merlinproperties.com\/pt\/dia-a-dia\/ismael-clemente-participou-na-iv-edicao-de-wake-up-spain-as-grandes-oportunidades-de-espanha-numa-europa-em-mudanca\/\" \/>\n<meta property=\"og:site_name\" content=\"Merlin Properties Socimi, S.A. (PT)\" \/>\n<meta property=\"article:published_time\" content=\"2024-04-17T14:21:24+00:00\" \/>\n<meta property=\"og:image\" content=\"https:\/\/www.merlinproperties.com\/pt\/wp-content\/uploads\/sites\/3\/2024\/04\/ismael-wake-up-horizontal.png\" \/>\n\t<meta property=\"og:image:width\" content=\"1920\" \/>\n\t<meta property=\"og:image:height\" content=\"1080\" \/>\n\t<meta property=\"og:image:type\" content=\"image\/png\" \/>\n<meta name=\"twitter:card\" content=\"summary_large_image\" \/>\n<meta name=\"twitter:label1\" content=\"Escrito por\" \/>\n\t<meta name=\"twitter:data1\" content=\"\" \/>\n\t<meta name=\"twitter:label2\" content=\"Tiempo de lectura\" \/>\n\t<meta name=\"twitter:data2\" content=\"1 minuto\" \/>\n<script type=\"application\/ld+json\" class=\"yoast-schema-graph\">{\"@context\":\"https:\/\/schema.org\",\"@graph\":[{\"@type\":\"Article\",\"@id\":\"https:\/\/www.merlinproperties.com\/pt\/dia-a-dia\/ismael-clemente-participou-na-iv-edicao-de-wake-up-spain-as-grandes-oportunidades-de-espanha-numa-europa-em-mudanca\/#article\",\"isPartOf\":{\"@id\":\"https:\/\/www.merlinproperties.com\/pt\/dia-a-dia\/ismael-clemente-participou-na-iv-edicao-de-wake-up-spain-as-grandes-oportunidades-de-espanha-numa-europa-em-mudanca\/\"},\"author\":{\"name\":\"\",\"@id\":\"\"},\"headline\":\"Ismael Clemente participou na IV edi\u00e7\u00e3o de \u00abWake Up, Spain! As grandes oportunidades de Espanha numa Europa em mudan\u00e7a\u00bb\",\"datePublished\":\"2024-04-17T14:21:24+00:00\",\"mainEntityOfPage\":{\"@id\":\"https:\/\/www.merlinproperties.com\/pt\/dia-a-dia\/ismael-clemente-participou-na-iv-edicao-de-wake-up-spain-as-grandes-oportunidades-de-espanha-numa-europa-em-mudanca\/\"},\"wordCount\":130,\"publisher\":{\"@id\":\"https:\/\/www.merlinproperties.com\/pt\/#organization\"},\"image\":{\"@id\":\"https:\/\/www.merlinproperties.com\/pt\/dia-a-dia\/ismael-clemente-participou-na-iv-edicao-de-wake-up-spain-as-grandes-oportunidades-de-espanha-numa-europa-em-mudanca\/#primaryimage\"},\"thumbnailUrl\":\"https:\/\/www.merlinproperties.com\/pt\/wp-content\/uploads\/sites\/3\/2024\/04\/ismael-wake-up-horizontal.png\",\"articleSection\":[\"Corporativo\",\"Data centers\",\"D\u00eda a d\u00eda\"],\"inLanguage\":\"es\"},{\"@type\":\"WebPage\",\"@id\":\"https:\/\/www.merlinproperties.com\/pt\/dia-a-dia\/ismael-clemente-participou-na-iv-edicao-de-wake-up-spain-as-grandes-oportunidades-de-espanha-numa-europa-em-mudanca\/\",\"url\":\"https:\/\/www.merlinproperties.com\/pt\/dia-a-dia\/ismael-clemente-participou-na-iv-edicao-de-wake-up-spain-as-grandes-oportunidades-de-espanha-numa-europa-em-mudanca\/\",\"name\":\"Ismael Clemente participou na IV edi\u00e7\u00e3o de \\\"Wake Up, Spain! As grandes oportunidades de Espanha numa Europa em mudan\u00e7a\\\" - Merlin Properties Socimi, S.A. (PT)\",\"isPartOf\":{\"@id\":\"https:\/\/www.merlinproperties.com\/pt\/#website\"},\"primaryImageOfPage\":{\"@id\":\"https:\/\/www.merlinproperties.com\/pt\/dia-a-dia\/ismael-clemente-participou-na-iv-edicao-de-wake-up-spain-as-grandes-oportunidades-de-espanha-numa-europa-em-mudanca\/#primaryimage\"},\"image\":{\"@id\":\"https:\/\/www.merlinproperties.com\/pt\/dia-a-dia\/ismael-clemente-participou-na-iv-edicao-de-wake-up-spain-as-grandes-oportunidades-de-espanha-numa-europa-em-mudanca\/#primaryimage\"},\"thumbnailUrl\":\"https:\/\/www.merlinproperties.com\/pt\/wp-content\/uploads\/sites\/3\/2024\/04\/ismael-wake-up-horizontal.png\",\"datePublished\":\"2024-04-17T14:21:24+00:00\",\"inLanguage\":\"es\",\"potentialAction\":[{\"@type\":\"ReadAction\",\"target\":[\"https:\/\/www.merlinproperties.com\/pt\/dia-a-dia\/ismael-clemente-participou-na-iv-edicao-de-wake-up-spain-as-grandes-oportunidades-de-espanha-numa-europa-em-mudanca\/\"]}]},{\"@type\":\"ImageObject\",\"inLanguage\":\"es\",\"@id\":\"https:\/\/www.merlinproperties.com\/pt\/dia-a-dia\/ismael-clemente-participou-na-iv-edicao-de-wake-up-spain-as-grandes-oportunidades-de-espanha-numa-europa-em-mudanca\/#primaryimage\",\"url\":\"https:\/\/www.merlinproperties.com\/pt\/wp-content\/uploads\/sites\/3\/2024\/04\/ismael-wake-up-horizontal.png\",\"contentUrl\":\"https:\/\/www.merlinproperties.com\/pt\/wp-content\/uploads\/sites\/3\/2024\/04\/ismael-wake-up-horizontal.png\",\"width\":1920,\"height\":1080},{\"@type\":\"WebSite\",\"@id\":\"https:\/\/www.merlinproperties.com\/pt\/#website\",\"url\":\"https:\/\/www.merlinproperties.com\/pt\/\",\"name\":\"Merlin Properties Socimi, S.A. (PT)\",\"description\":\"Compa\u00f1\u00eda Inmobiliaria, cotizada, l\u00edder en el sector de activos terciarios en la Pen\u00ednsula Ib\u00e9rica.\",\"publisher\":{\"@id\":\"https:\/\/www.merlinproperties.com\/pt\/#organization\"},\"potentialAction\":[{\"@type\":\"SearchAction\",\"target\":{\"@type\":\"EntryPoint\",\"urlTemplate\":\"https:\/\/www.merlinproperties.com\/pt\/?s={search_term_string}\"},\"query-input\":{\"@type\":\"PropertyValueSpecification\",\"valueRequired\":true,\"valueName\":\"search_term_string\"}}],\"inLanguage\":\"es\"},{\"@type\":\"Organization\",\"@id\":\"https:\/\/www.merlinproperties.com\/pt\/#organization\",\"name\":\"Merlin Properties Socimi, S.A. (PT)\",\"url\":\"https:\/\/www.merlinproperties.com\/pt\/\",\"logo\":{\"@type\":\"ImageObject\",\"inLanguage\":\"es\",\"@id\":\"https:\/\/www.merlinproperties.com\/pt\/#\/schema\/logo\/image\/\",\"url\":\"https:\/\/www.merlinproperties.com\/pt\/wp-content\/uploads\/sites\/3\/2023\/03\/Merlin-Logo-Horizontal-Negativo-scaled-3.png\",\"contentUrl\":\"https:\/\/www.merlinproperties.com\/pt\/wp-content\/uploads\/sites\/3\/2023\/03\/Merlin-Logo-Horizontal-Negativo-scaled-3.png\",\"width\":600,\"height\":204,\"caption\":\"Merlin Properties Socimi, S.A. (PT)\"},\"image\":{\"@id\":\"https:\/\/www.merlinproperties.com\/pt\/#\/schema\/logo\/image\/\"}},{\"@type\":\"Person\",\"@id\":\"\",\"url\":\"https:\/\/www.merlinproperties.com\/pt\/author\/\"}]}<\/script>\n<!-- \/ Yoast SEO plugin. -->","yoast_head_json":{"title":"Ismael Clemente participou na IV edi\u00e7\u00e3o de \"Wake Up, Spain! As grandes oportunidades de Espanha numa Europa em mudan\u00e7a\" - Merlin Properties Socimi, S.A. (PT)","robots":{"index":"index","follow":"follow","max-snippet":"max-snippet:-1","max-image-preview":"max-image-preview:large","max-video-preview":"max-video-preview:-1"},"canonical":"https:\/\/www.merlinproperties.com\/pt\/dia-a-dia\/ismael-clemente-participou-na-iv-edicao-de-wake-up-spain-as-grandes-oportunidades-de-espanha-numa-europa-em-mudanca\/","og_locale":"es_ES","og_type":"article","og_title":"Ismael Clemente participou na IV edi\u00e7\u00e3o de \"Wake Up, Spain! As grandes oportunidades de Espanha numa Europa em mudan\u00e7a\" - Merlin Properties Socimi, S.A. (PT)","og_description":"Ismael Clemente, CEO da MERLIN Properties, participou na IV edi\u00e7\u00e3o de \u00abWake Up, Spain! As grandes oportunidades de Espanha numa Europa em mudan\u00e7a\u00bb, acompanhado por institui\u00e7\u00f5es, agentes sociais e outros profissionais. \u00abEm Espanha, existem atualmente entre 140 e 150 megawatts instalados. Vamos acrescentar 1\/3 ao mercado espanhol de Centros de Dados. Criam entre 2,5 e [&hellip;]","og_url":"https:\/\/www.merlinproperties.com\/pt\/dia-a-dia\/ismael-clemente-participou-na-iv-edicao-de-wake-up-spain-as-grandes-oportunidades-de-espanha-numa-europa-em-mudanca\/","og_site_name":"Merlin Properties Socimi, S.A. (PT)","article_published_time":"2024-04-17T14:21:24+00:00","og_image":[{"width":1920,"height":1080,"url":"https:\/\/www.merlinproperties.com\/pt\/wp-content\/uploads\/sites\/3\/2024\/04\/ismael-wake-up-horizontal.png","type":"image\/png"}],"twitter_card":"summary_large_image","twitter_misc":{"Escrito por":"","Tiempo de lectura":"1 minuto"},"schema":{"@context":"https:\/\/schema.org","@graph":[{"@type":"Article","@id":"https:\/\/www.merlinproperties.com\/pt\/dia-a-dia\/ismael-clemente-participou-na-iv-edicao-de-wake-up-spain-as-grandes-oportunidades-de-espanha-numa-europa-em-mudanca\/#article","isPartOf":{"@id":"https:\/\/www.merlinproperties.com\/pt\/dia-a-dia\/ismael-clemente-participou-na-iv-edicao-de-wake-up-spain-as-grandes-oportunidades-de-espanha-numa-europa-em-mudanca\/"},"author":{"name":"","@id":""},"headline":"Ismael Clemente participou na IV edi\u00e7\u00e3o de \u00abWake Up, Spain! As grandes oportunidades de Espanha numa Europa em mudan\u00e7a\u00bb","datePublished":"2024-04-17T14:21:24+00:00","mainEntityOfPage":{"@id":"https:\/\/www.merlinproperties.com\/pt\/dia-a-dia\/ismael-clemente-participou-na-iv-edicao-de-wake-up-spain-as-grandes-oportunidades-de-espanha-numa-europa-em-mudanca\/"},"wordCount":130,"publisher":{"@id":"https:\/\/www.merlinproperties.com\/pt\/#organization"},"image":{"@id":"https:\/\/www.merlinproperties.com\/pt\/dia-a-dia\/ismael-clemente-participou-na-iv-edicao-de-wake-up-spain-as-grandes-oportunidades-de-espanha-numa-europa-em-mudanca\/#primaryimage"},"thumbnailUrl":"https:\/\/www.merlinproperties.com\/pt\/wp-content\/uploads\/sites\/3\/2024\/04\/ismael-wake-up-horizontal.png","articleSection":["Corporativo","Data centers","D\u00eda a d\u00eda"],"inLanguage":"es"},{"@type":"WebPage","@id":"https:\/\/www.merlinproperties.com\/pt\/dia-a-dia\/ismael-clemente-participou-na-iv-edicao-de-wake-up-spain-as-grandes-oportunidades-de-espanha-numa-europa-em-mudanca\/","url":"https:\/\/www.merlinproperties.com\/pt\/dia-a-dia\/ismael-clemente-participou-na-iv-edicao-de-wake-up-spain-as-grandes-oportunidades-de-espanha-numa-europa-em-mudanca\/","name":"Ismael Clemente participou na IV edi\u00e7\u00e3o de \"Wake Up, Spain! As grandes oportunidades de Espanha numa Europa em mudan\u00e7a\" - Merlin Properties Socimi, S.A. (PT)","isPartOf":{"@id":"https:\/\/www.merlinproperties.com\/pt\/#website"},"primaryImageOfPage":{"@id":"https:\/\/www.merlinproperties.com\/pt\/dia-a-dia\/ismael-clemente-participou-na-iv-edicao-de-wake-up-spain-as-grandes-oportunidades-de-espanha-numa-europa-em-mudanca\/#primaryimage"},"image":{"@id":"https:\/\/www.merlinproperties.com\/pt\/dia-a-dia\/ismael-clemente-participou-na-iv-edicao-de-wake-up-spain-as-grandes-oportunidades-de-espanha-numa-europa-em-mudanca\/#primaryimage"},"thumbnailUrl":"https:\/\/www.merlinproperties.com\/pt\/wp-content\/uploads\/sites\/3\/2024\/04\/ismael-wake-up-horizontal.png","datePublished":"2024-04-17T14:21:24+00:00","inLanguage":"es","potentialAction":[{"@type":"ReadAction","target":["https:\/\/www.merlinproperties.com\/pt\/dia-a-dia\/ismael-clemente-participou-na-iv-edicao-de-wake-up-spain-as-grandes-oportunidades-de-espanha-numa-europa-em-mudanca\/"]}]},{"@type":"ImageObject","inLanguage":"es","@id":"https:\/\/www.merlinproperties.com\/pt\/dia-a-dia\/ismael-clemente-participou-na-iv-edicao-de-wake-up-spain-as-grandes-oportunidades-de-espanha-numa-europa-em-mudanca\/#primaryimage","url":"https:\/\/www.merlinproperties.com\/pt\/wp-content\/uploads\/sites\/3\/2024\/04\/ismael-wake-up-horizontal.png","contentUrl":"https:\/\/www.merlinproperties.com\/pt\/wp-content\/uploads\/sites\/3\/2024\/04\/ismael-wake-up-horizontal.png","width":1920,"height":1080},{"@type":"WebSite","@id":"https:\/\/www.merlinproperties.com\/pt\/#website","url":"https:\/\/www.merlinproperties.com\/pt\/","name":"Merlin Properties Socimi, S.A. (PT)","description":"Compa\u00f1\u00eda Inmobiliaria, cotizada, l\u00edder en el sector de activos terciarios en la Pen\u00ednsula Ib\u00e9rica.","publisher":{"@id":"https:\/\/www.merlinproperties.com\/pt\/#organization"},"potentialAction":[{"@type":"SearchAction","target":{"@type":"EntryPoint","urlTemplate":"https:\/\/www.merlinproperties.com\/pt\/?s={search_term_string}"},"query-input":{"@type":"PropertyValueSpecification","valueRequired":true,"valueName":"search_term_string"}}],"inLanguage":"es"},{"@type":"Organization","@id":"https:\/\/www.merlinproperties.com\/pt\/#organization","name":"Merlin Properties Socimi, S.A. (PT)","url":"https:\/\/www.merlinproperties.com\/pt\/","logo":{"@type":"ImageObject","inLanguage":"es","@id":"https:\/\/www.merlinproperties.com\/pt\/#\/schema\/logo\/image\/","url":"https:\/\/www.merlinproperties.com\/pt\/wp-content\/uploads\/sites\/3\/2023\/03\/Merlin-Logo-Horizontal-Negativo-scaled-3.png","contentUrl":"https:\/\/www.merlinproperties.com\/pt\/wp-content\/uploads\/sites\/3\/2023\/03\/Merlin-Logo-Horizontal-Negativo-scaled-3.png","width":600,"height":204,"caption":"Merlin Properties Socimi, S.A. (PT)"},"image":{"@id":"https:\/\/www.merlinproperties.com\/pt\/#\/schema\/logo\/image\/"}},{"@type":"Person","@id":"","url":"https:\/\/www.merlinproperties.com\/pt\/author\/"}]}},"_links":{"self":[{"href":"https:\/\/www.merlinproperties.com\/pt\/wp-json\/wp\/v2\/posts\/7512","targetHints":{"allow":["GET"]}}],"collection":[{"href":"https:\/\/www.merlinproperties.com\/pt\/wp-json\/wp\/v2\/posts"}],"about":[{"href":"https:\/\/www.merlinproperties.com\/pt\/wp-json\/wp\/v2\/types\/post"}],"author":[{"embeddable":true,"href":"https:\/\/www.merlinproperties.com\/pt\/wp-json\/wp\/v2\/users\/12"}],"replies":[{"embeddable":true,"href":"https:\/\/www.merlinproperties.com\/pt\/wp-json\/wp\/v2\/comments?post=7512"}],"version-history":[{"count":1,"href":"https:\/\/www.merlinproperties.com\/pt\/wp-json\/wp\/v2\/posts\/7512\/revisions"}],"predecessor-version":[{"id":7515,"href":"https:\/\/www.merlinproperties.com\/pt\/wp-json\/wp\/v2\/posts\/7512\/revisions\/7515"}],"wp:featuredmedia":[{"embeddable":true,"href":"https:\/\/www.merlinproperties.com\/pt\/wp-json\/wp\/v2\/media\/7513"}],"wp:attachment":[{"href":"https:\/\/www.merlinproperties.com\/pt\/wp-json\/wp\/v2\/media?parent=7512"}],"wp:term":[{"taxonomy":"category","embeddable":true,"href":"https:\/\/www.merlinproperties.com\/pt\/wp-json\/wp\/v2\/categories?post=7512"}],"curies":[{"name":"wp","href":"https:\/\/api.w.org\/{rel}","templated":true}]}}