{"id":7397,"date":"2024-03-04T18:20:51","date_gmt":"2024-03-04T18:20:51","guid":{"rendered":"https:\/\/www.merlinproperties.com\/pt\/?p=7397"},"modified":"2024-03-04T18:26:10","modified_gmt":"2024-03-04T18:26:10","slug":"participamos-no-think-tank-retail-future-organizado-pelo-roca-madrid-gallery-no-ambito-do-ciclo-cidades-verdes","status":"publish","type":"post","link":"https:\/\/www.merlinproperties.com\/pt\/dia-a-dia\/participamos-no-think-tank-retail-future-organizado-pelo-roca-madrid-gallery-no-ambito-do-ciclo-cidades-verdes\/","title":{"rendered":"Particip\u00e1mos no Think Tank \u00abRetail Future\u00bb organizado pelo Roca Madrid Gallery"},"content":{"rendered":"<p>Particip\u00e1mos no Think Tank \u00abRetail Future\u00bb organizado pelo Roca Madrid Gallery no \u00e2mbito do ciclo Cidades Verdes.<\/p>\n<p>Luis L\u00e1zaro, Diretor Geral de Retalho e Log\u00edstica da MERLIN Properties, comentou: \u00abQueremos levar todos os nossos centros para o pr\u00f3ximo n\u00edvel quando o nosso plano Flagship estiver conclu\u00eddo. J\u00e1 estamos a come\u00e7ar a pensar nas novas necessidades dos retalhistas, na introdu\u00e7\u00e3o de paisagismo em espa\u00e7os fechados, na melhoria das \u00e1reas comuns ou na cria\u00e7\u00e3o de espa\u00e7os de conv\u00edvio\u00bb.<\/p>\n<p>Participaram tamb\u00e9m no debate Marisa Santamar\u00eda, Fundadora da Global Design &amp; Innovations Trends Unit, Thibault Coatanea, Diretor-Geral da FREY Iberia, Carlos HOMET BELTR\u00c1N, Country Manager da Unibail-Rodamco-Westfield, Cristina Mateo Rebollo, Ph.D Goldsmiths College, Vice-Reitora da IE School of Architecture and Design e Moderadora, e Jorge Ponce Dawson, Administrador, Diretor de Retalho da Broadway Malyan e Moderador.<\/p>\n<p>Obrigado pelo convite!<\/p>\n<p>Imagens cortesia de Roca Madrid Gallery<\/p>\n","protected":false},"excerpt":{"rendered":"<p>Particip\u00e1mos no Think Tank \u00abRetail Future\u00bb organizado pelo Roca Madrid Gallery no \u00e2mbito do ciclo Cidades Verdes. Luis L\u00e1zaro, Diretor Geral de Retalho e Log\u00edstica da MERLIN Properties, comentou: \u00abQueremos levar todos os nossos centros para o pr\u00f3ximo n\u00edvel quando o nosso plano Flagship estiver conclu\u00eddo. J\u00e1 estamos a come\u00e7ar a pensar nas novas necessidades [&hellip;]<\/p>\n","protected":false},"author":12,"featured_media":7398,"comment_status":"closed","ping_status":"open","sticky":false,"template":"","format":"standard","meta":{"footnotes":""},"categories":[90,41],"class_list":["post-7397","post","type-post","status-publish","format-standard","has-post-thumbnail","hentry","category-corporativo","category-dia-a-dia"],"acf":[],"yoast_head":"<!-- This site is optimized with the Yoast SEO plugin v26.5 - https:\/\/yoast.com\/wordpress\/plugins\/seo\/ -->\n<title>Particip\u00e1mos no Think Tank &quot;Retail Future&quot; organizado pelo Roca Madrid Gallery - Merlin Properties Socimi, S.A. (PT)<\/title>\n<meta name=\"robots\" content=\"index, follow, max-snippet:-1, max-image-preview:large, max-video-preview:-1\" \/>\n<link rel=\"canonical\" href=\"https:\/\/www.merlinproperties.com\/pt\/dia-a-dia\/participamos-no-think-tank-retail-future-organizado-pelo-roca-madrid-gallery-no-ambito-do-ciclo-cidades-verdes\/\" \/>\n<meta property=\"og:locale\" content=\"es_ES\" \/>\n<meta property=\"og:type\" content=\"article\" \/>\n<meta property=\"og:title\" content=\"Particip\u00e1mos no Think Tank &quot;Retail Future&quot; organizado pelo Roca Madrid Gallery - Merlin Properties Socimi, S.A. (PT)\" \/>\n<meta property=\"og:description\" content=\"Particip\u00e1mos no Think Tank \u00abRetail Future\u00bb organizado pelo Roca Madrid Gallery no \u00e2mbito do ciclo Cidades Verdes. Luis L\u00e1zaro, Diretor Geral de Retalho e Log\u00edstica da MERLIN Properties, comentou: \u00abQueremos levar todos os nossos centros para o pr\u00f3ximo n\u00edvel quando o nosso plano Flagship estiver conclu\u00eddo. J\u00e1 estamos a come\u00e7ar a pensar nas novas necessidades [&hellip;]\" \/>\n<meta property=\"og:url\" content=\"https:\/\/www.merlinproperties.com\/pt\/dia-a-dia\/participamos-no-think-tank-retail-future-organizado-pelo-roca-madrid-gallery-no-ambito-do-ciclo-cidades-verdes\/\" \/>\n<meta property=\"og:site_name\" content=\"Merlin Properties Socimi, S.A. (PT)\" \/>\n<meta property=\"article:published_time\" content=\"2024-03-04T18:20:51+00:00\" \/>\n<meta property=\"article:modified_time\" content=\"2024-03-04T18:26:10+00:00\" \/>\n<meta property=\"og:image\" content=\"https:\/\/www.merlinproperties.com\/pt\/wp-content\/uploads\/sites\/3\/2024\/03\/rocamadrid-horizontal-cortada-2-1440x810.png\" \/>\n\t<meta property=\"og:image:width\" content=\"1440\" \/>\n\t<meta property=\"og:image:height\" content=\"810\" \/>\n\t<meta property=\"og:image:type\" content=\"image\/png\" \/>\n<meta name=\"twitter:card\" content=\"summary_large_image\" \/>\n<meta name=\"twitter:label1\" content=\"Escrito por\" \/>\n\t<meta name=\"twitter:data1\" content=\"\" \/>\n\t<meta name=\"twitter:label2\" content=\"Tiempo de lectura\" \/>\n\t<meta name=\"twitter:data2\" content=\"1 minuto\" \/>\n<script type=\"application\/ld+json\" class=\"yoast-schema-graph\">{\"@context\":\"https:\/\/schema.org\",\"@graph\":[{\"@type\":\"Article\",\"@id\":\"https:\/\/www.merlinproperties.com\/pt\/dia-a-dia\/participamos-no-think-tank-retail-future-organizado-pelo-roca-madrid-gallery-no-ambito-do-ciclo-cidades-verdes\/#article\",\"isPartOf\":{\"@id\":\"https:\/\/www.merlinproperties.com\/pt\/dia-a-dia\/participamos-no-think-tank-retail-future-organizado-pelo-roca-madrid-gallery-no-ambito-do-ciclo-cidades-verdes\/\"},\"author\":{\"name\":\"\",\"@id\":\"\"},\"headline\":\"Particip\u00e1mos no Think Tank \u00abRetail Future\u00bb organizado pelo Roca Madrid Gallery\",\"datePublished\":\"2024-03-04T18:20:51+00:00\",\"dateModified\":\"2024-03-04T18:26:10+00:00\",\"mainEntityOfPage\":{\"@id\":\"https:\/\/www.merlinproperties.com\/pt\/dia-a-dia\/participamos-no-think-tank-retail-future-organizado-pelo-roca-madrid-gallery-no-ambito-do-ciclo-cidades-verdes\/\"},\"wordCount\":169,\"publisher\":{\"@id\":\"https:\/\/www.merlinproperties.com\/pt\/#organization\"},\"image\":{\"@id\":\"https:\/\/www.merlinproperties.com\/pt\/dia-a-dia\/participamos-no-think-tank-retail-future-organizado-pelo-roca-madrid-gallery-no-ambito-do-ciclo-cidades-verdes\/#primaryimage\"},\"thumbnailUrl\":\"https:\/\/www.merlinproperties.com\/pt\/wp-content\/uploads\/sites\/3\/2024\/03\/rocamadrid-horizontal-cortada-2.png\",\"articleSection\":[\"Corporativo\",\"D\u00eda a d\u00eda\"],\"inLanguage\":\"es\"},{\"@type\":\"WebPage\",\"@id\":\"https:\/\/www.merlinproperties.com\/pt\/dia-a-dia\/participamos-no-think-tank-retail-future-organizado-pelo-roca-madrid-gallery-no-ambito-do-ciclo-cidades-verdes\/\",\"url\":\"https:\/\/www.merlinproperties.com\/pt\/dia-a-dia\/participamos-no-think-tank-retail-future-organizado-pelo-roca-madrid-gallery-no-ambito-do-ciclo-cidades-verdes\/\",\"name\":\"Particip\u00e1mos no Think Tank \\\"Retail Future\\\" organizado pelo Roca Madrid Gallery - Merlin Properties Socimi, S.A. (PT)\",\"isPartOf\":{\"@id\":\"https:\/\/www.merlinproperties.com\/pt\/#website\"},\"primaryImageOfPage\":{\"@id\":\"https:\/\/www.merlinproperties.com\/pt\/dia-a-dia\/participamos-no-think-tank-retail-future-organizado-pelo-roca-madrid-gallery-no-ambito-do-ciclo-cidades-verdes\/#primaryimage\"},\"image\":{\"@id\":\"https:\/\/www.merlinproperties.com\/pt\/dia-a-dia\/participamos-no-think-tank-retail-future-organizado-pelo-roca-madrid-gallery-no-ambito-do-ciclo-cidades-verdes\/#primaryimage\"},\"thumbnailUrl\":\"https:\/\/www.merlinproperties.com\/pt\/wp-content\/uploads\/sites\/3\/2024\/03\/rocamadrid-horizontal-cortada-2.png\",\"datePublished\":\"2024-03-04T18:20:51+00:00\",\"dateModified\":\"2024-03-04T18:26:10+00:00\",\"inLanguage\":\"es\",\"potentialAction\":[{\"@type\":\"ReadAction\",\"target\":[\"https:\/\/www.merlinproperties.com\/pt\/dia-a-dia\/participamos-no-think-tank-retail-future-organizado-pelo-roca-madrid-gallery-no-ambito-do-ciclo-cidades-verdes\/\"]}]},{\"@type\":\"ImageObject\",\"inLanguage\":\"es\",\"@id\":\"https:\/\/www.merlinproperties.com\/pt\/dia-a-dia\/participamos-no-think-tank-retail-future-organizado-pelo-roca-madrid-gallery-no-ambito-do-ciclo-cidades-verdes\/#primaryimage\",\"url\":\"https:\/\/www.merlinproperties.com\/pt\/wp-content\/uploads\/sites\/3\/2024\/03\/rocamadrid-horizontal-cortada-2.png\",\"contentUrl\":\"https:\/\/www.merlinproperties.com\/pt\/wp-content\/uploads\/sites\/3\/2024\/03\/rocamadrid-horizontal-cortada-2.png\",\"width\":1920,\"height\":1080},{\"@type\":\"WebSite\",\"@id\":\"https:\/\/www.merlinproperties.com\/pt\/#website\",\"url\":\"https:\/\/www.merlinproperties.com\/pt\/\",\"name\":\"Merlin Properties Socimi, S.A. (PT)\",\"description\":\"Compa\u00f1\u00eda Inmobiliaria, cotizada, l\u00edder en el sector de activos terciarios en la Pen\u00ednsula Ib\u00e9rica.\",\"publisher\":{\"@id\":\"https:\/\/www.merlinproperties.com\/pt\/#organization\"},\"potentialAction\":[{\"@type\":\"SearchAction\",\"target\":{\"@type\":\"EntryPoint\",\"urlTemplate\":\"https:\/\/www.merlinproperties.com\/pt\/?s={search_term_string}\"},\"query-input\":{\"@type\":\"PropertyValueSpecification\",\"valueRequired\":true,\"valueName\":\"search_term_string\"}}],\"inLanguage\":\"es\"},{\"@type\":\"Organization\",\"@id\":\"https:\/\/www.merlinproperties.com\/pt\/#organization\",\"name\":\"Merlin Properties Socimi, S.A. (PT)\",\"url\":\"https:\/\/www.merlinproperties.com\/pt\/\",\"logo\":{\"@type\":\"ImageObject\",\"inLanguage\":\"es\",\"@id\":\"https:\/\/www.merlinproperties.com\/pt\/#\/schema\/logo\/image\/\",\"url\":\"https:\/\/www.merlinproperties.com\/pt\/wp-content\/uploads\/sites\/3\/2023\/03\/Merlin-Logo-Horizontal-Negativo-scaled-3.png\",\"contentUrl\":\"https:\/\/www.merlinproperties.com\/pt\/wp-content\/uploads\/sites\/3\/2023\/03\/Merlin-Logo-Horizontal-Negativo-scaled-3.png\",\"width\":600,\"height\":204,\"caption\":\"Merlin Properties Socimi, S.A. (PT)\"},\"image\":{\"@id\":\"https:\/\/www.merlinproperties.com\/pt\/#\/schema\/logo\/image\/\"}},{\"@type\":\"Person\",\"@id\":\"\",\"url\":\"https:\/\/www.merlinproperties.com\/pt\/author\/\"}]}<\/script>\n<!-- \/ Yoast SEO plugin. -->","yoast_head_json":{"title":"Particip\u00e1mos no Think Tank \"Retail Future\" organizado pelo Roca Madrid Gallery - Merlin Properties Socimi, S.A. (PT)","robots":{"index":"index","follow":"follow","max-snippet":"max-snippet:-1","max-image-preview":"max-image-preview:large","max-video-preview":"max-video-preview:-1"},"canonical":"https:\/\/www.merlinproperties.com\/pt\/dia-a-dia\/participamos-no-think-tank-retail-future-organizado-pelo-roca-madrid-gallery-no-ambito-do-ciclo-cidades-verdes\/","og_locale":"es_ES","og_type":"article","og_title":"Particip\u00e1mos no Think Tank \"Retail Future\" organizado pelo Roca Madrid Gallery - Merlin Properties Socimi, S.A. (PT)","og_description":"Particip\u00e1mos no Think Tank \u00abRetail Future\u00bb organizado pelo Roca Madrid Gallery no \u00e2mbito do ciclo Cidades Verdes. Luis L\u00e1zaro, Diretor Geral de Retalho e Log\u00edstica da MERLIN Properties, comentou: \u00abQueremos levar todos os nossos centros para o pr\u00f3ximo n\u00edvel quando o nosso plano Flagship estiver conclu\u00eddo. J\u00e1 estamos a come\u00e7ar a pensar nas novas necessidades [&hellip;]","og_url":"https:\/\/www.merlinproperties.com\/pt\/dia-a-dia\/participamos-no-think-tank-retail-future-organizado-pelo-roca-madrid-gallery-no-ambito-do-ciclo-cidades-verdes\/","og_site_name":"Merlin Properties Socimi, S.A. (PT)","article_published_time":"2024-03-04T18:20:51+00:00","article_modified_time":"2024-03-04T18:26:10+00:00","og_image":[{"width":1440,"height":810,"url":"https:\/\/www.merlinproperties.com\/pt\/wp-content\/uploads\/sites\/3\/2024\/03\/rocamadrid-horizontal-cortada-2-1440x810.png","type":"image\/png"}],"twitter_card":"summary_large_image","twitter_misc":{"Escrito por":"","Tiempo de lectura":"1 minuto"},"schema":{"@context":"https:\/\/schema.org","@graph":[{"@type":"Article","@id":"https:\/\/www.merlinproperties.com\/pt\/dia-a-dia\/participamos-no-think-tank-retail-future-organizado-pelo-roca-madrid-gallery-no-ambito-do-ciclo-cidades-verdes\/#article","isPartOf":{"@id":"https:\/\/www.merlinproperties.com\/pt\/dia-a-dia\/participamos-no-think-tank-retail-future-organizado-pelo-roca-madrid-gallery-no-ambito-do-ciclo-cidades-verdes\/"},"author":{"name":"","@id":""},"headline":"Particip\u00e1mos no Think Tank \u00abRetail Future\u00bb organizado pelo Roca Madrid Gallery","datePublished":"2024-03-04T18:20:51+00:00","dateModified":"2024-03-04T18:26:10+00:00","mainEntityOfPage":{"@id":"https:\/\/www.merlinproperties.com\/pt\/dia-a-dia\/participamos-no-think-tank-retail-future-organizado-pelo-roca-madrid-gallery-no-ambito-do-ciclo-cidades-verdes\/"},"wordCount":169,"publisher":{"@id":"https:\/\/www.merlinproperties.com\/pt\/#organization"},"image":{"@id":"https:\/\/www.merlinproperties.com\/pt\/dia-a-dia\/participamos-no-think-tank-retail-future-organizado-pelo-roca-madrid-gallery-no-ambito-do-ciclo-cidades-verdes\/#primaryimage"},"thumbnailUrl":"https:\/\/www.merlinproperties.com\/pt\/wp-content\/uploads\/sites\/3\/2024\/03\/rocamadrid-horizontal-cortada-2.png","articleSection":["Corporativo","D\u00eda a d\u00eda"],"inLanguage":"es"},{"@type":"WebPage","@id":"https:\/\/www.merlinproperties.com\/pt\/dia-a-dia\/participamos-no-think-tank-retail-future-organizado-pelo-roca-madrid-gallery-no-ambito-do-ciclo-cidades-verdes\/","url":"https:\/\/www.merlinproperties.com\/pt\/dia-a-dia\/participamos-no-think-tank-retail-future-organizado-pelo-roca-madrid-gallery-no-ambito-do-ciclo-cidades-verdes\/","name":"Particip\u00e1mos no Think Tank \"Retail Future\" organizado pelo Roca Madrid Gallery - Merlin Properties Socimi, S.A. (PT)","isPartOf":{"@id":"https:\/\/www.merlinproperties.com\/pt\/#website"},"primaryImageOfPage":{"@id":"https:\/\/www.merlinproperties.com\/pt\/dia-a-dia\/participamos-no-think-tank-retail-future-organizado-pelo-roca-madrid-gallery-no-ambito-do-ciclo-cidades-verdes\/#primaryimage"},"image":{"@id":"https:\/\/www.merlinproperties.com\/pt\/dia-a-dia\/participamos-no-think-tank-retail-future-organizado-pelo-roca-madrid-gallery-no-ambito-do-ciclo-cidades-verdes\/#primaryimage"},"thumbnailUrl":"https:\/\/www.merlinproperties.com\/pt\/wp-content\/uploads\/sites\/3\/2024\/03\/rocamadrid-horizontal-cortada-2.png","datePublished":"2024-03-04T18:20:51+00:00","dateModified":"2024-03-04T18:26:10+00:00","inLanguage":"es","potentialAction":[{"@type":"ReadAction","target":["https:\/\/www.merlinproperties.com\/pt\/dia-a-dia\/participamos-no-think-tank-retail-future-organizado-pelo-roca-madrid-gallery-no-ambito-do-ciclo-cidades-verdes\/"]}]},{"@type":"ImageObject","inLanguage":"es","@id":"https:\/\/www.merlinproperties.com\/pt\/dia-a-dia\/participamos-no-think-tank-retail-future-organizado-pelo-roca-madrid-gallery-no-ambito-do-ciclo-cidades-verdes\/#primaryimage","url":"https:\/\/www.merlinproperties.com\/pt\/wp-content\/uploads\/sites\/3\/2024\/03\/rocamadrid-horizontal-cortada-2.png","contentUrl":"https:\/\/www.merlinproperties.com\/pt\/wp-content\/uploads\/sites\/3\/2024\/03\/rocamadrid-horizontal-cortada-2.png","width":1920,"height":1080},{"@type":"WebSite","@id":"https:\/\/www.merlinproperties.com\/pt\/#website","url":"https:\/\/www.merlinproperties.com\/pt\/","name":"Merlin Properties Socimi, S.A. (PT)","description":"Compa\u00f1\u00eda Inmobiliaria, cotizada, l\u00edder en el sector de activos terciarios en la Pen\u00ednsula Ib\u00e9rica.","publisher":{"@id":"https:\/\/www.merlinproperties.com\/pt\/#organization"},"potentialAction":[{"@type":"SearchAction","target":{"@type":"EntryPoint","urlTemplate":"https:\/\/www.merlinproperties.com\/pt\/?s={search_term_string}"},"query-input":{"@type":"PropertyValueSpecification","valueRequired":true,"valueName":"search_term_string"}}],"inLanguage":"es"},{"@type":"Organization","@id":"https:\/\/www.merlinproperties.com\/pt\/#organization","name":"Merlin Properties Socimi, S.A. (PT)","url":"https:\/\/www.merlinproperties.com\/pt\/","logo":{"@type":"ImageObject","inLanguage":"es","@id":"https:\/\/www.merlinproperties.com\/pt\/#\/schema\/logo\/image\/","url":"https:\/\/www.merlinproperties.com\/pt\/wp-content\/uploads\/sites\/3\/2023\/03\/Merlin-Logo-Horizontal-Negativo-scaled-3.png","contentUrl":"https:\/\/www.merlinproperties.com\/pt\/wp-content\/uploads\/sites\/3\/2023\/03\/Merlin-Logo-Horizontal-Negativo-scaled-3.png","width":600,"height":204,"caption":"Merlin Properties Socimi, S.A. (PT)"},"image":{"@id":"https:\/\/www.merlinproperties.com\/pt\/#\/schema\/logo\/image\/"}},{"@type":"Person","@id":"","url":"https:\/\/www.merlinproperties.com\/pt\/author\/"}]}},"_links":{"self":[{"href":"https:\/\/www.merlinproperties.com\/pt\/wp-json\/wp\/v2\/posts\/7397","targetHints":{"allow":["GET"]}}],"collection":[{"href":"https:\/\/www.merlinproperties.com\/pt\/wp-json\/wp\/v2\/posts"}],"about":[{"href":"https:\/\/www.merlinproperties.com\/pt\/wp-json\/wp\/v2\/types\/post"}],"author":[{"embeddable":true,"href":"https:\/\/www.merlinproperties.com\/pt\/wp-json\/wp\/v2\/users\/12"}],"replies":[{"embeddable":true,"href":"https:\/\/www.merlinproperties.com\/pt\/wp-json\/wp\/v2\/comments?post=7397"}],"version-history":[{"count":0,"href":"https:\/\/www.merlinproperties.com\/pt\/wp-json\/wp\/v2\/posts\/7397\/revisions"}],"wp:featuredmedia":[{"embeddable":true,"href":"https:\/\/www.merlinproperties.com\/pt\/wp-json\/wp\/v2\/media\/7398"}],"wp:attachment":[{"href":"https:\/\/www.merlinproperties.com\/pt\/wp-json\/wp\/v2\/media?parent=7397"}],"wp:term":[{"taxonomy":"category","embeddable":true,"href":"https:\/\/www.merlinproperties.com\/pt\/wp-json\/wp\/v2\/categories?post=7397"}],"curies":[{"name":"wp","href":"https:\/\/api.w.org\/{rel}","templated":true}]}}