{"id":7361,"date":"2024-02-20T15:54:40","date_gmt":"2024-02-20T15:54:40","guid":{"rendered":"https:\/\/www.merlinproperties.com\/pt\/?p=7361"},"modified":"2024-02-20T15:54:40","modified_gmt":"2024-02-20T15:54:40","slug":"participamos-na-mesa-redonda-design-e-mobilidade-sustentavel","status":"publish","type":"post","link":"https:\/\/www.merlinproperties.com\/pt\/dia-a-dia\/participamos-na-mesa-redonda-design-e-mobilidade-sustentavel\/","title":{"rendered":"Particip\u00e1mos na mesa redonda \u00abDesign e Mobilidade Sustent\u00e1vel\u00bb"},"content":{"rendered":"<p>Particip\u00e1mos na mesa redonda \u00abDesign e Mobilidade Sustent\u00e1vel, o seu impacto na transforma\u00e7\u00e3o das cidades\u00bb, organizada pelas EMPRESAS POR LA MOBILIDAD SOSTENIBLE em colabora\u00e7\u00e3o com o Instituto de Design de Espanha (D!OS).<\/p>\n<p>David Moreno Montejo, Senior Asset Manager da MERLIN Properties, comentou: \u00abA colabora\u00e7\u00e3o p\u00fablico-privada \u00e9 fundamental para o desenvolvimento da cidade. Um exemplo disso \u00e9 o acordo de colabora\u00e7\u00e3o entre a MERLIN, a C\u00e2mara Municipal de Madrid e o Cons\u00f3rcio Regional de Transportes de Madrid para a constru\u00e7\u00e3o da faixa de autocarros na Avenida de Burgos, que melhora o tempo de tr\u00e2nsito e torna o transporte p\u00fablico mais competitivo em rela\u00e7\u00e3o ao transporte privado\u00bb.<\/p>\n<p>O debate contou ainda com a presen\u00e7a de Lola Ortiz S\u00e1nchez, Directora Geral de Planeamento da Mobilidade e Infra-estruturas &#8211; C\u00e2mara Municipal de Madrid, Juan Mellen, Presidente do Instituto de Design de Espanha (D!OS), C\u00e9sar Fr\u00edas Enciso, S\u00f3cio-Gerente Morph Estudio, Borja Hormigos Nicol\u00e1s, P.R.&amp; Press Manager do BMW Group e May L\u00f3pez D\u00edaz, Directora de Desenvolvimento da Empresas por la Movilidad Sostenible, como moderadora.<img loading=\"lazy\" decoding=\"async\" class=\"alignnone size-medium wp-image-7362\" src=\"https:\/\/www.merlinproperties.com\/pt\/wp-content\/uploads\/sites\/3\/2024\/02\/mov-sost-horizontal-2-840x473.png\" alt=\"\" width=\"840\" height=\"473\" srcset=\"https:\/\/www.merlinproperties.com\/pt\/wp-content\/uploads\/sites\/3\/2024\/02\/mov-sost-horizontal-2-840x473.png 840w, https:\/\/www.merlinproperties.com\/pt\/wp-content\/uploads\/sites\/3\/2024\/02\/mov-sost-horizontal-2-1440x810.png 1440w, https:\/\/www.merlinproperties.com\/pt\/wp-content\/uploads\/sites\/3\/2024\/02\/mov-sost-horizontal-2-450x253.png 450w, https:\/\/www.merlinproperties.com\/pt\/wp-content\/uploads\/sites\/3\/2024\/02\/mov-sost-horizontal-2-768x432.png 768w, https:\/\/www.merlinproperties.com\/pt\/wp-content\/uploads\/sites\/3\/2024\/02\/mov-sost-horizontal-2-1536x864.png 1536w, https:\/\/www.merlinproperties.com\/pt\/wp-content\/uploads\/sites\/3\/2024\/02\/mov-sost-horizontal-2-1200x675.png 1200w, https:\/\/www.merlinproperties.com\/pt\/wp-content\/uploads\/sites\/3\/2024\/02\/mov-sost-horizontal-2.png 1920w\" sizes=\"auto, (max-width: 840px) 100vw, 840px\" \/><\/p>\n","protected":false},"excerpt":{"rendered":"<p>Particip\u00e1mos na mesa redonda \u00abDesign e Mobilidade Sustent\u00e1vel, o seu impacto na transforma\u00e7\u00e3o das cidades\u00bb, organizada pelas EMPRESAS POR LA MOBILIDAD SOSTENIBLE em colabora\u00e7\u00e3o com o Instituto de Design de Espanha (D!OS). David Moreno Montejo, Senior Asset Manager da MERLIN Properties, comentou: \u00abA colabora\u00e7\u00e3o p\u00fablico-privada \u00e9 fundamental para o desenvolvimento da cidade. Um exemplo disso [&hellip;]<\/p>\n","protected":false},"author":12,"featured_media":7362,"comment_status":"closed","ping_status":"open","sticky":false,"template":"","format":"standard","meta":{"footnotes":""},"categories":[90,41],"class_list":["post-7361","post","type-post","status-publish","format-standard","has-post-thumbnail","hentry","category-corporativo","category-dia-a-dia"],"acf":[],"yoast_head":"<!-- This site is optimized with the Yoast SEO plugin v26.5 - https:\/\/yoast.com\/wordpress\/plugins\/seo\/ -->\n<title>Particip\u00e1mos na mesa redonda &quot;Design e Mobilidade Sustent\u00e1vel&quot; - Merlin Properties Socimi, S.A. (PT)<\/title>\n<meta name=\"robots\" content=\"index, follow, max-snippet:-1, max-image-preview:large, max-video-preview:-1\" \/>\n<link rel=\"canonical\" href=\"https:\/\/www.merlinproperties.com\/pt\/dia-a-dia\/participamos-na-mesa-redonda-design-e-mobilidade-sustentavel\/\" \/>\n<meta property=\"og:locale\" content=\"es_ES\" \/>\n<meta property=\"og:type\" content=\"article\" \/>\n<meta property=\"og:title\" content=\"Particip\u00e1mos na mesa redonda &quot;Design e Mobilidade Sustent\u00e1vel&quot; - Merlin Properties Socimi, S.A. (PT)\" \/>\n<meta property=\"og:description\" content=\"Particip\u00e1mos na mesa redonda \u00abDesign e Mobilidade Sustent\u00e1vel, o seu impacto na transforma\u00e7\u00e3o das cidades\u00bb, organizada pelas EMPRESAS POR LA MOBILIDAD SOSTENIBLE em colabora\u00e7\u00e3o com o Instituto de Design de Espanha (D!OS). David Moreno Montejo, Senior Asset Manager da MERLIN Properties, comentou: \u00abA colabora\u00e7\u00e3o p\u00fablico-privada \u00e9 fundamental para o desenvolvimento da cidade. Um exemplo disso [&hellip;]\" \/>\n<meta property=\"og:url\" content=\"https:\/\/www.merlinproperties.com\/pt\/dia-a-dia\/participamos-na-mesa-redonda-design-e-mobilidade-sustentavel\/\" \/>\n<meta property=\"og:site_name\" content=\"Merlin Properties Socimi, S.A. (PT)\" \/>\n<meta property=\"article:published_time\" content=\"2024-02-20T15:54:40+00:00\" \/>\n<meta property=\"og:image\" content=\"https:\/\/www.merlinproperties.com\/pt\/wp-content\/uploads\/sites\/3\/2024\/02\/mov-sost-horizontal-2-1440x810.png\" \/>\n\t<meta property=\"og:image:width\" content=\"1440\" \/>\n\t<meta property=\"og:image:height\" content=\"810\" \/>\n\t<meta property=\"og:image:type\" content=\"image\/png\" \/>\n<meta name=\"twitter:card\" content=\"summary_large_image\" \/>\n<meta name=\"twitter:label1\" content=\"Escrito por\" \/>\n\t<meta name=\"twitter:data1\" content=\"\" \/>\n\t<meta name=\"twitter:label2\" content=\"Tiempo de lectura\" \/>\n\t<meta name=\"twitter:data2\" content=\"2 minutos\" \/>\n<script type=\"application\/ld+json\" class=\"yoast-schema-graph\">{\"@context\":\"https:\/\/schema.org\",\"@graph\":[{\"@type\":\"Article\",\"@id\":\"https:\/\/www.merlinproperties.com\/pt\/dia-a-dia\/participamos-na-mesa-redonda-design-e-mobilidade-sustentavel\/#article\",\"isPartOf\":{\"@id\":\"https:\/\/www.merlinproperties.com\/pt\/dia-a-dia\/participamos-na-mesa-redonda-design-e-mobilidade-sustentavel\/\"},\"author\":{\"name\":\"\",\"@id\":\"\"},\"headline\":\"Particip\u00e1mos na mesa redonda \u00abDesign e Mobilidade Sustent\u00e1vel\u00bb\",\"datePublished\":\"2024-02-20T15:54:40+00:00\",\"mainEntityOfPage\":{\"@id\":\"https:\/\/www.merlinproperties.com\/pt\/dia-a-dia\/participamos-na-mesa-redonda-design-e-mobilidade-sustentavel\/\"},\"wordCount\":203,\"publisher\":{\"@id\":\"https:\/\/www.merlinproperties.com\/pt\/#organization\"},\"image\":{\"@id\":\"https:\/\/www.merlinproperties.com\/pt\/dia-a-dia\/participamos-na-mesa-redonda-design-e-mobilidade-sustentavel\/#primaryimage\"},\"thumbnailUrl\":\"https:\/\/www.merlinproperties.com\/pt\/wp-content\/uploads\/sites\/3\/2024\/02\/mov-sost-horizontal-2.png\",\"articleSection\":[\"Corporativo\",\"D\u00eda a d\u00eda\"],\"inLanguage\":\"es\"},{\"@type\":\"WebPage\",\"@id\":\"https:\/\/www.merlinproperties.com\/pt\/dia-a-dia\/participamos-na-mesa-redonda-design-e-mobilidade-sustentavel\/\",\"url\":\"https:\/\/www.merlinproperties.com\/pt\/dia-a-dia\/participamos-na-mesa-redonda-design-e-mobilidade-sustentavel\/\",\"name\":\"Particip\u00e1mos na mesa redonda \\\"Design e Mobilidade Sustent\u00e1vel\\\" - Merlin Properties Socimi, S.A. (PT)\",\"isPartOf\":{\"@id\":\"https:\/\/www.merlinproperties.com\/pt\/#website\"},\"primaryImageOfPage\":{\"@id\":\"https:\/\/www.merlinproperties.com\/pt\/dia-a-dia\/participamos-na-mesa-redonda-design-e-mobilidade-sustentavel\/#primaryimage\"},\"image\":{\"@id\":\"https:\/\/www.merlinproperties.com\/pt\/dia-a-dia\/participamos-na-mesa-redonda-design-e-mobilidade-sustentavel\/#primaryimage\"},\"thumbnailUrl\":\"https:\/\/www.merlinproperties.com\/pt\/wp-content\/uploads\/sites\/3\/2024\/02\/mov-sost-horizontal-2.png\",\"datePublished\":\"2024-02-20T15:54:40+00:00\",\"inLanguage\":\"es\",\"potentialAction\":[{\"@type\":\"ReadAction\",\"target\":[\"https:\/\/www.merlinproperties.com\/pt\/dia-a-dia\/participamos-na-mesa-redonda-design-e-mobilidade-sustentavel\/\"]}]},{\"@type\":\"ImageObject\",\"inLanguage\":\"es\",\"@id\":\"https:\/\/www.merlinproperties.com\/pt\/dia-a-dia\/participamos-na-mesa-redonda-design-e-mobilidade-sustentavel\/#primaryimage\",\"url\":\"https:\/\/www.merlinproperties.com\/pt\/wp-content\/uploads\/sites\/3\/2024\/02\/mov-sost-horizontal-2.png\",\"contentUrl\":\"https:\/\/www.merlinproperties.com\/pt\/wp-content\/uploads\/sites\/3\/2024\/02\/mov-sost-horizontal-2.png\",\"width\":1920,\"height\":1080},{\"@type\":\"WebSite\",\"@id\":\"https:\/\/www.merlinproperties.com\/pt\/#website\",\"url\":\"https:\/\/www.merlinproperties.com\/pt\/\",\"name\":\"Merlin Properties Socimi, S.A. (PT)\",\"description\":\"Compa\u00f1\u00eda Inmobiliaria, cotizada, l\u00edder en el sector de activos terciarios en la Pen\u00ednsula Ib\u00e9rica.\",\"publisher\":{\"@id\":\"https:\/\/www.merlinproperties.com\/pt\/#organization\"},\"potentialAction\":[{\"@type\":\"SearchAction\",\"target\":{\"@type\":\"EntryPoint\",\"urlTemplate\":\"https:\/\/www.merlinproperties.com\/pt\/?s={search_term_string}\"},\"query-input\":{\"@type\":\"PropertyValueSpecification\",\"valueRequired\":true,\"valueName\":\"search_term_string\"}}],\"inLanguage\":\"es\"},{\"@type\":\"Organization\",\"@id\":\"https:\/\/www.merlinproperties.com\/pt\/#organization\",\"name\":\"Merlin Properties Socimi, S.A. (PT)\",\"url\":\"https:\/\/www.merlinproperties.com\/pt\/\",\"logo\":{\"@type\":\"ImageObject\",\"inLanguage\":\"es\",\"@id\":\"https:\/\/www.merlinproperties.com\/pt\/#\/schema\/logo\/image\/\",\"url\":\"https:\/\/www.merlinproperties.com\/pt\/wp-content\/uploads\/sites\/3\/2023\/03\/Merlin-Logo-Horizontal-Negativo-scaled-3.png\",\"contentUrl\":\"https:\/\/www.merlinproperties.com\/pt\/wp-content\/uploads\/sites\/3\/2023\/03\/Merlin-Logo-Horizontal-Negativo-scaled-3.png\",\"width\":600,\"height\":204,\"caption\":\"Merlin Properties Socimi, S.A. (PT)\"},\"image\":{\"@id\":\"https:\/\/www.merlinproperties.com\/pt\/#\/schema\/logo\/image\/\"}},{\"@type\":\"Person\",\"@id\":\"\",\"url\":\"https:\/\/www.merlinproperties.com\/pt\/author\/\"}]}<\/script>\n<!-- \/ Yoast SEO plugin. -->","yoast_head_json":{"title":"Particip\u00e1mos na mesa redonda \"Design e Mobilidade Sustent\u00e1vel\" - Merlin Properties Socimi, S.A. (PT)","robots":{"index":"index","follow":"follow","max-snippet":"max-snippet:-1","max-image-preview":"max-image-preview:large","max-video-preview":"max-video-preview:-1"},"canonical":"https:\/\/www.merlinproperties.com\/pt\/dia-a-dia\/participamos-na-mesa-redonda-design-e-mobilidade-sustentavel\/","og_locale":"es_ES","og_type":"article","og_title":"Particip\u00e1mos na mesa redonda \"Design e Mobilidade Sustent\u00e1vel\" - Merlin Properties Socimi, S.A. (PT)","og_description":"Particip\u00e1mos na mesa redonda \u00abDesign e Mobilidade Sustent\u00e1vel, o seu impacto na transforma\u00e7\u00e3o das cidades\u00bb, organizada pelas EMPRESAS POR LA MOBILIDAD SOSTENIBLE em colabora\u00e7\u00e3o com o Instituto de Design de Espanha (D!OS). David Moreno Montejo, Senior Asset Manager da MERLIN Properties, comentou: \u00abA colabora\u00e7\u00e3o p\u00fablico-privada \u00e9 fundamental para o desenvolvimento da cidade. Um exemplo disso [&hellip;]","og_url":"https:\/\/www.merlinproperties.com\/pt\/dia-a-dia\/participamos-na-mesa-redonda-design-e-mobilidade-sustentavel\/","og_site_name":"Merlin Properties Socimi, S.A. (PT)","article_published_time":"2024-02-20T15:54:40+00:00","og_image":[{"width":1440,"height":810,"url":"https:\/\/www.merlinproperties.com\/pt\/wp-content\/uploads\/sites\/3\/2024\/02\/mov-sost-horizontal-2-1440x810.png","type":"image\/png"}],"twitter_card":"summary_large_image","twitter_misc":{"Escrito por":"","Tiempo de lectura":"2 minutos"},"schema":{"@context":"https:\/\/schema.org","@graph":[{"@type":"Article","@id":"https:\/\/www.merlinproperties.com\/pt\/dia-a-dia\/participamos-na-mesa-redonda-design-e-mobilidade-sustentavel\/#article","isPartOf":{"@id":"https:\/\/www.merlinproperties.com\/pt\/dia-a-dia\/participamos-na-mesa-redonda-design-e-mobilidade-sustentavel\/"},"author":{"name":"","@id":""},"headline":"Particip\u00e1mos na mesa redonda \u00abDesign e Mobilidade Sustent\u00e1vel\u00bb","datePublished":"2024-02-20T15:54:40+00:00","mainEntityOfPage":{"@id":"https:\/\/www.merlinproperties.com\/pt\/dia-a-dia\/participamos-na-mesa-redonda-design-e-mobilidade-sustentavel\/"},"wordCount":203,"publisher":{"@id":"https:\/\/www.merlinproperties.com\/pt\/#organization"},"image":{"@id":"https:\/\/www.merlinproperties.com\/pt\/dia-a-dia\/participamos-na-mesa-redonda-design-e-mobilidade-sustentavel\/#primaryimage"},"thumbnailUrl":"https:\/\/www.merlinproperties.com\/pt\/wp-content\/uploads\/sites\/3\/2024\/02\/mov-sost-horizontal-2.png","articleSection":["Corporativo","D\u00eda a d\u00eda"],"inLanguage":"es"},{"@type":"WebPage","@id":"https:\/\/www.merlinproperties.com\/pt\/dia-a-dia\/participamos-na-mesa-redonda-design-e-mobilidade-sustentavel\/","url":"https:\/\/www.merlinproperties.com\/pt\/dia-a-dia\/participamos-na-mesa-redonda-design-e-mobilidade-sustentavel\/","name":"Particip\u00e1mos na mesa redonda \"Design e Mobilidade Sustent\u00e1vel\" - Merlin Properties Socimi, S.A. (PT)","isPartOf":{"@id":"https:\/\/www.merlinproperties.com\/pt\/#website"},"primaryImageOfPage":{"@id":"https:\/\/www.merlinproperties.com\/pt\/dia-a-dia\/participamos-na-mesa-redonda-design-e-mobilidade-sustentavel\/#primaryimage"},"image":{"@id":"https:\/\/www.merlinproperties.com\/pt\/dia-a-dia\/participamos-na-mesa-redonda-design-e-mobilidade-sustentavel\/#primaryimage"},"thumbnailUrl":"https:\/\/www.merlinproperties.com\/pt\/wp-content\/uploads\/sites\/3\/2024\/02\/mov-sost-horizontal-2.png","datePublished":"2024-02-20T15:54:40+00:00","inLanguage":"es","potentialAction":[{"@type":"ReadAction","target":["https:\/\/www.merlinproperties.com\/pt\/dia-a-dia\/participamos-na-mesa-redonda-design-e-mobilidade-sustentavel\/"]}]},{"@type":"ImageObject","inLanguage":"es","@id":"https:\/\/www.merlinproperties.com\/pt\/dia-a-dia\/participamos-na-mesa-redonda-design-e-mobilidade-sustentavel\/#primaryimage","url":"https:\/\/www.merlinproperties.com\/pt\/wp-content\/uploads\/sites\/3\/2024\/02\/mov-sost-horizontal-2.png","contentUrl":"https:\/\/www.merlinproperties.com\/pt\/wp-content\/uploads\/sites\/3\/2024\/02\/mov-sost-horizontal-2.png","width":1920,"height":1080},{"@type":"WebSite","@id":"https:\/\/www.merlinproperties.com\/pt\/#website","url":"https:\/\/www.merlinproperties.com\/pt\/","name":"Merlin Properties Socimi, S.A. (PT)","description":"Compa\u00f1\u00eda Inmobiliaria, cotizada, l\u00edder en el sector de activos terciarios en la Pen\u00ednsula Ib\u00e9rica.","publisher":{"@id":"https:\/\/www.merlinproperties.com\/pt\/#organization"},"potentialAction":[{"@type":"SearchAction","target":{"@type":"EntryPoint","urlTemplate":"https:\/\/www.merlinproperties.com\/pt\/?s={search_term_string}"},"query-input":{"@type":"PropertyValueSpecification","valueRequired":true,"valueName":"search_term_string"}}],"inLanguage":"es"},{"@type":"Organization","@id":"https:\/\/www.merlinproperties.com\/pt\/#organization","name":"Merlin Properties Socimi, S.A. (PT)","url":"https:\/\/www.merlinproperties.com\/pt\/","logo":{"@type":"ImageObject","inLanguage":"es","@id":"https:\/\/www.merlinproperties.com\/pt\/#\/schema\/logo\/image\/","url":"https:\/\/www.merlinproperties.com\/pt\/wp-content\/uploads\/sites\/3\/2023\/03\/Merlin-Logo-Horizontal-Negativo-scaled-3.png","contentUrl":"https:\/\/www.merlinproperties.com\/pt\/wp-content\/uploads\/sites\/3\/2023\/03\/Merlin-Logo-Horizontal-Negativo-scaled-3.png","width":600,"height":204,"caption":"Merlin Properties Socimi, S.A. (PT)"},"image":{"@id":"https:\/\/www.merlinproperties.com\/pt\/#\/schema\/logo\/image\/"}},{"@type":"Person","@id":"","url":"https:\/\/www.merlinproperties.com\/pt\/author\/"}]}},"_links":{"self":[{"href":"https:\/\/www.merlinproperties.com\/pt\/wp-json\/wp\/v2\/posts\/7361","targetHints":{"allow":["GET"]}}],"collection":[{"href":"https:\/\/www.merlinproperties.com\/pt\/wp-json\/wp\/v2\/posts"}],"about":[{"href":"https:\/\/www.merlinproperties.com\/pt\/wp-json\/wp\/v2\/types\/post"}],"author":[{"embeddable":true,"href":"https:\/\/www.merlinproperties.com\/pt\/wp-json\/wp\/v2\/users\/12"}],"replies":[{"embeddable":true,"href":"https:\/\/www.merlinproperties.com\/pt\/wp-json\/wp\/v2\/comments?post=7361"}],"version-history":[{"count":0,"href":"https:\/\/www.merlinproperties.com\/pt\/wp-json\/wp\/v2\/posts\/7361\/revisions"}],"wp:featuredmedia":[{"embeddable":true,"href":"https:\/\/www.merlinproperties.com\/pt\/wp-json\/wp\/v2\/media\/7362"}],"wp:attachment":[{"href":"https:\/\/www.merlinproperties.com\/pt\/wp-json\/wp\/v2\/media?parent=7361"}],"wp:term":[{"taxonomy":"category","embeddable":true,"href":"https:\/\/www.merlinproperties.com\/pt\/wp-json\/wp\/v2\/categories?post=7361"}],"curies":[{"name":"wp","href":"https:\/\/api.w.org\/{rel}","templated":true}]}}