{"id":7350,"date":"2024-02-14T17:27:25","date_gmt":"2024-02-14T17:27:25","guid":{"rendered":"https:\/\/www.merlinproperties.com\/pt\/?p=7350"},"modified":"2024-02-14T17:27:25","modified_gmt":"2024-02-14T17:27:25","slug":"flecha-2024-na-praca-arturo-soria","status":"publish","type":"post","link":"https:\/\/www.merlinproperties.com\/pt\/dia-a-dia\/dia-centros-comerciales\/flecha-2024-na-praca-arturo-soria\/","title":{"rendered":"FLECHA 2024 na Pra\u00e7a Arturo Soria"},"content":{"rendered":"<p>Bem-vindo ao m\u00eas da arte! A feira de arte mais importante de Madrid depois da ARCO regressa ao nosso centro comercial Arturo Soria Plaza.<br \/>\nDe 15 de fevereiro a 17 de mar\u00e7o, transformar-nos-emos numa galeria de arte com mais de 500 obras de 57 artistas, entre os quais Antonio L\u00f3pez, Isabel Mu\u00f1oz, Eduardo Vega de Seoane e Pablo Ochoa, entre outros.<\/p>\n<p>Poder\u00e1 desfrutar de uma agenda de actividades gratuitas que oferecem um conte\u00fado muito interessante para todos os f\u00e3s do mundo da arte.<\/p>\n<p>ESPECT\u00c1CULO DE PINTURA AO VIVO<br \/>\nO artista Pablo Ochoa explicar\u00e1 a sua t\u00e9cnica de graffiti criando ao vivo o plano da exposi\u00e7\u00e3o na manh\u00e3 de quinta-feira, 15 de fevereiro.<\/p>\n<p>ACTIVIDADES CONDUZIDAS POR ARTISTAS<br \/>\nOs pr\u00f3prios artistas da exposi\u00e7\u00e3o aproximar\u00e3o a arte dos visitantes atrav\u00e9s de workshops gratuitos nos quais se pode inscrever no s\u00edtio Web do centro.<\/p>\n<p>Descubra todos os pormenores deste evento <a href=\"https:\/\/www.arturosoriaplaza.es\/ES\/evento\/c68874ee-ade6-4d0d-b338-082387681ee4\">aqui<\/a>.<\/p>\n<p>Esperamos por si no Arturo Soria Plaza!<\/p>\n<p><img loading=\"lazy\" decoding=\"async\" class=\"alignnone size-medium wp-image-7352\" src=\"https:\/\/www.merlinproperties.com\/pt\/wp-content\/uploads\/sites\/3\/2024\/02\/FLECHA-2024-2-840x473.jpg\" alt=\"\" width=\"840\" height=\"473\" srcset=\"https:\/\/www.merlinproperties.com\/pt\/wp-content\/uploads\/sites\/3\/2024\/02\/FLECHA-2024-2-840x473.jpg 840w, https:\/\/www.merlinproperties.com\/pt\/wp-content\/uploads\/sites\/3\/2024\/02\/FLECHA-2024-2-1440x810.jpg 1440w, https:\/\/www.merlinproperties.com\/pt\/wp-content\/uploads\/sites\/3\/2024\/02\/FLECHA-2024-2-450x253.jpg 450w, https:\/\/www.merlinproperties.com\/pt\/wp-content\/uploads\/sites\/3\/2024\/02\/FLECHA-2024-2-768x432.jpg 768w, https:\/\/www.merlinproperties.com\/pt\/wp-content\/uploads\/sites\/3\/2024\/02\/FLECHA-2024-2-1536x864.jpg 1536w, https:\/\/www.merlinproperties.com\/pt\/wp-content\/uploads\/sites\/3\/2024\/02\/FLECHA-2024-2-1200x675.jpg 1200w, https:\/\/www.merlinproperties.com\/pt\/wp-content\/uploads\/sites\/3\/2024\/02\/FLECHA-2024-2.jpg 1920w\" sizes=\"auto, (max-width: 840px) 100vw, 840px\" \/><\/p>\n<p>&nbsp;<\/p>\n","protected":false},"excerpt":{"rendered":"<p>Bem-vindo ao m\u00eas da arte! A feira de arte mais importante de Madrid depois da ARCO regressa ao nosso centro comercial Arturo Soria Plaza. De 15 de fevereiro a 17 de mar\u00e7o, transformar-nos-emos numa galeria de arte com mais de 500 obras de 57 artistas, entre os quais Antonio L\u00f3pez, Isabel Mu\u00f1oz, Eduardo Vega de [&hellip;]<\/p>\n","protected":false},"author":12,"featured_media":7352,"comment_status":"closed","ping_status":"open","sticky":false,"template":"","format":"standard","meta":{"footnotes":""},"categories":[45],"class_list":["post-7350","post","type-post","status-publish","format-standard","has-post-thumbnail","hentry","category-dia-centros-comerciales"],"acf":[],"yoast_head":"<!-- This site is optimized with the Yoast SEO plugin v26.5 - https:\/\/yoast.com\/wordpress\/plugins\/seo\/ -->\n<title>FLECHA 2024 na Pra\u00e7a Arturo Soria - Merlin Properties Socimi, S.A. (PT)<\/title>\n<meta name=\"robots\" content=\"index, follow, max-snippet:-1, max-image-preview:large, max-video-preview:-1\" \/>\n<link rel=\"canonical\" href=\"https:\/\/www.merlinproperties.com\/pt\/dia-a-dia\/dia-centros-comerciales\/flecha-2024-na-praca-arturo-soria\/\" \/>\n<meta property=\"og:locale\" content=\"es_ES\" \/>\n<meta property=\"og:type\" content=\"article\" \/>\n<meta property=\"og:title\" content=\"FLECHA 2024 na Pra\u00e7a Arturo Soria - Merlin Properties Socimi, S.A. (PT)\" \/>\n<meta property=\"og:description\" content=\"Bem-vindo ao m\u00eas da arte! A feira de arte mais importante de Madrid depois da ARCO regressa ao nosso centro comercial Arturo Soria Plaza. De 15 de fevereiro a 17 de mar\u00e7o, transformar-nos-emos numa galeria de arte com mais de 500 obras de 57 artistas, entre os quais Antonio L\u00f3pez, Isabel Mu\u00f1oz, Eduardo Vega de [&hellip;]\" \/>\n<meta property=\"og:url\" content=\"https:\/\/www.merlinproperties.com\/pt\/dia-a-dia\/dia-centros-comerciales\/flecha-2024-na-praca-arturo-soria\/\" \/>\n<meta property=\"og:site_name\" content=\"Merlin Properties Socimi, S.A. (PT)\" \/>\n<meta property=\"article:published_time\" content=\"2024-02-14T17:27:25+00:00\" \/>\n<meta property=\"og:image\" content=\"https:\/\/www.merlinproperties.com\/pt\/wp-content\/uploads\/sites\/3\/2024\/02\/FLECHA-2024-2.jpg\" \/>\n\t<meta property=\"og:image:width\" content=\"1920\" \/>\n\t<meta property=\"og:image:height\" content=\"1080\" \/>\n\t<meta property=\"og:image:type\" content=\"image\/jpeg\" \/>\n<meta name=\"twitter:card\" content=\"summary_large_image\" \/>\n<meta name=\"twitter:label1\" content=\"Escrito por\" \/>\n\t<meta name=\"twitter:data1\" content=\"\" \/>\n\t<meta name=\"twitter:label2\" content=\"Tiempo de lectura\" \/>\n\t<meta name=\"twitter:data2\" content=\"2 minutos\" \/>\n<script type=\"application\/ld+json\" class=\"yoast-schema-graph\">{\"@context\":\"https:\/\/schema.org\",\"@graph\":[{\"@type\":\"Article\",\"@id\":\"https:\/\/www.merlinproperties.com\/pt\/dia-a-dia\/dia-centros-comerciales\/flecha-2024-na-praca-arturo-soria\/#article\",\"isPartOf\":{\"@id\":\"https:\/\/www.merlinproperties.com\/pt\/dia-a-dia\/dia-centros-comerciales\/flecha-2024-na-praca-arturo-soria\/\"},\"author\":{\"name\":\"\",\"@id\":\"\"},\"headline\":\"FLECHA 2024 na Pra\u00e7a Arturo Soria\",\"datePublished\":\"2024-02-14T17:27:25+00:00\",\"mainEntityOfPage\":{\"@id\":\"https:\/\/www.merlinproperties.com\/pt\/dia-a-dia\/dia-centros-comerciales\/flecha-2024-na-praca-arturo-soria\/\"},\"wordCount\":170,\"publisher\":{\"@id\":\"https:\/\/www.merlinproperties.com\/pt\/#organization\"},\"image\":{\"@id\":\"https:\/\/www.merlinproperties.com\/pt\/dia-a-dia\/dia-centros-comerciales\/flecha-2024-na-praca-arturo-soria\/#primaryimage\"},\"thumbnailUrl\":\"https:\/\/www.merlinproperties.com\/pt\/wp-content\/uploads\/sites\/3\/2024\/02\/FLECHA-2024-2.jpg\",\"articleSection\":[\"Centros Comerciales\"],\"inLanguage\":\"es\"},{\"@type\":\"WebPage\",\"@id\":\"https:\/\/www.merlinproperties.com\/pt\/dia-a-dia\/dia-centros-comerciales\/flecha-2024-na-praca-arturo-soria\/\",\"url\":\"https:\/\/www.merlinproperties.com\/pt\/dia-a-dia\/dia-centros-comerciales\/flecha-2024-na-praca-arturo-soria\/\",\"name\":\"FLECHA 2024 na Pra\u00e7a Arturo Soria - Merlin Properties Socimi, S.A. (PT)\",\"isPartOf\":{\"@id\":\"https:\/\/www.merlinproperties.com\/pt\/#website\"},\"primaryImageOfPage\":{\"@id\":\"https:\/\/www.merlinproperties.com\/pt\/dia-a-dia\/dia-centros-comerciales\/flecha-2024-na-praca-arturo-soria\/#primaryimage\"},\"image\":{\"@id\":\"https:\/\/www.merlinproperties.com\/pt\/dia-a-dia\/dia-centros-comerciales\/flecha-2024-na-praca-arturo-soria\/#primaryimage\"},\"thumbnailUrl\":\"https:\/\/www.merlinproperties.com\/pt\/wp-content\/uploads\/sites\/3\/2024\/02\/FLECHA-2024-2.jpg\",\"datePublished\":\"2024-02-14T17:27:25+00:00\",\"inLanguage\":\"es\",\"potentialAction\":[{\"@type\":\"ReadAction\",\"target\":[\"https:\/\/www.merlinproperties.com\/pt\/dia-a-dia\/dia-centros-comerciales\/flecha-2024-na-praca-arturo-soria\/\"]}]},{\"@type\":\"ImageObject\",\"inLanguage\":\"es\",\"@id\":\"https:\/\/www.merlinproperties.com\/pt\/dia-a-dia\/dia-centros-comerciales\/flecha-2024-na-praca-arturo-soria\/#primaryimage\",\"url\":\"https:\/\/www.merlinproperties.com\/pt\/wp-content\/uploads\/sites\/3\/2024\/02\/FLECHA-2024-2.jpg\",\"contentUrl\":\"https:\/\/www.merlinproperties.com\/pt\/wp-content\/uploads\/sites\/3\/2024\/02\/FLECHA-2024-2.jpg\",\"width\":1920,\"height\":1080},{\"@type\":\"WebSite\",\"@id\":\"https:\/\/www.merlinproperties.com\/pt\/#website\",\"url\":\"https:\/\/www.merlinproperties.com\/pt\/\",\"name\":\"Merlin Properties Socimi, S.A. (PT)\",\"description\":\"Compa\u00f1\u00eda Inmobiliaria, cotizada, l\u00edder en el sector de activos terciarios en la Pen\u00ednsula Ib\u00e9rica.\",\"publisher\":{\"@id\":\"https:\/\/www.merlinproperties.com\/pt\/#organization\"},\"potentialAction\":[{\"@type\":\"SearchAction\",\"target\":{\"@type\":\"EntryPoint\",\"urlTemplate\":\"https:\/\/www.merlinproperties.com\/pt\/?s={search_term_string}\"},\"query-input\":{\"@type\":\"PropertyValueSpecification\",\"valueRequired\":true,\"valueName\":\"search_term_string\"}}],\"inLanguage\":\"es\"},{\"@type\":\"Organization\",\"@id\":\"https:\/\/www.merlinproperties.com\/pt\/#organization\",\"name\":\"Merlin Properties Socimi, S.A. (PT)\",\"url\":\"https:\/\/www.merlinproperties.com\/pt\/\",\"logo\":{\"@type\":\"ImageObject\",\"inLanguage\":\"es\",\"@id\":\"https:\/\/www.merlinproperties.com\/pt\/#\/schema\/logo\/image\/\",\"url\":\"https:\/\/www.merlinproperties.com\/pt\/wp-content\/uploads\/sites\/3\/2023\/03\/Merlin-Logo-Horizontal-Negativo-scaled-3.png\",\"contentUrl\":\"https:\/\/www.merlinproperties.com\/pt\/wp-content\/uploads\/sites\/3\/2023\/03\/Merlin-Logo-Horizontal-Negativo-scaled-3.png\",\"width\":600,\"height\":204,\"caption\":\"Merlin Properties Socimi, S.A. (PT)\"},\"image\":{\"@id\":\"https:\/\/www.merlinproperties.com\/pt\/#\/schema\/logo\/image\/\"}},{\"@type\":\"Person\",\"@id\":\"\",\"url\":\"https:\/\/www.merlinproperties.com\/pt\/author\/\"}]}<\/script>\n<!-- \/ Yoast SEO plugin. -->","yoast_head_json":{"title":"FLECHA 2024 na Pra\u00e7a Arturo Soria - Merlin Properties Socimi, S.A. (PT)","robots":{"index":"index","follow":"follow","max-snippet":"max-snippet:-1","max-image-preview":"max-image-preview:large","max-video-preview":"max-video-preview:-1"},"canonical":"https:\/\/www.merlinproperties.com\/pt\/dia-a-dia\/dia-centros-comerciales\/flecha-2024-na-praca-arturo-soria\/","og_locale":"es_ES","og_type":"article","og_title":"FLECHA 2024 na Pra\u00e7a Arturo Soria - Merlin Properties Socimi, S.A. (PT)","og_description":"Bem-vindo ao m\u00eas da arte! A feira de arte mais importante de Madrid depois da ARCO regressa ao nosso centro comercial Arturo Soria Plaza. De 15 de fevereiro a 17 de mar\u00e7o, transformar-nos-emos numa galeria de arte com mais de 500 obras de 57 artistas, entre os quais Antonio L\u00f3pez, Isabel Mu\u00f1oz, Eduardo Vega de [&hellip;]","og_url":"https:\/\/www.merlinproperties.com\/pt\/dia-a-dia\/dia-centros-comerciales\/flecha-2024-na-praca-arturo-soria\/","og_site_name":"Merlin Properties Socimi, S.A. (PT)","article_published_time":"2024-02-14T17:27:25+00:00","og_image":[{"width":1920,"height":1080,"url":"https:\/\/www.merlinproperties.com\/pt\/wp-content\/uploads\/sites\/3\/2024\/02\/FLECHA-2024-2.jpg","type":"image\/jpeg"}],"twitter_card":"summary_large_image","twitter_misc":{"Escrito por":"","Tiempo de lectura":"2 minutos"},"schema":{"@context":"https:\/\/schema.org","@graph":[{"@type":"Article","@id":"https:\/\/www.merlinproperties.com\/pt\/dia-a-dia\/dia-centros-comerciales\/flecha-2024-na-praca-arturo-soria\/#article","isPartOf":{"@id":"https:\/\/www.merlinproperties.com\/pt\/dia-a-dia\/dia-centros-comerciales\/flecha-2024-na-praca-arturo-soria\/"},"author":{"name":"","@id":""},"headline":"FLECHA 2024 na Pra\u00e7a Arturo Soria","datePublished":"2024-02-14T17:27:25+00:00","mainEntityOfPage":{"@id":"https:\/\/www.merlinproperties.com\/pt\/dia-a-dia\/dia-centros-comerciales\/flecha-2024-na-praca-arturo-soria\/"},"wordCount":170,"publisher":{"@id":"https:\/\/www.merlinproperties.com\/pt\/#organization"},"image":{"@id":"https:\/\/www.merlinproperties.com\/pt\/dia-a-dia\/dia-centros-comerciales\/flecha-2024-na-praca-arturo-soria\/#primaryimage"},"thumbnailUrl":"https:\/\/www.merlinproperties.com\/pt\/wp-content\/uploads\/sites\/3\/2024\/02\/FLECHA-2024-2.jpg","articleSection":["Centros Comerciales"],"inLanguage":"es"},{"@type":"WebPage","@id":"https:\/\/www.merlinproperties.com\/pt\/dia-a-dia\/dia-centros-comerciales\/flecha-2024-na-praca-arturo-soria\/","url":"https:\/\/www.merlinproperties.com\/pt\/dia-a-dia\/dia-centros-comerciales\/flecha-2024-na-praca-arturo-soria\/","name":"FLECHA 2024 na Pra\u00e7a Arturo Soria - Merlin Properties Socimi, S.A. (PT)","isPartOf":{"@id":"https:\/\/www.merlinproperties.com\/pt\/#website"},"primaryImageOfPage":{"@id":"https:\/\/www.merlinproperties.com\/pt\/dia-a-dia\/dia-centros-comerciales\/flecha-2024-na-praca-arturo-soria\/#primaryimage"},"image":{"@id":"https:\/\/www.merlinproperties.com\/pt\/dia-a-dia\/dia-centros-comerciales\/flecha-2024-na-praca-arturo-soria\/#primaryimage"},"thumbnailUrl":"https:\/\/www.merlinproperties.com\/pt\/wp-content\/uploads\/sites\/3\/2024\/02\/FLECHA-2024-2.jpg","datePublished":"2024-02-14T17:27:25+00:00","inLanguage":"es","potentialAction":[{"@type":"ReadAction","target":["https:\/\/www.merlinproperties.com\/pt\/dia-a-dia\/dia-centros-comerciales\/flecha-2024-na-praca-arturo-soria\/"]}]},{"@type":"ImageObject","inLanguage":"es","@id":"https:\/\/www.merlinproperties.com\/pt\/dia-a-dia\/dia-centros-comerciales\/flecha-2024-na-praca-arturo-soria\/#primaryimage","url":"https:\/\/www.merlinproperties.com\/pt\/wp-content\/uploads\/sites\/3\/2024\/02\/FLECHA-2024-2.jpg","contentUrl":"https:\/\/www.merlinproperties.com\/pt\/wp-content\/uploads\/sites\/3\/2024\/02\/FLECHA-2024-2.jpg","width":1920,"height":1080},{"@type":"WebSite","@id":"https:\/\/www.merlinproperties.com\/pt\/#website","url":"https:\/\/www.merlinproperties.com\/pt\/","name":"Merlin Properties Socimi, S.A. (PT)","description":"Compa\u00f1\u00eda Inmobiliaria, cotizada, l\u00edder en el sector de activos terciarios en la Pen\u00ednsula Ib\u00e9rica.","publisher":{"@id":"https:\/\/www.merlinproperties.com\/pt\/#organization"},"potentialAction":[{"@type":"SearchAction","target":{"@type":"EntryPoint","urlTemplate":"https:\/\/www.merlinproperties.com\/pt\/?s={search_term_string}"},"query-input":{"@type":"PropertyValueSpecification","valueRequired":true,"valueName":"search_term_string"}}],"inLanguage":"es"},{"@type":"Organization","@id":"https:\/\/www.merlinproperties.com\/pt\/#organization","name":"Merlin Properties Socimi, S.A. (PT)","url":"https:\/\/www.merlinproperties.com\/pt\/","logo":{"@type":"ImageObject","inLanguage":"es","@id":"https:\/\/www.merlinproperties.com\/pt\/#\/schema\/logo\/image\/","url":"https:\/\/www.merlinproperties.com\/pt\/wp-content\/uploads\/sites\/3\/2023\/03\/Merlin-Logo-Horizontal-Negativo-scaled-3.png","contentUrl":"https:\/\/www.merlinproperties.com\/pt\/wp-content\/uploads\/sites\/3\/2023\/03\/Merlin-Logo-Horizontal-Negativo-scaled-3.png","width":600,"height":204,"caption":"Merlin Properties Socimi, S.A. (PT)"},"image":{"@id":"https:\/\/www.merlinproperties.com\/pt\/#\/schema\/logo\/image\/"}},{"@type":"Person","@id":"","url":"https:\/\/www.merlinproperties.com\/pt\/author\/"}]}},"_links":{"self":[{"href":"https:\/\/www.merlinproperties.com\/pt\/wp-json\/wp\/v2\/posts\/7350","targetHints":{"allow":["GET"]}}],"collection":[{"href":"https:\/\/www.merlinproperties.com\/pt\/wp-json\/wp\/v2\/posts"}],"about":[{"href":"https:\/\/www.merlinproperties.com\/pt\/wp-json\/wp\/v2\/types\/post"}],"author":[{"embeddable":true,"href":"https:\/\/www.merlinproperties.com\/pt\/wp-json\/wp\/v2\/users\/12"}],"replies":[{"embeddable":true,"href":"https:\/\/www.merlinproperties.com\/pt\/wp-json\/wp\/v2\/comments?post=7350"}],"version-history":[{"count":0,"href":"https:\/\/www.merlinproperties.com\/pt\/wp-json\/wp\/v2\/posts\/7350\/revisions"}],"wp:featuredmedia":[{"embeddable":true,"href":"https:\/\/www.merlinproperties.com\/pt\/wp-json\/wp\/v2\/media\/7352"}],"wp:attachment":[{"href":"https:\/\/www.merlinproperties.com\/pt\/wp-json\/wp\/v2\/media?parent=7350"}],"wp:term":[{"taxonomy":"category","embeddable":true,"href":"https:\/\/www.merlinproperties.com\/pt\/wp-json\/wp\/v2\/categories?post=7350"}],"curies":[{"name":"wp","href":"https:\/\/api.w.org\/{rel}","templated":true}]}}