{"id":7340,"date":"2024-02-07T16:55:42","date_gmt":"2024-02-07T16:55:42","guid":{"rendered":"https:\/\/www.merlinproperties.com\/pt\/?p=7340"},"modified":"2024-02-07T16:55:42","modified_gmt":"2024-02-07T16:55:42","slug":"estivemos-presentes-na-vi-iberian-reit-listed-conference-organizada-pela-iberian-property-e-pela-epra","status":"publish","type":"post","link":"https:\/\/www.merlinproperties.com\/pt\/dia-a-dia\/estivemos-presentes-na-vi-iberian-reit-listed-conference-organizada-pela-iberian-property-e-pela-epra\/","title":{"rendered":"Estivemos presentes na VI Iberian REIT &amp; Listed Conference organizada pela Iberian Property e pela EPRA"},"content":{"rendered":"<p>&#8220;Estamos cautelosamente otimistas em rela\u00e7\u00e3o a 2024 e focados no desenvolvimento da nossa nova classe de ativos, #DataCenters&#8221;, disse Ismael Clemente, CEO da MERLIN Properties, na mesa redonda &#8220;Taxas de juros e o ciclo econ\u00f3mico&#8221; na VI Iberian REIT &amp; Listed Conference, organizada pela Iberian Property e pela EPRA (European Public Real Estate Association).<\/p>\n<p>Acompanhados por Miguel Pereda, Vice-Presidente do Lar Espa\u00f1a Real Estate SOCIMI, Pere Vi\u00f1olas Serra, CEO da Colonial, David Mart\u00ednez Montero, CEO da AEDAS Homes e Borja Ortega, CEO do BNP Paribas Real Estate como moderador, debateram a evolu\u00e7\u00e3o e a realidade econ\u00f3mica do sector.<\/p>\n<p>Al\u00e9m disso, Alvaro Ontanon, Head of IT da MERLIN Properties, participou no painel &#8220;Impacto da tecnologia no retorno imobili\u00e1rio&#8221;, no qual juntamente com Valentina Shegoyan, Managing Partner da REACH UK, Bill Kistler, Founder &amp; Managing Partner da urbanOvation e Ant\u00f3nio Gil Machado (FRICS), Partner do Grupo Iberinmo como moderador, falaram sobre o impacto da tecnologia, IA e IA generativa no sector imobili\u00e1rio.<\/p>\n<p>Obrigado aos organizadores pelo convite.<\/p>\n<p>#RealEstate #Sector imobili\u00e1rio<\/p>\n","protected":false},"excerpt":{"rendered":"<p>&#8220;Estamos cautelosamente otimistas em rela\u00e7\u00e3o a 2024 e focados no desenvolvimento da nossa nova classe de ativos, #DataCenters&#8221;, disse Ismael Clemente, CEO da MERLIN Properties, na mesa redonda &#8220;Taxas de juros e o ciclo econ\u00f3mico&#8221; na VI Iberian REIT &amp; Listed Conference, organizada pela Iberian Property e pela EPRA (European Public Real Estate Association). Acompanhados [&hellip;]<\/p>\n","protected":false},"author":12,"featured_media":7342,"comment_status":"closed","ping_status":"open","sticky":false,"template":"","format":"standard","meta":{"footnotes":""},"categories":[90,41],"class_list":["post-7340","post","type-post","status-publish","format-standard","has-post-thumbnail","hentry","category-corporativo","category-dia-a-dia"],"acf":[],"yoast_head":"<!-- This site is optimized with the Yoast SEO plugin v26.5 - https:\/\/yoast.com\/wordpress\/plugins\/seo\/ -->\n<title>Estivemos presentes na VI Iberian REIT &amp; Listed Conference organizada pela Iberian Property e pela EPRA - Merlin Properties Socimi, S.A. (PT)<\/title>\n<meta name=\"robots\" content=\"index, follow, max-snippet:-1, max-image-preview:large, max-video-preview:-1\" \/>\n<link rel=\"canonical\" href=\"https:\/\/www.merlinproperties.com\/pt\/dia-a-dia\/estivemos-presentes-na-vi-iberian-reit-listed-conference-organizada-pela-iberian-property-e-pela-epra\/\" \/>\n<meta property=\"og:locale\" content=\"pt_PT\" \/>\n<meta property=\"og:type\" content=\"article\" \/>\n<meta property=\"og:title\" content=\"Estivemos presentes na VI Iberian REIT &amp; Listed Conference organizada pela Iberian Property e pela EPRA - Merlin Properties Socimi, S.A. (PT)\" \/>\n<meta property=\"og:description\" content=\"&#8220;Estamos cautelosamente otimistas em rela\u00e7\u00e3o a 2024 e focados no desenvolvimento da nossa nova classe de ativos, #DataCenters&#8221;, disse Ismael Clemente, CEO da MERLIN Properties, na mesa redonda &#8220;Taxas de juros e o ciclo econ\u00f3mico&#8221; na VI Iberian REIT &amp; Listed Conference, organizada pela Iberian Property e pela EPRA (European Public Real Estate Association). Acompanhados [&hellip;]\" \/>\n<meta property=\"og:url\" content=\"https:\/\/www.merlinproperties.com\/pt\/dia-a-dia\/estivemos-presentes-na-vi-iberian-reit-listed-conference-organizada-pela-iberian-property-e-pela-epra\/\" \/>\n<meta property=\"og:site_name\" content=\"Merlin Properties Socimi, S.A. (PT)\" \/>\n<meta property=\"article:published_time\" content=\"2024-02-07T16:55:42+00:00\" \/>\n<meta property=\"og:image\" content=\"https:\/\/www.merlinproperties.com\/pt\/wp-content\/uploads\/sites\/3\/2024\/02\/mesa-horizontal-2.png\" \/>\n\t<meta property=\"og:image:width\" content=\"1920\" \/>\n\t<meta property=\"og:image:height\" content=\"1080\" \/>\n\t<meta property=\"og:image:type\" content=\"image\/png\" \/>\n<meta name=\"twitter:card\" content=\"summary_large_image\" \/>\n<meta name=\"twitter:label1\" content=\"Escrito por\" \/>\n\t<meta name=\"twitter:data1\" content=\"\" \/>\n\t<meta name=\"twitter:label2\" content=\"Tempo estimado de leitura\" \/>\n\t<meta name=\"twitter:data2\" content=\"1 minuto\" \/>\n<script type=\"application\/ld+json\" class=\"yoast-schema-graph\">{\"@context\":\"https:\/\/schema.org\",\"@graph\":[{\"@type\":[\"Article\",\"BlogPosting\"],\"@id\":\"https:\/\/www.merlinproperties.com\/pt\/dia-a-dia\/estivemos-presentes-na-vi-iberian-reit-listed-conference-organizada-pela-iberian-property-e-pela-epra\/#article\",\"isPartOf\":{\"@id\":\"https:\/\/www.merlinproperties.com\/pt\/dia-a-dia\/estivemos-presentes-na-vi-iberian-reit-listed-conference-organizada-pela-iberian-property-e-pela-epra\/\"},\"author\":{\"name\":\"\",\"@id\":\"\"},\"headline\":\"Estivemos presentes na VI Iberian REIT &amp; Listed Conference organizada pela Iberian Property e pela EPRA\",\"datePublished\":\"2024-02-07T16:55:42+00:00\",\"mainEntityOfPage\":{\"@id\":\"https:\/\/www.merlinproperties.com\/pt\/dia-a-dia\/estivemos-presentes-na-vi-iberian-reit-listed-conference-organizada-pela-iberian-property-e-pela-epra\/\"},\"wordCount\":195,\"publisher\":{\"@id\":\"https:\/\/www.merlinproperties.com\/pt\/#organization\"},\"image\":{\"@id\":\"https:\/\/www.merlinproperties.com\/pt\/dia-a-dia\/estivemos-presentes-na-vi-iberian-reit-listed-conference-organizada-pela-iberian-property-e-pela-epra\/#primaryimage\"},\"thumbnailUrl\":\"https:\/\/www.merlinproperties.com\/pt\/wp-content\/uploads\/sites\/3\/2024\/02\/mesa-horizontal-2.png\",\"articleSection\":[\"Corporativo\",\"D\u00eda a d\u00eda\"],\"inLanguage\":\"pt-PT\"},{\"@type\":\"WebPage\",\"@id\":\"https:\/\/www.merlinproperties.com\/pt\/dia-a-dia\/estivemos-presentes-na-vi-iberian-reit-listed-conference-organizada-pela-iberian-property-e-pela-epra\/\",\"url\":\"https:\/\/www.merlinproperties.com\/pt\/dia-a-dia\/estivemos-presentes-na-vi-iberian-reit-listed-conference-organizada-pela-iberian-property-e-pela-epra\/\",\"name\":\"Estivemos presentes na VI Iberian REIT &amp; Listed Conference organizada pela Iberian Property e pela EPRA - Merlin Properties Socimi, S.A. (PT)\",\"isPartOf\":{\"@id\":\"https:\/\/www.merlinproperties.com\/pt\/#website\"},\"primaryImageOfPage\":{\"@id\":\"https:\/\/www.merlinproperties.com\/pt\/dia-a-dia\/estivemos-presentes-na-vi-iberian-reit-listed-conference-organizada-pela-iberian-property-e-pela-epra\/#primaryimage\"},\"image\":{\"@id\":\"https:\/\/www.merlinproperties.com\/pt\/dia-a-dia\/estivemos-presentes-na-vi-iberian-reit-listed-conference-organizada-pela-iberian-property-e-pela-epra\/#primaryimage\"},\"thumbnailUrl\":\"https:\/\/www.merlinproperties.com\/pt\/wp-content\/uploads\/sites\/3\/2024\/02\/mesa-horizontal-2.png\",\"datePublished\":\"2024-02-07T16:55:42+00:00\",\"inLanguage\":\"pt-PT\",\"potentialAction\":[{\"@type\":\"ReadAction\",\"target\":[\"https:\/\/www.merlinproperties.com\/pt\/dia-a-dia\/estivemos-presentes-na-vi-iberian-reit-listed-conference-organizada-pela-iberian-property-e-pela-epra\/\"]}]},{\"@type\":\"ImageObject\",\"inLanguage\":\"pt-PT\",\"@id\":\"https:\/\/www.merlinproperties.com\/pt\/dia-a-dia\/estivemos-presentes-na-vi-iberian-reit-listed-conference-organizada-pela-iberian-property-e-pela-epra\/#primaryimage\",\"url\":\"https:\/\/www.merlinproperties.com\/pt\/wp-content\/uploads\/sites\/3\/2024\/02\/mesa-horizontal-2.png\",\"contentUrl\":\"https:\/\/www.merlinproperties.com\/pt\/wp-content\/uploads\/sites\/3\/2024\/02\/mesa-horizontal-2.png\",\"width\":1920,\"height\":1080},{\"@type\":\"WebSite\",\"@id\":\"https:\/\/www.merlinproperties.com\/pt\/#website\",\"url\":\"https:\/\/www.merlinproperties.com\/pt\/\",\"name\":\"Merlin Properties Socimi, S.A. (PT)\",\"description\":\"Compa\u00f1\u00eda Inmobiliaria, cotizada, l\u00edder en el sector de activos terciarios en la Pen\u00ednsula Ib\u00e9rica.\",\"publisher\":{\"@id\":\"https:\/\/www.merlinproperties.com\/pt\/#organization\"},\"potentialAction\":[{\"@type\":\"SearchAction\",\"target\":{\"@type\":\"EntryPoint\",\"urlTemplate\":\"https:\/\/www.merlinproperties.com\/pt\/?s={search_term_string}\"},\"query-input\":{\"@type\":\"PropertyValueSpecification\",\"valueRequired\":true,\"valueName\":\"search_term_string\"}}],\"inLanguage\":\"pt-PT\"},{\"@type\":\"Organization\",\"@id\":\"https:\/\/www.merlinproperties.com\/pt\/#organization\",\"name\":\"Merlin Properties Socimi, S.A. (PT)\",\"url\":\"https:\/\/www.merlinproperties.com\/pt\/\",\"logo\":{\"@type\":\"ImageObject\",\"inLanguage\":\"pt-PT\",\"@id\":\"https:\/\/www.merlinproperties.com\/pt\/#\/schema\/logo\/image\/\",\"url\":\"https:\/\/www.merlinproperties.com\/pt\/wp-content\/uploads\/sites\/3\/2023\/03\/Merlin-Logo-Horizontal-Negativo-scaled-3.png\",\"contentUrl\":\"https:\/\/www.merlinproperties.com\/pt\/wp-content\/uploads\/sites\/3\/2023\/03\/Merlin-Logo-Horizontal-Negativo-scaled-3.png\",\"width\":600,\"height\":204,\"caption\":\"Merlin Properties Socimi, S.A. (PT)\"},\"image\":{\"@id\":\"https:\/\/www.merlinproperties.com\/pt\/#\/schema\/logo\/image\/\"}},{\"@type\":\"Person\",\"@id\":\"\"}]}<\/script>\n<!-- \/ Yoast SEO plugin. -->","yoast_head_json":{"title":"Estivemos presentes na VI Iberian REIT &amp; Listed Conference organizada pela Iberian Property e pela EPRA - Merlin Properties Socimi, S.A. (PT)","robots":{"index":"index","follow":"follow","max-snippet":"max-snippet:-1","max-image-preview":"max-image-preview:large","max-video-preview":"max-video-preview:-1"},"canonical":"https:\/\/www.merlinproperties.com\/pt\/dia-a-dia\/estivemos-presentes-na-vi-iberian-reit-listed-conference-organizada-pela-iberian-property-e-pela-epra\/","og_locale":"pt_PT","og_type":"article","og_title":"Estivemos presentes na VI Iberian REIT &amp; Listed Conference organizada pela Iberian Property e pela EPRA - Merlin Properties Socimi, S.A. (PT)","og_description":"&#8220;Estamos cautelosamente otimistas em rela\u00e7\u00e3o a 2024 e focados no desenvolvimento da nossa nova classe de ativos, #DataCenters&#8221;, disse Ismael Clemente, CEO da MERLIN Properties, na mesa redonda &#8220;Taxas de juros e o ciclo econ\u00f3mico&#8221; na VI Iberian REIT &amp; Listed Conference, organizada pela Iberian Property e pela EPRA (European Public Real Estate Association). Acompanhados [&hellip;]","og_url":"https:\/\/www.merlinproperties.com\/pt\/dia-a-dia\/estivemos-presentes-na-vi-iberian-reit-listed-conference-organizada-pela-iberian-property-e-pela-epra\/","og_site_name":"Merlin Properties Socimi, S.A. (PT)","article_published_time":"2024-02-07T16:55:42+00:00","og_image":[{"width":1920,"height":1080,"url":"https:\/\/www.merlinproperties.com\/pt\/wp-content\/uploads\/sites\/3\/2024\/02\/mesa-horizontal-2.png","type":"image\/png"}],"twitter_card":"summary_large_image","twitter_misc":{"Escrito por":"","Tempo estimado de leitura":"1 minuto"},"schema":{"@context":"https:\/\/schema.org","@graph":[{"@type":["Article","BlogPosting"],"@id":"https:\/\/www.merlinproperties.com\/pt\/dia-a-dia\/estivemos-presentes-na-vi-iberian-reit-listed-conference-organizada-pela-iberian-property-e-pela-epra\/#article","isPartOf":{"@id":"https:\/\/www.merlinproperties.com\/pt\/dia-a-dia\/estivemos-presentes-na-vi-iberian-reit-listed-conference-organizada-pela-iberian-property-e-pela-epra\/"},"author":{"name":"","@id":""},"headline":"Estivemos presentes na VI Iberian REIT &amp; Listed Conference organizada pela Iberian Property e pela EPRA","datePublished":"2024-02-07T16:55:42+00:00","mainEntityOfPage":{"@id":"https:\/\/www.merlinproperties.com\/pt\/dia-a-dia\/estivemos-presentes-na-vi-iberian-reit-listed-conference-organizada-pela-iberian-property-e-pela-epra\/"},"wordCount":195,"publisher":{"@id":"https:\/\/www.merlinproperties.com\/pt\/#organization"},"image":{"@id":"https:\/\/www.merlinproperties.com\/pt\/dia-a-dia\/estivemos-presentes-na-vi-iberian-reit-listed-conference-organizada-pela-iberian-property-e-pela-epra\/#primaryimage"},"thumbnailUrl":"https:\/\/www.merlinproperties.com\/pt\/wp-content\/uploads\/sites\/3\/2024\/02\/mesa-horizontal-2.png","articleSection":["Corporativo","D\u00eda a d\u00eda"],"inLanguage":"pt-PT"},{"@type":"WebPage","@id":"https:\/\/www.merlinproperties.com\/pt\/dia-a-dia\/estivemos-presentes-na-vi-iberian-reit-listed-conference-organizada-pela-iberian-property-e-pela-epra\/","url":"https:\/\/www.merlinproperties.com\/pt\/dia-a-dia\/estivemos-presentes-na-vi-iberian-reit-listed-conference-organizada-pela-iberian-property-e-pela-epra\/","name":"Estivemos presentes na VI Iberian REIT &amp; Listed Conference organizada pela Iberian Property e pela EPRA - Merlin Properties Socimi, S.A. (PT)","isPartOf":{"@id":"https:\/\/www.merlinproperties.com\/pt\/#website"},"primaryImageOfPage":{"@id":"https:\/\/www.merlinproperties.com\/pt\/dia-a-dia\/estivemos-presentes-na-vi-iberian-reit-listed-conference-organizada-pela-iberian-property-e-pela-epra\/#primaryimage"},"image":{"@id":"https:\/\/www.merlinproperties.com\/pt\/dia-a-dia\/estivemos-presentes-na-vi-iberian-reit-listed-conference-organizada-pela-iberian-property-e-pela-epra\/#primaryimage"},"thumbnailUrl":"https:\/\/www.merlinproperties.com\/pt\/wp-content\/uploads\/sites\/3\/2024\/02\/mesa-horizontal-2.png","datePublished":"2024-02-07T16:55:42+00:00","inLanguage":"pt-PT","potentialAction":[{"@type":"ReadAction","target":["https:\/\/www.merlinproperties.com\/pt\/dia-a-dia\/estivemos-presentes-na-vi-iberian-reit-listed-conference-organizada-pela-iberian-property-e-pela-epra\/"]}]},{"@type":"ImageObject","inLanguage":"pt-PT","@id":"https:\/\/www.merlinproperties.com\/pt\/dia-a-dia\/estivemos-presentes-na-vi-iberian-reit-listed-conference-organizada-pela-iberian-property-e-pela-epra\/#primaryimage","url":"https:\/\/www.merlinproperties.com\/pt\/wp-content\/uploads\/sites\/3\/2024\/02\/mesa-horizontal-2.png","contentUrl":"https:\/\/www.merlinproperties.com\/pt\/wp-content\/uploads\/sites\/3\/2024\/02\/mesa-horizontal-2.png","width":1920,"height":1080},{"@type":"WebSite","@id":"https:\/\/www.merlinproperties.com\/pt\/#website","url":"https:\/\/www.merlinproperties.com\/pt\/","name":"Merlin Properties Socimi, S.A. (PT)","description":"Compa\u00f1\u00eda Inmobiliaria, cotizada, l\u00edder en el sector de activos terciarios en la Pen\u00ednsula Ib\u00e9rica.","publisher":{"@id":"https:\/\/www.merlinproperties.com\/pt\/#organization"},"potentialAction":[{"@type":"SearchAction","target":{"@type":"EntryPoint","urlTemplate":"https:\/\/www.merlinproperties.com\/pt\/?s={search_term_string}"},"query-input":{"@type":"PropertyValueSpecification","valueRequired":true,"valueName":"search_term_string"}}],"inLanguage":"pt-PT"},{"@type":"Organization","@id":"https:\/\/www.merlinproperties.com\/pt\/#organization","name":"Merlin Properties Socimi, S.A. (PT)","url":"https:\/\/www.merlinproperties.com\/pt\/","logo":{"@type":"ImageObject","inLanguage":"pt-PT","@id":"https:\/\/www.merlinproperties.com\/pt\/#\/schema\/logo\/image\/","url":"https:\/\/www.merlinproperties.com\/pt\/wp-content\/uploads\/sites\/3\/2023\/03\/Merlin-Logo-Horizontal-Negativo-scaled-3.png","contentUrl":"https:\/\/www.merlinproperties.com\/pt\/wp-content\/uploads\/sites\/3\/2023\/03\/Merlin-Logo-Horizontal-Negativo-scaled-3.png","width":600,"height":204,"caption":"Merlin Properties Socimi, S.A. (PT)"},"image":{"@id":"https:\/\/www.merlinproperties.com\/pt\/#\/schema\/logo\/image\/"}},{"@type":"Person","@id":""}]}},"_links":{"self":[{"href":"https:\/\/www.merlinproperties.com\/pt\/wp-json\/wp\/v2\/posts\/7340","targetHints":{"allow":["GET"]}}],"collection":[{"href":"https:\/\/www.merlinproperties.com\/pt\/wp-json\/wp\/v2\/posts"}],"about":[{"href":"https:\/\/www.merlinproperties.com\/pt\/wp-json\/wp\/v2\/types\/post"}],"author":[{"embeddable":true,"href":"https:\/\/www.merlinproperties.com\/pt\/wp-json\/wp\/v2\/users\/12"}],"replies":[{"embeddable":true,"href":"https:\/\/www.merlinproperties.com\/pt\/wp-json\/wp\/v2\/comments?post=7340"}],"version-history":[{"count":0,"href":"https:\/\/www.merlinproperties.com\/pt\/wp-json\/wp\/v2\/posts\/7340\/revisions"}],"wp:featuredmedia":[{"embeddable":true,"href":"https:\/\/www.merlinproperties.com\/pt\/wp-json\/wp\/v2\/media\/7342"}],"wp:attachment":[{"href":"https:\/\/www.merlinproperties.com\/pt\/wp-json\/wp\/v2\/media?parent=7340"}],"wp:term":[{"taxonomy":"category","embeddable":true,"href":"https:\/\/www.merlinproperties.com\/pt\/wp-json\/wp\/v2\/categories?post=7340"}],"curies":[{"name":"wp","href":"https:\/\/api.w.org\/{rel}","templated":true}]}}