{"id":7336,"date":"2024-02-06T18:11:55","date_gmt":"2024-02-06T18:11:55","guid":{"rendered":"https:\/\/www.merlinproperties.com\/pt\/?p=7336"},"modified":"2024-02-06T18:11:55","modified_gmt":"2024-02-06T18:11:55","slug":"torre-glories-ilumina-se-no-llumbcn-o-maior-festival-de-luz-de-barcelona","status":"publish","type":"post","link":"https:\/\/www.merlinproperties.com\/pt\/dia-a-dia\/torre-glories-ilumina-se-no-llumbcn-o-maior-festival-de-luz-de-barcelona\/","title":{"rendered":"Torre Gl\u00f2ries ilumina-se no #LlumBCN, o maior festival de luz de Barcelona"},"content":{"rendered":"<p>Por mais um ano, Torre Gl\u00f2ries participou no #LlumBCN, sendo um dos pontos de refer\u00eancia no festival de artes da luz em #Barcelona.<\/p>\n<p>A artista Elisa Storelli exp\u00f4s \u00abLook at the Sun\u00bb, uma proje\u00e7\u00e3o no exterior do edif\u00edcio onde mostra um reflexo do tempo em Marte com dados em tempo real, atrav\u00e9s da representa\u00e7\u00e3o da posi\u00e7\u00e3o do Sol em rela\u00e7\u00e3o ao planeta vermelho.<\/p>\n<p>#Escrit\u00f3rios #MiradortorreGl\u00f2ries<\/p>\n","protected":false},"excerpt":{"rendered":"<p>Por mais um ano, Torre Gl\u00f2ries participou no #LlumBCN, sendo um dos pontos de refer\u00eancia no festival de artes da luz em #Barcelona. A artista Elisa Storelli exp\u00f4s \u00abLook at the Sun\u00bb, uma proje\u00e7\u00e3o no exterior do edif\u00edcio onde mostra um reflexo do tempo em Marte com dados em tempo real, atrav\u00e9s da representa\u00e7\u00e3o da [&hellip;]<\/p>\n","protected":false},"author":12,"featured_media":7338,"comment_status":"closed","ping_status":"open","sticky":false,"template":"","format":"standard","meta":{"footnotes":""},"categories":[41,46],"class_list":["post-7336","post","type-post","status-publish","format-standard","has-post-thumbnail","hentry","category-dia-a-dia","category-dia-oficinas"],"acf":[],"yoast_head":"<!-- This site is optimized with the Yoast SEO plugin v26.5 - https:\/\/yoast.com\/wordpress\/plugins\/seo\/ -->\n<title>Torre Gl\u00f2ries ilumina-se no #LlumBCN, o maior festival de luz de Barcelona - Merlin Properties Socimi, S.A. (PT)<\/title>\n<meta name=\"robots\" content=\"index, follow, max-snippet:-1, max-image-preview:large, max-video-preview:-1\" \/>\n<link rel=\"canonical\" href=\"https:\/\/www.merlinproperties.com\/pt\/dia-a-dia\/torre-glories-ilumina-se-no-llumbcn-o-maior-festival-de-luz-de-barcelona\/\" \/>\n<meta property=\"og:locale\" content=\"es_ES\" \/>\n<meta property=\"og:type\" content=\"article\" \/>\n<meta property=\"og:title\" content=\"Torre Gl\u00f2ries ilumina-se no #LlumBCN, o maior festival de luz de Barcelona - Merlin Properties Socimi, S.A. (PT)\" \/>\n<meta property=\"og:description\" content=\"Por mais um ano, Torre Gl\u00f2ries participou no #LlumBCN, sendo um dos pontos de refer\u00eancia no festival de artes da luz em #Barcelona. A artista Elisa Storelli exp\u00f4s \u00abLook at the Sun\u00bb, uma proje\u00e7\u00e3o no exterior do edif\u00edcio onde mostra um reflexo do tempo em Marte com dados em tempo real, atrav\u00e9s da representa\u00e7\u00e3o da [&hellip;]\" \/>\n<meta property=\"og:url\" content=\"https:\/\/www.merlinproperties.com\/pt\/dia-a-dia\/torre-glories-ilumina-se-no-llumbcn-o-maior-festival-de-luz-de-barcelona\/\" \/>\n<meta property=\"og:site_name\" content=\"Merlin Properties Socimi, S.A. (PT)\" \/>\n<meta property=\"article:published_time\" content=\"2024-02-06T18:11:55+00:00\" \/>\n<meta property=\"og:image\" content=\"https:\/\/www.merlinproperties.com\/pt\/wp-content\/uploads\/sites\/3\/2024\/02\/horizontal-glories-recortada-2.png\" \/>\n\t<meta property=\"og:image:width\" content=\"1920\" \/>\n\t<meta property=\"og:image:height\" content=\"1080\" \/>\n\t<meta property=\"og:image:type\" content=\"image\/png\" \/>\n<meta name=\"twitter:card\" content=\"summary_large_image\" \/>\n<meta name=\"twitter:label1\" content=\"Escrito por\" \/>\n\t<meta name=\"twitter:data1\" content=\"\" \/>\n\t<meta name=\"twitter:label2\" content=\"Tiempo de lectura\" \/>\n\t<meta name=\"twitter:data2\" content=\"1 minuto\" \/>\n<script type=\"application\/ld+json\" class=\"yoast-schema-graph\">{\"@context\":\"https:\/\/schema.org\",\"@graph\":[{\"@type\":\"Article\",\"@id\":\"https:\/\/www.merlinproperties.com\/pt\/dia-a-dia\/torre-glories-ilumina-se-no-llumbcn-o-maior-festival-de-luz-de-barcelona\/#article\",\"isPartOf\":{\"@id\":\"https:\/\/www.merlinproperties.com\/pt\/dia-a-dia\/torre-glories-ilumina-se-no-llumbcn-o-maior-festival-de-luz-de-barcelona\/\"},\"author\":{\"name\":\"\",\"@id\":\"\"},\"headline\":\"Torre Gl\u00f2ries ilumina-se no #LlumBCN, o maior festival de luz de Barcelona\",\"datePublished\":\"2024-02-06T18:11:55+00:00\",\"mainEntityOfPage\":{\"@id\":\"https:\/\/www.merlinproperties.com\/pt\/dia-a-dia\/torre-glories-ilumina-se-no-llumbcn-o-maior-festival-de-luz-de-barcelona\/\"},\"wordCount\":89,\"publisher\":{\"@id\":\"https:\/\/www.merlinproperties.com\/pt\/#organization\"},\"image\":{\"@id\":\"https:\/\/www.merlinproperties.com\/pt\/dia-a-dia\/torre-glories-ilumina-se-no-llumbcn-o-maior-festival-de-luz-de-barcelona\/#primaryimage\"},\"thumbnailUrl\":\"https:\/\/www.merlinproperties.com\/pt\/wp-content\/uploads\/sites\/3\/2024\/02\/horizontal-glories-recortada-2.png\",\"articleSection\":[\"D\u00eda a d\u00eda\",\"Oficinas\"],\"inLanguage\":\"es\"},{\"@type\":\"WebPage\",\"@id\":\"https:\/\/www.merlinproperties.com\/pt\/dia-a-dia\/torre-glories-ilumina-se-no-llumbcn-o-maior-festival-de-luz-de-barcelona\/\",\"url\":\"https:\/\/www.merlinproperties.com\/pt\/dia-a-dia\/torre-glories-ilumina-se-no-llumbcn-o-maior-festival-de-luz-de-barcelona\/\",\"name\":\"Torre Gl\u00f2ries ilumina-se no #LlumBCN, o maior festival de luz de Barcelona - Merlin Properties Socimi, S.A. (PT)\",\"isPartOf\":{\"@id\":\"https:\/\/www.merlinproperties.com\/pt\/#website\"},\"primaryImageOfPage\":{\"@id\":\"https:\/\/www.merlinproperties.com\/pt\/dia-a-dia\/torre-glories-ilumina-se-no-llumbcn-o-maior-festival-de-luz-de-barcelona\/#primaryimage\"},\"image\":{\"@id\":\"https:\/\/www.merlinproperties.com\/pt\/dia-a-dia\/torre-glories-ilumina-se-no-llumbcn-o-maior-festival-de-luz-de-barcelona\/#primaryimage\"},\"thumbnailUrl\":\"https:\/\/www.merlinproperties.com\/pt\/wp-content\/uploads\/sites\/3\/2024\/02\/horizontal-glories-recortada-2.png\",\"datePublished\":\"2024-02-06T18:11:55+00:00\",\"inLanguage\":\"es\",\"potentialAction\":[{\"@type\":\"ReadAction\",\"target\":[\"https:\/\/www.merlinproperties.com\/pt\/dia-a-dia\/torre-glories-ilumina-se-no-llumbcn-o-maior-festival-de-luz-de-barcelona\/\"]}]},{\"@type\":\"ImageObject\",\"inLanguage\":\"es\",\"@id\":\"https:\/\/www.merlinproperties.com\/pt\/dia-a-dia\/torre-glories-ilumina-se-no-llumbcn-o-maior-festival-de-luz-de-barcelona\/#primaryimage\",\"url\":\"https:\/\/www.merlinproperties.com\/pt\/wp-content\/uploads\/sites\/3\/2024\/02\/horizontal-glories-recortada-2.png\",\"contentUrl\":\"https:\/\/www.merlinproperties.com\/pt\/wp-content\/uploads\/sites\/3\/2024\/02\/horizontal-glories-recortada-2.png\",\"width\":1920,\"height\":1080},{\"@type\":\"WebSite\",\"@id\":\"https:\/\/www.merlinproperties.com\/pt\/#website\",\"url\":\"https:\/\/www.merlinproperties.com\/pt\/\",\"name\":\"Merlin Properties Socimi, S.A. (PT)\",\"description\":\"Compa\u00f1\u00eda Inmobiliaria, cotizada, l\u00edder en el sector de activos terciarios en la Pen\u00ednsula Ib\u00e9rica.\",\"publisher\":{\"@id\":\"https:\/\/www.merlinproperties.com\/pt\/#organization\"},\"potentialAction\":[{\"@type\":\"SearchAction\",\"target\":{\"@type\":\"EntryPoint\",\"urlTemplate\":\"https:\/\/www.merlinproperties.com\/pt\/?s={search_term_string}\"},\"query-input\":{\"@type\":\"PropertyValueSpecification\",\"valueRequired\":true,\"valueName\":\"search_term_string\"}}],\"inLanguage\":\"es\"},{\"@type\":\"Organization\",\"@id\":\"https:\/\/www.merlinproperties.com\/pt\/#organization\",\"name\":\"Merlin Properties Socimi, S.A. (PT)\",\"url\":\"https:\/\/www.merlinproperties.com\/pt\/\",\"logo\":{\"@type\":\"ImageObject\",\"inLanguage\":\"es\",\"@id\":\"https:\/\/www.merlinproperties.com\/pt\/#\/schema\/logo\/image\/\",\"url\":\"https:\/\/www.merlinproperties.com\/pt\/wp-content\/uploads\/sites\/3\/2023\/03\/Merlin-Logo-Horizontal-Negativo-scaled-3.png\",\"contentUrl\":\"https:\/\/www.merlinproperties.com\/pt\/wp-content\/uploads\/sites\/3\/2023\/03\/Merlin-Logo-Horizontal-Negativo-scaled-3.png\",\"width\":600,\"height\":204,\"caption\":\"Merlin Properties Socimi, S.A. (PT)\"},\"image\":{\"@id\":\"https:\/\/www.merlinproperties.com\/pt\/#\/schema\/logo\/image\/\"}},{\"@type\":\"Person\",\"@id\":\"\",\"url\":\"https:\/\/www.merlinproperties.com\/pt\/author\/\"}]}<\/script>\n<!-- \/ Yoast SEO plugin. -->","yoast_head_json":{"title":"Torre Gl\u00f2ries ilumina-se no #LlumBCN, o maior festival de luz de Barcelona - Merlin Properties Socimi, S.A. (PT)","robots":{"index":"index","follow":"follow","max-snippet":"max-snippet:-1","max-image-preview":"max-image-preview:large","max-video-preview":"max-video-preview:-1"},"canonical":"https:\/\/www.merlinproperties.com\/pt\/dia-a-dia\/torre-glories-ilumina-se-no-llumbcn-o-maior-festival-de-luz-de-barcelona\/","og_locale":"es_ES","og_type":"article","og_title":"Torre Gl\u00f2ries ilumina-se no #LlumBCN, o maior festival de luz de Barcelona - Merlin Properties Socimi, S.A. (PT)","og_description":"Por mais um ano, Torre Gl\u00f2ries participou no #LlumBCN, sendo um dos pontos de refer\u00eancia no festival de artes da luz em #Barcelona. A artista Elisa Storelli exp\u00f4s \u00abLook at the Sun\u00bb, uma proje\u00e7\u00e3o no exterior do edif\u00edcio onde mostra um reflexo do tempo em Marte com dados em tempo real, atrav\u00e9s da representa\u00e7\u00e3o da [&hellip;]","og_url":"https:\/\/www.merlinproperties.com\/pt\/dia-a-dia\/torre-glories-ilumina-se-no-llumbcn-o-maior-festival-de-luz-de-barcelona\/","og_site_name":"Merlin Properties Socimi, S.A. (PT)","article_published_time":"2024-02-06T18:11:55+00:00","og_image":[{"width":1920,"height":1080,"url":"https:\/\/www.merlinproperties.com\/pt\/wp-content\/uploads\/sites\/3\/2024\/02\/horizontal-glories-recortada-2.png","type":"image\/png"}],"twitter_card":"summary_large_image","twitter_misc":{"Escrito por":"","Tiempo de lectura":"1 minuto"},"schema":{"@context":"https:\/\/schema.org","@graph":[{"@type":"Article","@id":"https:\/\/www.merlinproperties.com\/pt\/dia-a-dia\/torre-glories-ilumina-se-no-llumbcn-o-maior-festival-de-luz-de-barcelona\/#article","isPartOf":{"@id":"https:\/\/www.merlinproperties.com\/pt\/dia-a-dia\/torre-glories-ilumina-se-no-llumbcn-o-maior-festival-de-luz-de-barcelona\/"},"author":{"name":"","@id":""},"headline":"Torre Gl\u00f2ries ilumina-se no #LlumBCN, o maior festival de luz de Barcelona","datePublished":"2024-02-06T18:11:55+00:00","mainEntityOfPage":{"@id":"https:\/\/www.merlinproperties.com\/pt\/dia-a-dia\/torre-glories-ilumina-se-no-llumbcn-o-maior-festival-de-luz-de-barcelona\/"},"wordCount":89,"publisher":{"@id":"https:\/\/www.merlinproperties.com\/pt\/#organization"},"image":{"@id":"https:\/\/www.merlinproperties.com\/pt\/dia-a-dia\/torre-glories-ilumina-se-no-llumbcn-o-maior-festival-de-luz-de-barcelona\/#primaryimage"},"thumbnailUrl":"https:\/\/www.merlinproperties.com\/pt\/wp-content\/uploads\/sites\/3\/2024\/02\/horizontal-glories-recortada-2.png","articleSection":["D\u00eda a d\u00eda","Oficinas"],"inLanguage":"es"},{"@type":"WebPage","@id":"https:\/\/www.merlinproperties.com\/pt\/dia-a-dia\/torre-glories-ilumina-se-no-llumbcn-o-maior-festival-de-luz-de-barcelona\/","url":"https:\/\/www.merlinproperties.com\/pt\/dia-a-dia\/torre-glories-ilumina-se-no-llumbcn-o-maior-festival-de-luz-de-barcelona\/","name":"Torre Gl\u00f2ries ilumina-se no #LlumBCN, o maior festival de luz de Barcelona - Merlin Properties Socimi, S.A. (PT)","isPartOf":{"@id":"https:\/\/www.merlinproperties.com\/pt\/#website"},"primaryImageOfPage":{"@id":"https:\/\/www.merlinproperties.com\/pt\/dia-a-dia\/torre-glories-ilumina-se-no-llumbcn-o-maior-festival-de-luz-de-barcelona\/#primaryimage"},"image":{"@id":"https:\/\/www.merlinproperties.com\/pt\/dia-a-dia\/torre-glories-ilumina-se-no-llumbcn-o-maior-festival-de-luz-de-barcelona\/#primaryimage"},"thumbnailUrl":"https:\/\/www.merlinproperties.com\/pt\/wp-content\/uploads\/sites\/3\/2024\/02\/horizontal-glories-recortada-2.png","datePublished":"2024-02-06T18:11:55+00:00","inLanguage":"es","potentialAction":[{"@type":"ReadAction","target":["https:\/\/www.merlinproperties.com\/pt\/dia-a-dia\/torre-glories-ilumina-se-no-llumbcn-o-maior-festival-de-luz-de-barcelona\/"]}]},{"@type":"ImageObject","inLanguage":"es","@id":"https:\/\/www.merlinproperties.com\/pt\/dia-a-dia\/torre-glories-ilumina-se-no-llumbcn-o-maior-festival-de-luz-de-barcelona\/#primaryimage","url":"https:\/\/www.merlinproperties.com\/pt\/wp-content\/uploads\/sites\/3\/2024\/02\/horizontal-glories-recortada-2.png","contentUrl":"https:\/\/www.merlinproperties.com\/pt\/wp-content\/uploads\/sites\/3\/2024\/02\/horizontal-glories-recortada-2.png","width":1920,"height":1080},{"@type":"WebSite","@id":"https:\/\/www.merlinproperties.com\/pt\/#website","url":"https:\/\/www.merlinproperties.com\/pt\/","name":"Merlin Properties Socimi, S.A. (PT)","description":"Compa\u00f1\u00eda Inmobiliaria, cotizada, l\u00edder en el sector de activos terciarios en la Pen\u00ednsula Ib\u00e9rica.","publisher":{"@id":"https:\/\/www.merlinproperties.com\/pt\/#organization"},"potentialAction":[{"@type":"SearchAction","target":{"@type":"EntryPoint","urlTemplate":"https:\/\/www.merlinproperties.com\/pt\/?s={search_term_string}"},"query-input":{"@type":"PropertyValueSpecification","valueRequired":true,"valueName":"search_term_string"}}],"inLanguage":"es"},{"@type":"Organization","@id":"https:\/\/www.merlinproperties.com\/pt\/#organization","name":"Merlin Properties Socimi, S.A. (PT)","url":"https:\/\/www.merlinproperties.com\/pt\/","logo":{"@type":"ImageObject","inLanguage":"es","@id":"https:\/\/www.merlinproperties.com\/pt\/#\/schema\/logo\/image\/","url":"https:\/\/www.merlinproperties.com\/pt\/wp-content\/uploads\/sites\/3\/2023\/03\/Merlin-Logo-Horizontal-Negativo-scaled-3.png","contentUrl":"https:\/\/www.merlinproperties.com\/pt\/wp-content\/uploads\/sites\/3\/2023\/03\/Merlin-Logo-Horizontal-Negativo-scaled-3.png","width":600,"height":204,"caption":"Merlin Properties Socimi, S.A. (PT)"},"image":{"@id":"https:\/\/www.merlinproperties.com\/pt\/#\/schema\/logo\/image\/"}},{"@type":"Person","@id":"","url":"https:\/\/www.merlinproperties.com\/pt\/author\/"}]}},"_links":{"self":[{"href":"https:\/\/www.merlinproperties.com\/pt\/wp-json\/wp\/v2\/posts\/7336","targetHints":{"allow":["GET"]}}],"collection":[{"href":"https:\/\/www.merlinproperties.com\/pt\/wp-json\/wp\/v2\/posts"}],"about":[{"href":"https:\/\/www.merlinproperties.com\/pt\/wp-json\/wp\/v2\/types\/post"}],"author":[{"embeddable":true,"href":"https:\/\/www.merlinproperties.com\/pt\/wp-json\/wp\/v2\/users\/12"}],"replies":[{"embeddable":true,"href":"https:\/\/www.merlinproperties.com\/pt\/wp-json\/wp\/v2\/comments?post=7336"}],"version-history":[{"count":0,"href":"https:\/\/www.merlinproperties.com\/pt\/wp-json\/wp\/v2\/posts\/7336\/revisions"}],"wp:featuredmedia":[{"embeddable":true,"href":"https:\/\/www.merlinproperties.com\/pt\/wp-json\/wp\/v2\/media\/7338"}],"wp:attachment":[{"href":"https:\/\/www.merlinproperties.com\/pt\/wp-json\/wp\/v2\/media?parent=7336"}],"wp:term":[{"taxonomy":"category","embeddable":true,"href":"https:\/\/www.merlinproperties.com\/pt\/wp-json\/wp\/v2\/categories?post=7336"}],"curies":[{"name":"wp","href":"https:\/\/api.w.org\/{rel}","templated":true}]}}