{"id":7331,"date":"2024-02-05T18:06:50","date_gmt":"2024-02-05T18:06:50","guid":{"rendered":"https:\/\/www.merlinproperties.com\/pt\/?p=7331"},"modified":"2024-02-05T18:08:53","modified_gmt":"2024-02-05T18:08:53","slug":"ismael-clemente-participou-no-evento-meridiana-meetup-mipim","status":"publish","type":"post","link":"https:\/\/www.merlinproperties.com\/pt\/dia-a-dia\/ismael-clemente-participou-no-evento-meridiana-meetup-mipim\/","title":{"rendered":"Ismael Clemente participou no evento Meridiana Meetup &#8211; MIPIM"},"content":{"rendered":"<p>O nosso CEO, Ismael Clemente, esteve presente no evento Meridiana Meetup &#8211; MIPIM, participando no painel \u00abPerspectivas de investimento em Espanha e na Europa para 2024 e 2025\u00bb, organizado pela Meridiana e Espanha no MIPIM.<\/p>\n<p>Juntamente com os outros oradores, Anna Gener, CEO Barcelona da Savills Spain, Mikel Echavarren, Presidente e CEO da Colliers Spain &amp; Portugal, Teresa Marzo, CEO da ELIX e Roger Pla Madrid, moderador e Partner da RocaJunyent, falaram sobre as tend\u00eancias de investimento imobili\u00e1rio em 2024, tanto no sector terci\u00e1rio (espa\u00e7os comerciais, escrit\u00f3rios e armaz\u00e9ns log\u00edsticos) como no residencial, e o impacto da sustentabilidade em ambos.<\/p>\n<p>Foi um prazer poder partilhar impress\u00f5es.<\/p>\n<p>#RealEstate #Sector imobili\u00e1rio<\/p>\n","protected":false},"excerpt":{"rendered":"<p>O nosso CEO, Ismael Clemente, esteve presente no evento Meridiana Meetup &#8211; MIPIM, participando no painel \u00abPerspectivas de investimento em Espanha e na Europa para 2024 e 2025\u00bb, organizado pela Meridiana e Espanha no MIPIM. Juntamente com os outros oradores, Anna Gener, CEO Barcelona da Savills Spain, Mikel Echavarren, Presidente e CEO da Colliers Spain [&hellip;]<\/p>\n","protected":false},"author":12,"featured_media":7333,"comment_status":"closed","ping_status":"open","sticky":false,"template":"","format":"standard","meta":{"footnotes":""},"categories":[90,41],"class_list":["post-7331","post","type-post","status-publish","format-standard","has-post-thumbnail","hentry","category-corporativo","category-dia-a-dia"],"acf":[],"yoast_head":"<!-- This site is optimized with the Yoast SEO plugin v26.5 - https:\/\/yoast.com\/wordpress\/plugins\/seo\/ -->\n<title>Ismael Clemente participou no evento Meridiana Meetup - MIPIM - Merlin Properties Socimi, S.A. (PT)<\/title>\n<meta name=\"robots\" content=\"index, follow, max-snippet:-1, max-image-preview:large, max-video-preview:-1\" \/>\n<link rel=\"canonical\" href=\"https:\/\/www.merlinproperties.com\/pt\/dia-a-dia\/ismael-clemente-participou-no-evento-meridiana-meetup-mipim\/\" \/>\n<meta property=\"og:locale\" content=\"es_ES\" \/>\n<meta property=\"og:type\" content=\"article\" \/>\n<meta property=\"og:title\" content=\"Ismael Clemente participou no evento Meridiana Meetup - MIPIM - Merlin Properties Socimi, S.A. (PT)\" \/>\n<meta property=\"og:description\" content=\"O nosso CEO, Ismael Clemente, esteve presente no evento Meridiana Meetup &#8211; MIPIM, participando no painel \u00abPerspectivas de investimento em Espanha e na Europa para 2024 e 2025\u00bb, organizado pela Meridiana e Espanha no MIPIM. Juntamente com os outros oradores, Anna Gener, CEO Barcelona da Savills Spain, Mikel Echavarren, Presidente e CEO da Colliers Spain [&hellip;]\" \/>\n<meta property=\"og:url\" content=\"https:\/\/www.merlinproperties.com\/pt\/dia-a-dia\/ismael-clemente-participou-no-evento-meridiana-meetup-mipim\/\" \/>\n<meta property=\"og:site_name\" content=\"Merlin Properties Socimi, S.A. (PT)\" \/>\n<meta property=\"article:published_time\" content=\"2024-02-05T18:06:50+00:00\" \/>\n<meta property=\"article:modified_time\" content=\"2024-02-05T18:08:53+00:00\" \/>\n<meta property=\"og:image\" content=\"https:\/\/www.merlinproperties.com\/pt\/wp-content\/uploads\/sites\/3\/2024\/02\/Meridiana-horizontal-1-1440x810.png\" \/>\n\t<meta property=\"og:image:width\" content=\"1440\" \/>\n\t<meta property=\"og:image:height\" content=\"810\" \/>\n\t<meta property=\"og:image:type\" content=\"image\/png\" \/>\n<meta name=\"twitter:card\" content=\"summary_large_image\" \/>\n<meta name=\"twitter:label1\" content=\"Escrito por\" \/>\n\t<meta name=\"twitter:data1\" content=\"\" \/>\n\t<meta name=\"twitter:label2\" content=\"Tiempo de lectura\" \/>\n\t<meta name=\"twitter:data2\" content=\"1 minuto\" \/>\n<script type=\"application\/ld+json\" class=\"yoast-schema-graph\">{\"@context\":\"https:\/\/schema.org\",\"@graph\":[{\"@type\":\"Article\",\"@id\":\"https:\/\/www.merlinproperties.com\/pt\/dia-a-dia\/ismael-clemente-participou-no-evento-meridiana-meetup-mipim\/#article\",\"isPartOf\":{\"@id\":\"https:\/\/www.merlinproperties.com\/pt\/dia-a-dia\/ismael-clemente-participou-no-evento-meridiana-meetup-mipim\/\"},\"author\":{\"name\":\"\",\"@id\":\"\"},\"headline\":\"Ismael Clemente participou no evento Meridiana Meetup &#8211; MIPIM\",\"datePublished\":\"2024-02-05T18:06:50+00:00\",\"dateModified\":\"2024-02-05T18:08:53+00:00\",\"mainEntityOfPage\":{\"@id\":\"https:\/\/www.merlinproperties.com\/pt\/dia-a-dia\/ismael-clemente-participou-no-evento-meridiana-meetup-mipim\/\"},\"wordCount\":124,\"publisher\":{\"@id\":\"https:\/\/www.merlinproperties.com\/pt\/#organization\"},\"image\":{\"@id\":\"https:\/\/www.merlinproperties.com\/pt\/dia-a-dia\/ismael-clemente-participou-no-evento-meridiana-meetup-mipim\/#primaryimage\"},\"thumbnailUrl\":\"https:\/\/www.merlinproperties.com\/pt\/wp-content\/uploads\/sites\/3\/2024\/02\/Meridiana-horizontal-1.png\",\"articleSection\":[\"Corporativo\",\"D\u00eda a d\u00eda\"],\"inLanguage\":\"es\"},{\"@type\":\"WebPage\",\"@id\":\"https:\/\/www.merlinproperties.com\/pt\/dia-a-dia\/ismael-clemente-participou-no-evento-meridiana-meetup-mipim\/\",\"url\":\"https:\/\/www.merlinproperties.com\/pt\/dia-a-dia\/ismael-clemente-participou-no-evento-meridiana-meetup-mipim\/\",\"name\":\"Ismael Clemente participou no evento Meridiana Meetup - MIPIM - Merlin Properties Socimi, S.A. (PT)\",\"isPartOf\":{\"@id\":\"https:\/\/www.merlinproperties.com\/pt\/#website\"},\"primaryImageOfPage\":{\"@id\":\"https:\/\/www.merlinproperties.com\/pt\/dia-a-dia\/ismael-clemente-participou-no-evento-meridiana-meetup-mipim\/#primaryimage\"},\"image\":{\"@id\":\"https:\/\/www.merlinproperties.com\/pt\/dia-a-dia\/ismael-clemente-participou-no-evento-meridiana-meetup-mipim\/#primaryimage\"},\"thumbnailUrl\":\"https:\/\/www.merlinproperties.com\/pt\/wp-content\/uploads\/sites\/3\/2024\/02\/Meridiana-horizontal-1.png\",\"datePublished\":\"2024-02-05T18:06:50+00:00\",\"dateModified\":\"2024-02-05T18:08:53+00:00\",\"inLanguage\":\"es\",\"potentialAction\":[{\"@type\":\"ReadAction\",\"target\":[\"https:\/\/www.merlinproperties.com\/pt\/dia-a-dia\/ismael-clemente-participou-no-evento-meridiana-meetup-mipim\/\"]}]},{\"@type\":\"ImageObject\",\"inLanguage\":\"es\",\"@id\":\"https:\/\/www.merlinproperties.com\/pt\/dia-a-dia\/ismael-clemente-participou-no-evento-meridiana-meetup-mipim\/#primaryimage\",\"url\":\"https:\/\/www.merlinproperties.com\/pt\/wp-content\/uploads\/sites\/3\/2024\/02\/Meridiana-horizontal-1.png\",\"contentUrl\":\"https:\/\/www.merlinproperties.com\/pt\/wp-content\/uploads\/sites\/3\/2024\/02\/Meridiana-horizontal-1.png\",\"width\":1920,\"height\":1080},{\"@type\":\"WebSite\",\"@id\":\"https:\/\/www.merlinproperties.com\/pt\/#website\",\"url\":\"https:\/\/www.merlinproperties.com\/pt\/\",\"name\":\"Merlin Properties Socimi, S.A. (PT)\",\"description\":\"Compa\u00f1\u00eda Inmobiliaria, cotizada, l\u00edder en el sector de activos terciarios en la Pen\u00ednsula Ib\u00e9rica.\",\"publisher\":{\"@id\":\"https:\/\/www.merlinproperties.com\/pt\/#organization\"},\"potentialAction\":[{\"@type\":\"SearchAction\",\"target\":{\"@type\":\"EntryPoint\",\"urlTemplate\":\"https:\/\/www.merlinproperties.com\/pt\/?s={search_term_string}\"},\"query-input\":{\"@type\":\"PropertyValueSpecification\",\"valueRequired\":true,\"valueName\":\"search_term_string\"}}],\"inLanguage\":\"es\"},{\"@type\":\"Organization\",\"@id\":\"https:\/\/www.merlinproperties.com\/pt\/#organization\",\"name\":\"Merlin Properties Socimi, S.A. (PT)\",\"url\":\"https:\/\/www.merlinproperties.com\/pt\/\",\"logo\":{\"@type\":\"ImageObject\",\"inLanguage\":\"es\",\"@id\":\"https:\/\/www.merlinproperties.com\/pt\/#\/schema\/logo\/image\/\",\"url\":\"https:\/\/www.merlinproperties.com\/pt\/wp-content\/uploads\/sites\/3\/2023\/03\/Merlin-Logo-Horizontal-Negativo-scaled-3.png\",\"contentUrl\":\"https:\/\/www.merlinproperties.com\/pt\/wp-content\/uploads\/sites\/3\/2023\/03\/Merlin-Logo-Horizontal-Negativo-scaled-3.png\",\"width\":600,\"height\":204,\"caption\":\"Merlin Properties Socimi, S.A. (PT)\"},\"image\":{\"@id\":\"https:\/\/www.merlinproperties.com\/pt\/#\/schema\/logo\/image\/\"}},{\"@type\":\"Person\",\"@id\":\"\",\"url\":\"https:\/\/www.merlinproperties.com\/pt\/author\/\"}]}<\/script>\n<!-- \/ Yoast SEO plugin. -->","yoast_head_json":{"title":"Ismael Clemente participou no evento Meridiana Meetup - MIPIM - Merlin Properties Socimi, S.A. (PT)","robots":{"index":"index","follow":"follow","max-snippet":"max-snippet:-1","max-image-preview":"max-image-preview:large","max-video-preview":"max-video-preview:-1"},"canonical":"https:\/\/www.merlinproperties.com\/pt\/dia-a-dia\/ismael-clemente-participou-no-evento-meridiana-meetup-mipim\/","og_locale":"es_ES","og_type":"article","og_title":"Ismael Clemente participou no evento Meridiana Meetup - MIPIM - Merlin Properties Socimi, S.A. (PT)","og_description":"O nosso CEO, Ismael Clemente, esteve presente no evento Meridiana Meetup &#8211; MIPIM, participando no painel \u00abPerspectivas de investimento em Espanha e na Europa para 2024 e 2025\u00bb, organizado pela Meridiana e Espanha no MIPIM. Juntamente com os outros oradores, Anna Gener, CEO Barcelona da Savills Spain, Mikel Echavarren, Presidente e CEO da Colliers Spain [&hellip;]","og_url":"https:\/\/www.merlinproperties.com\/pt\/dia-a-dia\/ismael-clemente-participou-no-evento-meridiana-meetup-mipim\/","og_site_name":"Merlin Properties Socimi, S.A. (PT)","article_published_time":"2024-02-05T18:06:50+00:00","article_modified_time":"2024-02-05T18:08:53+00:00","og_image":[{"width":1440,"height":810,"url":"https:\/\/www.merlinproperties.com\/pt\/wp-content\/uploads\/sites\/3\/2024\/02\/Meridiana-horizontal-1-1440x810.png","type":"image\/png"}],"twitter_card":"summary_large_image","twitter_misc":{"Escrito por":"","Tiempo de lectura":"1 minuto"},"schema":{"@context":"https:\/\/schema.org","@graph":[{"@type":"Article","@id":"https:\/\/www.merlinproperties.com\/pt\/dia-a-dia\/ismael-clemente-participou-no-evento-meridiana-meetup-mipim\/#article","isPartOf":{"@id":"https:\/\/www.merlinproperties.com\/pt\/dia-a-dia\/ismael-clemente-participou-no-evento-meridiana-meetup-mipim\/"},"author":{"name":"","@id":""},"headline":"Ismael Clemente participou no evento Meridiana Meetup &#8211; MIPIM","datePublished":"2024-02-05T18:06:50+00:00","dateModified":"2024-02-05T18:08:53+00:00","mainEntityOfPage":{"@id":"https:\/\/www.merlinproperties.com\/pt\/dia-a-dia\/ismael-clemente-participou-no-evento-meridiana-meetup-mipim\/"},"wordCount":124,"publisher":{"@id":"https:\/\/www.merlinproperties.com\/pt\/#organization"},"image":{"@id":"https:\/\/www.merlinproperties.com\/pt\/dia-a-dia\/ismael-clemente-participou-no-evento-meridiana-meetup-mipim\/#primaryimage"},"thumbnailUrl":"https:\/\/www.merlinproperties.com\/pt\/wp-content\/uploads\/sites\/3\/2024\/02\/Meridiana-horizontal-1.png","articleSection":["Corporativo","D\u00eda a d\u00eda"],"inLanguage":"es"},{"@type":"WebPage","@id":"https:\/\/www.merlinproperties.com\/pt\/dia-a-dia\/ismael-clemente-participou-no-evento-meridiana-meetup-mipim\/","url":"https:\/\/www.merlinproperties.com\/pt\/dia-a-dia\/ismael-clemente-participou-no-evento-meridiana-meetup-mipim\/","name":"Ismael Clemente participou no evento Meridiana Meetup - MIPIM - Merlin Properties Socimi, S.A. (PT)","isPartOf":{"@id":"https:\/\/www.merlinproperties.com\/pt\/#website"},"primaryImageOfPage":{"@id":"https:\/\/www.merlinproperties.com\/pt\/dia-a-dia\/ismael-clemente-participou-no-evento-meridiana-meetup-mipim\/#primaryimage"},"image":{"@id":"https:\/\/www.merlinproperties.com\/pt\/dia-a-dia\/ismael-clemente-participou-no-evento-meridiana-meetup-mipim\/#primaryimage"},"thumbnailUrl":"https:\/\/www.merlinproperties.com\/pt\/wp-content\/uploads\/sites\/3\/2024\/02\/Meridiana-horizontal-1.png","datePublished":"2024-02-05T18:06:50+00:00","dateModified":"2024-02-05T18:08:53+00:00","inLanguage":"es","potentialAction":[{"@type":"ReadAction","target":["https:\/\/www.merlinproperties.com\/pt\/dia-a-dia\/ismael-clemente-participou-no-evento-meridiana-meetup-mipim\/"]}]},{"@type":"ImageObject","inLanguage":"es","@id":"https:\/\/www.merlinproperties.com\/pt\/dia-a-dia\/ismael-clemente-participou-no-evento-meridiana-meetup-mipim\/#primaryimage","url":"https:\/\/www.merlinproperties.com\/pt\/wp-content\/uploads\/sites\/3\/2024\/02\/Meridiana-horizontal-1.png","contentUrl":"https:\/\/www.merlinproperties.com\/pt\/wp-content\/uploads\/sites\/3\/2024\/02\/Meridiana-horizontal-1.png","width":1920,"height":1080},{"@type":"WebSite","@id":"https:\/\/www.merlinproperties.com\/pt\/#website","url":"https:\/\/www.merlinproperties.com\/pt\/","name":"Merlin Properties Socimi, S.A. (PT)","description":"Compa\u00f1\u00eda Inmobiliaria, cotizada, l\u00edder en el sector de activos terciarios en la Pen\u00ednsula Ib\u00e9rica.","publisher":{"@id":"https:\/\/www.merlinproperties.com\/pt\/#organization"},"potentialAction":[{"@type":"SearchAction","target":{"@type":"EntryPoint","urlTemplate":"https:\/\/www.merlinproperties.com\/pt\/?s={search_term_string}"},"query-input":{"@type":"PropertyValueSpecification","valueRequired":true,"valueName":"search_term_string"}}],"inLanguage":"es"},{"@type":"Organization","@id":"https:\/\/www.merlinproperties.com\/pt\/#organization","name":"Merlin Properties Socimi, S.A. (PT)","url":"https:\/\/www.merlinproperties.com\/pt\/","logo":{"@type":"ImageObject","inLanguage":"es","@id":"https:\/\/www.merlinproperties.com\/pt\/#\/schema\/logo\/image\/","url":"https:\/\/www.merlinproperties.com\/pt\/wp-content\/uploads\/sites\/3\/2023\/03\/Merlin-Logo-Horizontal-Negativo-scaled-3.png","contentUrl":"https:\/\/www.merlinproperties.com\/pt\/wp-content\/uploads\/sites\/3\/2023\/03\/Merlin-Logo-Horizontal-Negativo-scaled-3.png","width":600,"height":204,"caption":"Merlin Properties Socimi, S.A. (PT)"},"image":{"@id":"https:\/\/www.merlinproperties.com\/pt\/#\/schema\/logo\/image\/"}},{"@type":"Person","@id":"","url":"https:\/\/www.merlinproperties.com\/pt\/author\/"}]}},"_links":{"self":[{"href":"https:\/\/www.merlinproperties.com\/pt\/wp-json\/wp\/v2\/posts\/7331","targetHints":{"allow":["GET"]}}],"collection":[{"href":"https:\/\/www.merlinproperties.com\/pt\/wp-json\/wp\/v2\/posts"}],"about":[{"href":"https:\/\/www.merlinproperties.com\/pt\/wp-json\/wp\/v2\/types\/post"}],"author":[{"embeddable":true,"href":"https:\/\/www.merlinproperties.com\/pt\/wp-json\/wp\/v2\/users\/12"}],"replies":[{"embeddable":true,"href":"https:\/\/www.merlinproperties.com\/pt\/wp-json\/wp\/v2\/comments?post=7331"}],"version-history":[{"count":0,"href":"https:\/\/www.merlinproperties.com\/pt\/wp-json\/wp\/v2\/posts\/7331\/revisions"}],"wp:featuredmedia":[{"embeddable":true,"href":"https:\/\/www.merlinproperties.com\/pt\/wp-json\/wp\/v2\/media\/7333"}],"wp:attachment":[{"href":"https:\/\/www.merlinproperties.com\/pt\/wp-json\/wp\/v2\/media?parent=7331"}],"wp:term":[{"taxonomy":"category","embeddable":true,"href":"https:\/\/www.merlinproperties.com\/pt\/wp-json\/wp\/v2\/categories?post=7331"}],"curies":[{"name":"wp","href":"https:\/\/api.w.org\/{rel}","templated":true}]}}