{"id":7326,"date":"2024-01-31T11:47:51","date_gmt":"2024-01-31T11:47:51","guid":{"rendered":"https:\/\/www.merlinproperties.com\/pt\/?p=7326"},"modified":"2025-05-08T07:44:23","modified_gmt":"2025-05-08T07:44:23","slug":"participamos-no-evento-organizado-pelo-iese-real-estate","status":"publish","type":"post","link":"https:\/\/www.merlinproperties.com\/pt\/dia-a-dia\/participamos-no-evento-organizado-pelo-iese-real-estate\/","title":{"rendered":"Particip\u00e1mos no evento organizado pelo IESE Real Estate"},"content":{"rendered":"<p>Ismael Clemente, o nosso CEO, participou na mesa redonda \u00abRising interest rates: impact on debt and equity\u00bb, organizada pelo IESE Business School &#8211; University of Navarra Real Estate, onde debateu com Juan Jos\u00e9 Brugera &#8211; Va d&#8217;Empresa, Presidente da Colonial, Adolfo Favieres, Managing Diretor da BlackRock, C\u00e9sar L\u00f3pez Albero, Diretor de Real Estate Business do Banco Sabadell e Susana Rodr\u00edguez, moderadora e Chief Commercial Officer da Savills.<\/p>\n<p>Falaram sobre a reconvers\u00e3o de activos, as avalia\u00e7\u00f5es de activos e de empresas, a disponibilidade de fundos, o financiamento alternativo e banc\u00e1rio e a forma como o fluxo de fundos para o sector imobili\u00e1rio foi alterado.<\/p>\n<p>Obrigado pelo convite e parab\u00e9ns pelo vosso 10\u00ba anivers\u00e1rio!<\/p>\n<p>#RealEstate #Sector Imobili\u00e1rio<\/p>\n","protected":false},"excerpt":{"rendered":"<p>Ismael Clemente, o nosso CEO, participou na mesa redonda \u00abRising interest rates: impact on debt and equity\u00bb, organizada pelo IESE Business School &#8211; University of Navarra Real Estate, onde debateu com Juan Jos\u00e9 Brugera &#8211; Va d&#8217;Empresa, Presidente da Colonial, Adolfo Favieres, Managing Diretor da BlackRock, C\u00e9sar L\u00f3pez Albero, Diretor de Real Estate Business do [&hellip;]<\/p>\n","protected":false},"author":13,"featured_media":7328,"comment_status":"closed","ping_status":"open","sticky":false,"template":"","format":"standard","meta":{"footnotes":""},"categories":[90,41],"class_list":["post-7326","post","type-post","status-publish","format-standard","has-post-thumbnail","hentry","category-corporativo","category-dia-a-dia"],"acf":[],"yoast_head":"<!-- This site is optimized with the Yoast SEO plugin v26.5 - https:\/\/yoast.com\/wordpress\/plugins\/seo\/ -->\n<title>Particip\u00e1mos no evento organizado pelo IESE Real Estate - Merlin Properties Socimi, S.A. (PT)<\/title>\n<meta name=\"robots\" content=\"index, follow, max-snippet:-1, max-image-preview:large, max-video-preview:-1\" \/>\n<link rel=\"canonical\" href=\"https:\/\/www.merlinproperties.com\/pt\/dia-a-dia\/participamos-no-evento-organizado-pelo-iese-real-estate\/\" \/>\n<meta property=\"og:locale\" content=\"es_ES\" \/>\n<meta property=\"og:type\" content=\"article\" \/>\n<meta property=\"og:title\" content=\"Particip\u00e1mos no evento organizado pelo IESE Real Estate - Merlin Properties Socimi, S.A. (PT)\" \/>\n<meta property=\"og:description\" content=\"Ismael Clemente, o nosso CEO, participou na mesa redonda \u00abRising interest rates: impact on debt and equity\u00bb, organizada pelo IESE Business School &#8211; University of Navarra Real Estate, onde debateu com Juan Jos\u00e9 Brugera &#8211; Va d&#8217;Empresa, Presidente da Colonial, Adolfo Favieres, Managing Diretor da BlackRock, C\u00e9sar L\u00f3pez Albero, Diretor de Real Estate Business do [&hellip;]\" \/>\n<meta property=\"og:url\" content=\"https:\/\/www.merlinproperties.com\/pt\/dia-a-dia\/participamos-no-evento-organizado-pelo-iese-real-estate\/\" \/>\n<meta property=\"og:site_name\" content=\"Merlin Properties Socimi, S.A. (PT)\" \/>\n<meta property=\"article:published_time\" content=\"2024-01-31T11:47:51+00:00\" \/>\n<meta property=\"article:modified_time\" content=\"2025-05-08T07:44:23+00:00\" \/>\n<meta property=\"og:image\" content=\"https:\/\/www.merlinproperties.com\/pt\/wp-content\/uploads\/sites\/3\/2024\/01\/IESE-Horizontal-2-1440x810.png\" \/>\n\t<meta property=\"og:image:width\" content=\"1440\" \/>\n\t<meta property=\"og:image:height\" content=\"810\" \/>\n\t<meta property=\"og:image:type\" content=\"image\/png\" \/>\n<meta name=\"twitter:card\" content=\"summary_large_image\" \/>\n<meta name=\"twitter:label1\" content=\"Escrito por\" \/>\n\t<meta name=\"twitter:data1\" content=\"\" \/>\n\t<meta name=\"twitter:label2\" content=\"Tiempo de lectura\" \/>\n\t<meta name=\"twitter:data2\" content=\"1 minuto\" \/>\n<script type=\"application\/ld+json\" class=\"yoast-schema-graph\">{\"@context\":\"https:\/\/schema.org\",\"@graph\":[{\"@type\":\"Article\",\"@id\":\"https:\/\/www.merlinproperties.com\/pt\/dia-a-dia\/participamos-no-evento-organizado-pelo-iese-real-estate\/#article\",\"isPartOf\":{\"@id\":\"https:\/\/www.merlinproperties.com\/pt\/dia-a-dia\/participamos-no-evento-organizado-pelo-iese-real-estate\/\"},\"author\":{\"name\":\"\",\"@id\":\"\"},\"headline\":\"Particip\u00e1mos no evento organizado pelo IESE Real Estate\",\"datePublished\":\"2024-01-31T11:47:51+00:00\",\"dateModified\":\"2025-05-08T07:44:23+00:00\",\"mainEntityOfPage\":{\"@id\":\"https:\/\/www.merlinproperties.com\/pt\/dia-a-dia\/participamos-no-evento-organizado-pelo-iese-real-estate\/\"},\"wordCount\":134,\"publisher\":{\"@id\":\"https:\/\/www.merlinproperties.com\/pt\/#organization\"},\"image\":{\"@id\":\"https:\/\/www.merlinproperties.com\/pt\/dia-a-dia\/participamos-no-evento-organizado-pelo-iese-real-estate\/#primaryimage\"},\"thumbnailUrl\":\"https:\/\/www.merlinproperties.com\/pt\/wp-content\/uploads\/sites\/3\/2024\/01\/IESE-Horizontal-2.png\",\"articleSection\":[\"Corporativo\",\"D\u00eda a d\u00eda\"],\"inLanguage\":\"es\"},{\"@type\":\"WebPage\",\"@id\":\"https:\/\/www.merlinproperties.com\/pt\/dia-a-dia\/participamos-no-evento-organizado-pelo-iese-real-estate\/\",\"url\":\"https:\/\/www.merlinproperties.com\/pt\/dia-a-dia\/participamos-no-evento-organizado-pelo-iese-real-estate\/\",\"name\":\"Particip\u00e1mos no evento organizado pelo IESE Real Estate - Merlin Properties Socimi, S.A. (PT)\",\"isPartOf\":{\"@id\":\"https:\/\/www.merlinproperties.com\/pt\/#website\"},\"primaryImageOfPage\":{\"@id\":\"https:\/\/www.merlinproperties.com\/pt\/dia-a-dia\/participamos-no-evento-organizado-pelo-iese-real-estate\/#primaryimage\"},\"image\":{\"@id\":\"https:\/\/www.merlinproperties.com\/pt\/dia-a-dia\/participamos-no-evento-organizado-pelo-iese-real-estate\/#primaryimage\"},\"thumbnailUrl\":\"https:\/\/www.merlinproperties.com\/pt\/wp-content\/uploads\/sites\/3\/2024\/01\/IESE-Horizontal-2.png\",\"datePublished\":\"2024-01-31T11:47:51+00:00\",\"dateModified\":\"2025-05-08T07:44:23+00:00\",\"inLanguage\":\"es\",\"potentialAction\":[{\"@type\":\"ReadAction\",\"target\":[\"https:\/\/www.merlinproperties.com\/pt\/dia-a-dia\/participamos-no-evento-organizado-pelo-iese-real-estate\/\"]}]},{\"@type\":\"ImageObject\",\"inLanguage\":\"es\",\"@id\":\"https:\/\/www.merlinproperties.com\/pt\/dia-a-dia\/participamos-no-evento-organizado-pelo-iese-real-estate\/#primaryimage\",\"url\":\"https:\/\/www.merlinproperties.com\/pt\/wp-content\/uploads\/sites\/3\/2024\/01\/IESE-Horizontal-2.png\",\"contentUrl\":\"https:\/\/www.merlinproperties.com\/pt\/wp-content\/uploads\/sites\/3\/2024\/01\/IESE-Horizontal-2.png\",\"width\":1920,\"height\":1080},{\"@type\":\"WebSite\",\"@id\":\"https:\/\/www.merlinproperties.com\/pt\/#website\",\"url\":\"https:\/\/www.merlinproperties.com\/pt\/\",\"name\":\"Merlin Properties Socimi, S.A. (PT)\",\"description\":\"Compa\u00f1\u00eda Inmobiliaria, cotizada, l\u00edder en el sector de activos terciarios en la Pen\u00ednsula Ib\u00e9rica.\",\"publisher\":{\"@id\":\"https:\/\/www.merlinproperties.com\/pt\/#organization\"},\"potentialAction\":[{\"@type\":\"SearchAction\",\"target\":{\"@type\":\"EntryPoint\",\"urlTemplate\":\"https:\/\/www.merlinproperties.com\/pt\/?s={search_term_string}\"},\"query-input\":{\"@type\":\"PropertyValueSpecification\",\"valueRequired\":true,\"valueName\":\"search_term_string\"}}],\"inLanguage\":\"es\"},{\"@type\":\"Organization\",\"@id\":\"https:\/\/www.merlinproperties.com\/pt\/#organization\",\"name\":\"Merlin Properties Socimi, S.A. (PT)\",\"url\":\"https:\/\/www.merlinproperties.com\/pt\/\",\"logo\":{\"@type\":\"ImageObject\",\"inLanguage\":\"es\",\"@id\":\"https:\/\/www.merlinproperties.com\/pt\/#\/schema\/logo\/image\/\",\"url\":\"https:\/\/www.merlinproperties.com\/pt\/wp-content\/uploads\/sites\/3\/2023\/03\/Merlin-Logo-Horizontal-Negativo-scaled-3.png\",\"contentUrl\":\"https:\/\/www.merlinproperties.com\/pt\/wp-content\/uploads\/sites\/3\/2023\/03\/Merlin-Logo-Horizontal-Negativo-scaled-3.png\",\"width\":600,\"height\":204,\"caption\":\"Merlin Properties Socimi, S.A. (PT)\"},\"image\":{\"@id\":\"https:\/\/www.merlinproperties.com\/pt\/#\/schema\/logo\/image\/\"}},{\"@type\":\"Person\",\"@id\":\"\",\"url\":\"https:\/\/www.merlinproperties.com\/pt\/author\/\"}]}<\/script>\n<!-- \/ Yoast SEO plugin. -->","yoast_head_json":{"title":"Particip\u00e1mos no evento organizado pelo IESE Real Estate - Merlin Properties Socimi, S.A. (PT)","robots":{"index":"index","follow":"follow","max-snippet":"max-snippet:-1","max-image-preview":"max-image-preview:large","max-video-preview":"max-video-preview:-1"},"canonical":"https:\/\/www.merlinproperties.com\/pt\/dia-a-dia\/participamos-no-evento-organizado-pelo-iese-real-estate\/","og_locale":"es_ES","og_type":"article","og_title":"Particip\u00e1mos no evento organizado pelo IESE Real Estate - Merlin Properties Socimi, S.A. (PT)","og_description":"Ismael Clemente, o nosso CEO, participou na mesa redonda \u00abRising interest rates: impact on debt and equity\u00bb, organizada pelo IESE Business School &#8211; University of Navarra Real Estate, onde debateu com Juan Jos\u00e9 Brugera &#8211; Va d&#8217;Empresa, Presidente da Colonial, Adolfo Favieres, Managing Diretor da BlackRock, C\u00e9sar L\u00f3pez Albero, Diretor de Real Estate Business do [&hellip;]","og_url":"https:\/\/www.merlinproperties.com\/pt\/dia-a-dia\/participamos-no-evento-organizado-pelo-iese-real-estate\/","og_site_name":"Merlin Properties Socimi, S.A. (PT)","article_published_time":"2024-01-31T11:47:51+00:00","article_modified_time":"2025-05-08T07:44:23+00:00","og_image":[{"width":1440,"height":810,"url":"https:\/\/www.merlinproperties.com\/pt\/wp-content\/uploads\/sites\/3\/2024\/01\/IESE-Horizontal-2-1440x810.png","type":"image\/png"}],"twitter_card":"summary_large_image","twitter_misc":{"Escrito por":"","Tiempo de lectura":"1 minuto"},"schema":{"@context":"https:\/\/schema.org","@graph":[{"@type":"Article","@id":"https:\/\/www.merlinproperties.com\/pt\/dia-a-dia\/participamos-no-evento-organizado-pelo-iese-real-estate\/#article","isPartOf":{"@id":"https:\/\/www.merlinproperties.com\/pt\/dia-a-dia\/participamos-no-evento-organizado-pelo-iese-real-estate\/"},"author":{"name":"","@id":""},"headline":"Particip\u00e1mos no evento organizado pelo IESE Real Estate","datePublished":"2024-01-31T11:47:51+00:00","dateModified":"2025-05-08T07:44:23+00:00","mainEntityOfPage":{"@id":"https:\/\/www.merlinproperties.com\/pt\/dia-a-dia\/participamos-no-evento-organizado-pelo-iese-real-estate\/"},"wordCount":134,"publisher":{"@id":"https:\/\/www.merlinproperties.com\/pt\/#organization"},"image":{"@id":"https:\/\/www.merlinproperties.com\/pt\/dia-a-dia\/participamos-no-evento-organizado-pelo-iese-real-estate\/#primaryimage"},"thumbnailUrl":"https:\/\/www.merlinproperties.com\/pt\/wp-content\/uploads\/sites\/3\/2024\/01\/IESE-Horizontal-2.png","articleSection":["Corporativo","D\u00eda a d\u00eda"],"inLanguage":"es"},{"@type":"WebPage","@id":"https:\/\/www.merlinproperties.com\/pt\/dia-a-dia\/participamos-no-evento-organizado-pelo-iese-real-estate\/","url":"https:\/\/www.merlinproperties.com\/pt\/dia-a-dia\/participamos-no-evento-organizado-pelo-iese-real-estate\/","name":"Particip\u00e1mos no evento organizado pelo IESE Real Estate - Merlin Properties Socimi, S.A. (PT)","isPartOf":{"@id":"https:\/\/www.merlinproperties.com\/pt\/#website"},"primaryImageOfPage":{"@id":"https:\/\/www.merlinproperties.com\/pt\/dia-a-dia\/participamos-no-evento-organizado-pelo-iese-real-estate\/#primaryimage"},"image":{"@id":"https:\/\/www.merlinproperties.com\/pt\/dia-a-dia\/participamos-no-evento-organizado-pelo-iese-real-estate\/#primaryimage"},"thumbnailUrl":"https:\/\/www.merlinproperties.com\/pt\/wp-content\/uploads\/sites\/3\/2024\/01\/IESE-Horizontal-2.png","datePublished":"2024-01-31T11:47:51+00:00","dateModified":"2025-05-08T07:44:23+00:00","inLanguage":"es","potentialAction":[{"@type":"ReadAction","target":["https:\/\/www.merlinproperties.com\/pt\/dia-a-dia\/participamos-no-evento-organizado-pelo-iese-real-estate\/"]}]},{"@type":"ImageObject","inLanguage":"es","@id":"https:\/\/www.merlinproperties.com\/pt\/dia-a-dia\/participamos-no-evento-organizado-pelo-iese-real-estate\/#primaryimage","url":"https:\/\/www.merlinproperties.com\/pt\/wp-content\/uploads\/sites\/3\/2024\/01\/IESE-Horizontal-2.png","contentUrl":"https:\/\/www.merlinproperties.com\/pt\/wp-content\/uploads\/sites\/3\/2024\/01\/IESE-Horizontal-2.png","width":1920,"height":1080},{"@type":"WebSite","@id":"https:\/\/www.merlinproperties.com\/pt\/#website","url":"https:\/\/www.merlinproperties.com\/pt\/","name":"Merlin Properties Socimi, S.A. (PT)","description":"Compa\u00f1\u00eda Inmobiliaria, cotizada, l\u00edder en el sector de activos terciarios en la Pen\u00ednsula Ib\u00e9rica.","publisher":{"@id":"https:\/\/www.merlinproperties.com\/pt\/#organization"},"potentialAction":[{"@type":"SearchAction","target":{"@type":"EntryPoint","urlTemplate":"https:\/\/www.merlinproperties.com\/pt\/?s={search_term_string}"},"query-input":{"@type":"PropertyValueSpecification","valueRequired":true,"valueName":"search_term_string"}}],"inLanguage":"es"},{"@type":"Organization","@id":"https:\/\/www.merlinproperties.com\/pt\/#organization","name":"Merlin Properties Socimi, S.A. (PT)","url":"https:\/\/www.merlinproperties.com\/pt\/","logo":{"@type":"ImageObject","inLanguage":"es","@id":"https:\/\/www.merlinproperties.com\/pt\/#\/schema\/logo\/image\/","url":"https:\/\/www.merlinproperties.com\/pt\/wp-content\/uploads\/sites\/3\/2023\/03\/Merlin-Logo-Horizontal-Negativo-scaled-3.png","contentUrl":"https:\/\/www.merlinproperties.com\/pt\/wp-content\/uploads\/sites\/3\/2023\/03\/Merlin-Logo-Horizontal-Negativo-scaled-3.png","width":600,"height":204,"caption":"Merlin Properties Socimi, S.A. (PT)"},"image":{"@id":"https:\/\/www.merlinproperties.com\/pt\/#\/schema\/logo\/image\/"}},{"@type":"Person","@id":"","url":"https:\/\/www.merlinproperties.com\/pt\/author\/"}]}},"_links":{"self":[{"href":"https:\/\/www.merlinproperties.com\/pt\/wp-json\/wp\/v2\/posts\/7326","targetHints":{"allow":["GET"]}}],"collection":[{"href":"https:\/\/www.merlinproperties.com\/pt\/wp-json\/wp\/v2\/posts"}],"about":[{"href":"https:\/\/www.merlinproperties.com\/pt\/wp-json\/wp\/v2\/types\/post"}],"author":[{"embeddable":true,"href":"https:\/\/www.merlinproperties.com\/pt\/wp-json\/wp\/v2\/users\/13"}],"replies":[{"embeddable":true,"href":"https:\/\/www.merlinproperties.com\/pt\/wp-json\/wp\/v2\/comments?post=7326"}],"version-history":[{"count":1,"href":"https:\/\/www.merlinproperties.com\/pt\/wp-json\/wp\/v2\/posts\/7326\/revisions"}],"predecessor-version":[{"id":8549,"href":"https:\/\/www.merlinproperties.com\/pt\/wp-json\/wp\/v2\/posts\/7326\/revisions\/8549"}],"wp:featuredmedia":[{"embeddable":true,"href":"https:\/\/www.merlinproperties.com\/pt\/wp-json\/wp\/v2\/media\/7328"}],"wp:attachment":[{"href":"https:\/\/www.merlinproperties.com\/pt\/wp-json\/wp\/v2\/media?parent=7326"}],"wp:term":[{"taxonomy":"category","embeddable":true,"href":"https:\/\/www.merlinproperties.com\/pt\/wp-json\/wp\/v2\/categories?post=7326"}],"curies":[{"name":"wp","href":"https:\/\/api.w.org\/{rel}","templated":true}]}}