{"id":7320,"date":"2024-01-29T19:12:14","date_gmt":"2024-01-29T19:12:14","guid":{"rendered":"https:\/\/www.merlinproperties.com\/pt\/?p=7320"},"modified":"2025-05-08T07:44:24","modified_gmt":"2025-05-08T07:44:24","slug":"participamos-na-iniciativa-theofficepropertytelescope-da-ey","status":"publish","type":"post","link":"https:\/\/www.merlinproperties.com\/pt\/dia-a-dia\/participamos-na-iniciativa-theofficepropertytelescope-da-ey\/","title":{"rendered":"Particip\u00e1mos na iniciativa #TheOfficePropertyTelescope da EY"},"content":{"rendered":"<p>\u00abO sector imobili\u00e1rio faz parte do sector terci\u00e1rio, que \u00e9 um coadjuvante dos sectores prim\u00e1rio e secund\u00e1rio, pelo que, como prestadores de servi\u00e7os que somos, estaremos t\u00e3o bem ou t\u00e3o mal como os nossos clientes, que s\u00e3o os principais motores do crescimento econ\u00f3mico\u00bb, afirmou o nosso CEO, Ismael Clemente, no debate #TheOfficePropertyTelescope organizado pela EY.<\/p>\n<p>Acompanhado por Carmina Ganyet, Chief Corporate Office da Colonial, e Javier Garc\u00eda-Mateo, MRICS, moderador e Partner da EY, discutiram as singularidades do mercado de escrit\u00f3rios em Espanha e Portugal, a sua situa\u00e7\u00e3o atual, tend\u00eancias e perspectivas.<\/p>\n<p>Obrigado \u00e0 EY pelo convite, foi um prazer participar mais um ano.<\/p>\n<p>#RealEstate #Sector Imobili\u00e1rio<\/p>\n","protected":false},"excerpt":{"rendered":"<p>\u00abO sector imobili\u00e1rio faz parte do sector terci\u00e1rio, que \u00e9 um coadjuvante dos sectores prim\u00e1rio e secund\u00e1rio, pelo que, como prestadores de servi\u00e7os que somos, estaremos t\u00e3o bem ou t\u00e3o mal como os nossos clientes, que s\u00e3o os principais motores do crescimento econ\u00f3mico\u00bb, afirmou o nosso CEO, Ismael Clemente, no debate #TheOfficePropertyTelescope organizado pela EY. [&hellip;]<\/p>\n","protected":false},"author":13,"featured_media":7322,"comment_status":"closed","ping_status":"open","sticky":false,"template":"","format":"standard","meta":{"footnotes":""},"categories":[90,41],"class_list":["post-7320","post","type-post","status-publish","format-standard","has-post-thumbnail","hentry","category-corporativo","category-dia-a-dia"],"acf":[],"yoast_head":"<!-- This site is optimized with the Yoast SEO plugin v26.5 - https:\/\/yoast.com\/wordpress\/plugins\/seo\/ -->\n<title>Particip\u00e1mos na iniciativa #TheOfficePropertyTelescope da EY - Merlin Properties Socimi, S.A. (PT)<\/title>\n<meta name=\"robots\" content=\"index, follow, max-snippet:-1, max-image-preview:large, max-video-preview:-1\" \/>\n<link rel=\"canonical\" href=\"https:\/\/www.merlinproperties.com\/pt\/dia-a-dia\/participamos-na-iniciativa-theofficepropertytelescope-da-ey\/\" \/>\n<meta property=\"og:locale\" content=\"es_ES\" \/>\n<meta property=\"og:type\" content=\"article\" \/>\n<meta property=\"og:title\" content=\"Particip\u00e1mos na iniciativa #TheOfficePropertyTelescope da EY - Merlin Properties Socimi, S.A. (PT)\" \/>\n<meta property=\"og:description\" content=\"\u00abO sector imobili\u00e1rio faz parte do sector terci\u00e1rio, que \u00e9 um coadjuvante dos sectores prim\u00e1rio e secund\u00e1rio, pelo que, como prestadores de servi\u00e7os que somos, estaremos t\u00e3o bem ou t\u00e3o mal como os nossos clientes, que s\u00e3o os principais motores do crescimento econ\u00f3mico\u00bb, afirmou o nosso CEO, Ismael Clemente, no debate #TheOfficePropertyTelescope organizado pela EY. [&hellip;]\" \/>\n<meta property=\"og:url\" content=\"https:\/\/www.merlinproperties.com\/pt\/dia-a-dia\/participamos-na-iniciativa-theofficepropertytelescope-da-ey\/\" \/>\n<meta property=\"og:site_name\" content=\"Merlin Properties Socimi, S.A. (PT)\" \/>\n<meta property=\"article:published_time\" content=\"2024-01-29T19:12:14+00:00\" \/>\n<meta property=\"article:modified_time\" content=\"2025-05-08T07:44:24+00:00\" \/>\n<meta property=\"og:image\" content=\"https:\/\/www.merlinproperties.com\/pt\/wp-content\/uploads\/sites\/3\/2024\/01\/ismael-y-carmina3-2-1440x684.png\" \/>\n\t<meta property=\"og:image:width\" content=\"1440\" \/>\n\t<meta property=\"og:image:height\" content=\"684\" \/>\n\t<meta property=\"og:image:type\" content=\"image\/png\" \/>\n<meta name=\"twitter:card\" content=\"summary_large_image\" \/>\n<meta name=\"twitter:label1\" content=\"Escrito por\" \/>\n\t<meta name=\"twitter:data1\" content=\"\" \/>\n\t<meta name=\"twitter:label2\" content=\"Tiempo de lectura\" \/>\n\t<meta name=\"twitter:data2\" content=\"1 minuto\" \/>\n<script type=\"application\/ld+json\" class=\"yoast-schema-graph\">{\"@context\":\"https:\/\/schema.org\",\"@graph\":[{\"@type\":\"Article\",\"@id\":\"https:\/\/www.merlinproperties.com\/pt\/dia-a-dia\/participamos-na-iniciativa-theofficepropertytelescope-da-ey\/#article\",\"isPartOf\":{\"@id\":\"https:\/\/www.merlinproperties.com\/pt\/dia-a-dia\/participamos-na-iniciativa-theofficepropertytelescope-da-ey\/\"},\"author\":{\"name\":\"\",\"@id\":\"\"},\"headline\":\"Particip\u00e1mos na iniciativa #TheOfficePropertyTelescope da EY\",\"datePublished\":\"2024-01-29T19:12:14+00:00\",\"dateModified\":\"2025-05-08T07:44:24+00:00\",\"mainEntityOfPage\":{\"@id\":\"https:\/\/www.merlinproperties.com\/pt\/dia-a-dia\/participamos-na-iniciativa-theofficepropertytelescope-da-ey\/\"},\"wordCount\":125,\"publisher\":{\"@id\":\"https:\/\/www.merlinproperties.com\/pt\/#organization\"},\"image\":{\"@id\":\"https:\/\/www.merlinproperties.com\/pt\/dia-a-dia\/participamos-na-iniciativa-theofficepropertytelescope-da-ey\/#primaryimage\"},\"thumbnailUrl\":\"https:\/\/www.merlinproperties.com\/pt\/wp-content\/uploads\/sites\/3\/2024\/01\/ismael-y-carmina3-2.png\",\"articleSection\":[\"Corporativo\",\"D\u00eda a d\u00eda\"],\"inLanguage\":\"es\"},{\"@type\":\"WebPage\",\"@id\":\"https:\/\/www.merlinproperties.com\/pt\/dia-a-dia\/participamos-na-iniciativa-theofficepropertytelescope-da-ey\/\",\"url\":\"https:\/\/www.merlinproperties.com\/pt\/dia-a-dia\/participamos-na-iniciativa-theofficepropertytelescope-da-ey\/\",\"name\":\"Particip\u00e1mos na iniciativa #TheOfficePropertyTelescope da EY - Merlin Properties Socimi, S.A. (PT)\",\"isPartOf\":{\"@id\":\"https:\/\/www.merlinproperties.com\/pt\/#website\"},\"primaryImageOfPage\":{\"@id\":\"https:\/\/www.merlinproperties.com\/pt\/dia-a-dia\/participamos-na-iniciativa-theofficepropertytelescope-da-ey\/#primaryimage\"},\"image\":{\"@id\":\"https:\/\/www.merlinproperties.com\/pt\/dia-a-dia\/participamos-na-iniciativa-theofficepropertytelescope-da-ey\/#primaryimage\"},\"thumbnailUrl\":\"https:\/\/www.merlinproperties.com\/pt\/wp-content\/uploads\/sites\/3\/2024\/01\/ismael-y-carmina3-2.png\",\"datePublished\":\"2024-01-29T19:12:14+00:00\",\"dateModified\":\"2025-05-08T07:44:24+00:00\",\"inLanguage\":\"es\",\"potentialAction\":[{\"@type\":\"ReadAction\",\"target\":[\"https:\/\/www.merlinproperties.com\/pt\/dia-a-dia\/participamos-na-iniciativa-theofficepropertytelescope-da-ey\/\"]}]},{\"@type\":\"ImageObject\",\"inLanguage\":\"es\",\"@id\":\"https:\/\/www.merlinproperties.com\/pt\/dia-a-dia\/participamos-na-iniciativa-theofficepropertytelescope-da-ey\/#primaryimage\",\"url\":\"https:\/\/www.merlinproperties.com\/pt\/wp-content\/uploads\/sites\/3\/2024\/01\/ismael-y-carmina3-2.png\",\"contentUrl\":\"https:\/\/www.merlinproperties.com\/pt\/wp-content\/uploads\/sites\/3\/2024\/01\/ismael-y-carmina3-2.png\",\"width\":2605,\"height\":1237},{\"@type\":\"WebSite\",\"@id\":\"https:\/\/www.merlinproperties.com\/pt\/#website\",\"url\":\"https:\/\/www.merlinproperties.com\/pt\/\",\"name\":\"Merlin Properties Socimi, S.A. (PT)\",\"description\":\"Compa\u00f1\u00eda Inmobiliaria, cotizada, l\u00edder en el sector de activos terciarios en la Pen\u00ednsula Ib\u00e9rica.\",\"publisher\":{\"@id\":\"https:\/\/www.merlinproperties.com\/pt\/#organization\"},\"potentialAction\":[{\"@type\":\"SearchAction\",\"target\":{\"@type\":\"EntryPoint\",\"urlTemplate\":\"https:\/\/www.merlinproperties.com\/pt\/?s={search_term_string}\"},\"query-input\":{\"@type\":\"PropertyValueSpecification\",\"valueRequired\":true,\"valueName\":\"search_term_string\"}}],\"inLanguage\":\"es\"},{\"@type\":\"Organization\",\"@id\":\"https:\/\/www.merlinproperties.com\/pt\/#organization\",\"name\":\"Merlin Properties Socimi, S.A. (PT)\",\"url\":\"https:\/\/www.merlinproperties.com\/pt\/\",\"logo\":{\"@type\":\"ImageObject\",\"inLanguage\":\"es\",\"@id\":\"https:\/\/www.merlinproperties.com\/pt\/#\/schema\/logo\/image\/\",\"url\":\"https:\/\/www.merlinproperties.com\/pt\/wp-content\/uploads\/sites\/3\/2023\/03\/Merlin-Logo-Horizontal-Negativo-scaled-3.png\",\"contentUrl\":\"https:\/\/www.merlinproperties.com\/pt\/wp-content\/uploads\/sites\/3\/2023\/03\/Merlin-Logo-Horizontal-Negativo-scaled-3.png\",\"width\":600,\"height\":204,\"caption\":\"Merlin Properties Socimi, S.A. (PT)\"},\"image\":{\"@id\":\"https:\/\/www.merlinproperties.com\/pt\/#\/schema\/logo\/image\/\"}},{\"@type\":\"Person\",\"@id\":\"\",\"url\":\"https:\/\/www.merlinproperties.com\/pt\/author\/\"}]}<\/script>\n<!-- \/ Yoast SEO plugin. -->","yoast_head_json":{"title":"Particip\u00e1mos na iniciativa #TheOfficePropertyTelescope da EY - Merlin Properties Socimi, S.A. (PT)","robots":{"index":"index","follow":"follow","max-snippet":"max-snippet:-1","max-image-preview":"max-image-preview:large","max-video-preview":"max-video-preview:-1"},"canonical":"https:\/\/www.merlinproperties.com\/pt\/dia-a-dia\/participamos-na-iniciativa-theofficepropertytelescope-da-ey\/","og_locale":"es_ES","og_type":"article","og_title":"Particip\u00e1mos na iniciativa #TheOfficePropertyTelescope da EY - Merlin Properties Socimi, S.A. (PT)","og_description":"\u00abO sector imobili\u00e1rio faz parte do sector terci\u00e1rio, que \u00e9 um coadjuvante dos sectores prim\u00e1rio e secund\u00e1rio, pelo que, como prestadores de servi\u00e7os que somos, estaremos t\u00e3o bem ou t\u00e3o mal como os nossos clientes, que s\u00e3o os principais motores do crescimento econ\u00f3mico\u00bb, afirmou o nosso CEO, Ismael Clemente, no debate #TheOfficePropertyTelescope organizado pela EY. [&hellip;]","og_url":"https:\/\/www.merlinproperties.com\/pt\/dia-a-dia\/participamos-na-iniciativa-theofficepropertytelescope-da-ey\/","og_site_name":"Merlin Properties Socimi, S.A. (PT)","article_published_time":"2024-01-29T19:12:14+00:00","article_modified_time":"2025-05-08T07:44:24+00:00","og_image":[{"width":1440,"height":684,"url":"https:\/\/www.merlinproperties.com\/pt\/wp-content\/uploads\/sites\/3\/2024\/01\/ismael-y-carmina3-2-1440x684.png","type":"image\/png"}],"twitter_card":"summary_large_image","twitter_misc":{"Escrito por":"","Tiempo de lectura":"1 minuto"},"schema":{"@context":"https:\/\/schema.org","@graph":[{"@type":"Article","@id":"https:\/\/www.merlinproperties.com\/pt\/dia-a-dia\/participamos-na-iniciativa-theofficepropertytelescope-da-ey\/#article","isPartOf":{"@id":"https:\/\/www.merlinproperties.com\/pt\/dia-a-dia\/participamos-na-iniciativa-theofficepropertytelescope-da-ey\/"},"author":{"name":"","@id":""},"headline":"Particip\u00e1mos na iniciativa #TheOfficePropertyTelescope da EY","datePublished":"2024-01-29T19:12:14+00:00","dateModified":"2025-05-08T07:44:24+00:00","mainEntityOfPage":{"@id":"https:\/\/www.merlinproperties.com\/pt\/dia-a-dia\/participamos-na-iniciativa-theofficepropertytelescope-da-ey\/"},"wordCount":125,"publisher":{"@id":"https:\/\/www.merlinproperties.com\/pt\/#organization"},"image":{"@id":"https:\/\/www.merlinproperties.com\/pt\/dia-a-dia\/participamos-na-iniciativa-theofficepropertytelescope-da-ey\/#primaryimage"},"thumbnailUrl":"https:\/\/www.merlinproperties.com\/pt\/wp-content\/uploads\/sites\/3\/2024\/01\/ismael-y-carmina3-2.png","articleSection":["Corporativo","D\u00eda a d\u00eda"],"inLanguage":"es"},{"@type":"WebPage","@id":"https:\/\/www.merlinproperties.com\/pt\/dia-a-dia\/participamos-na-iniciativa-theofficepropertytelescope-da-ey\/","url":"https:\/\/www.merlinproperties.com\/pt\/dia-a-dia\/participamos-na-iniciativa-theofficepropertytelescope-da-ey\/","name":"Particip\u00e1mos na iniciativa #TheOfficePropertyTelescope da EY - Merlin Properties Socimi, S.A. (PT)","isPartOf":{"@id":"https:\/\/www.merlinproperties.com\/pt\/#website"},"primaryImageOfPage":{"@id":"https:\/\/www.merlinproperties.com\/pt\/dia-a-dia\/participamos-na-iniciativa-theofficepropertytelescope-da-ey\/#primaryimage"},"image":{"@id":"https:\/\/www.merlinproperties.com\/pt\/dia-a-dia\/participamos-na-iniciativa-theofficepropertytelescope-da-ey\/#primaryimage"},"thumbnailUrl":"https:\/\/www.merlinproperties.com\/pt\/wp-content\/uploads\/sites\/3\/2024\/01\/ismael-y-carmina3-2.png","datePublished":"2024-01-29T19:12:14+00:00","dateModified":"2025-05-08T07:44:24+00:00","inLanguage":"es","potentialAction":[{"@type":"ReadAction","target":["https:\/\/www.merlinproperties.com\/pt\/dia-a-dia\/participamos-na-iniciativa-theofficepropertytelescope-da-ey\/"]}]},{"@type":"ImageObject","inLanguage":"es","@id":"https:\/\/www.merlinproperties.com\/pt\/dia-a-dia\/participamos-na-iniciativa-theofficepropertytelescope-da-ey\/#primaryimage","url":"https:\/\/www.merlinproperties.com\/pt\/wp-content\/uploads\/sites\/3\/2024\/01\/ismael-y-carmina3-2.png","contentUrl":"https:\/\/www.merlinproperties.com\/pt\/wp-content\/uploads\/sites\/3\/2024\/01\/ismael-y-carmina3-2.png","width":2605,"height":1237},{"@type":"WebSite","@id":"https:\/\/www.merlinproperties.com\/pt\/#website","url":"https:\/\/www.merlinproperties.com\/pt\/","name":"Merlin Properties Socimi, S.A. (PT)","description":"Compa\u00f1\u00eda Inmobiliaria, cotizada, l\u00edder en el sector de activos terciarios en la Pen\u00ednsula Ib\u00e9rica.","publisher":{"@id":"https:\/\/www.merlinproperties.com\/pt\/#organization"},"potentialAction":[{"@type":"SearchAction","target":{"@type":"EntryPoint","urlTemplate":"https:\/\/www.merlinproperties.com\/pt\/?s={search_term_string}"},"query-input":{"@type":"PropertyValueSpecification","valueRequired":true,"valueName":"search_term_string"}}],"inLanguage":"es"},{"@type":"Organization","@id":"https:\/\/www.merlinproperties.com\/pt\/#organization","name":"Merlin Properties Socimi, S.A. (PT)","url":"https:\/\/www.merlinproperties.com\/pt\/","logo":{"@type":"ImageObject","inLanguage":"es","@id":"https:\/\/www.merlinproperties.com\/pt\/#\/schema\/logo\/image\/","url":"https:\/\/www.merlinproperties.com\/pt\/wp-content\/uploads\/sites\/3\/2023\/03\/Merlin-Logo-Horizontal-Negativo-scaled-3.png","contentUrl":"https:\/\/www.merlinproperties.com\/pt\/wp-content\/uploads\/sites\/3\/2023\/03\/Merlin-Logo-Horizontal-Negativo-scaled-3.png","width":600,"height":204,"caption":"Merlin Properties Socimi, S.A. (PT)"},"image":{"@id":"https:\/\/www.merlinproperties.com\/pt\/#\/schema\/logo\/image\/"}},{"@type":"Person","@id":"","url":"https:\/\/www.merlinproperties.com\/pt\/author\/"}]}},"_links":{"self":[{"href":"https:\/\/www.merlinproperties.com\/pt\/wp-json\/wp\/v2\/posts\/7320","targetHints":{"allow":["GET"]}}],"collection":[{"href":"https:\/\/www.merlinproperties.com\/pt\/wp-json\/wp\/v2\/posts"}],"about":[{"href":"https:\/\/www.merlinproperties.com\/pt\/wp-json\/wp\/v2\/types\/post"}],"author":[{"embeddable":true,"href":"https:\/\/www.merlinproperties.com\/pt\/wp-json\/wp\/v2\/users\/13"}],"replies":[{"embeddable":true,"href":"https:\/\/www.merlinproperties.com\/pt\/wp-json\/wp\/v2\/comments?post=7320"}],"version-history":[{"count":1,"href":"https:\/\/www.merlinproperties.com\/pt\/wp-json\/wp\/v2\/posts\/7320\/revisions"}],"predecessor-version":[{"id":8550,"href":"https:\/\/www.merlinproperties.com\/pt\/wp-json\/wp\/v2\/posts\/7320\/revisions\/8550"}],"wp:featuredmedia":[{"embeddable":true,"href":"https:\/\/www.merlinproperties.com\/pt\/wp-json\/wp\/v2\/media\/7322"}],"wp:attachment":[{"href":"https:\/\/www.merlinproperties.com\/pt\/wp-json\/wp\/v2\/media?parent=7320"}],"wp:term":[{"taxonomy":"category","embeddable":true,"href":"https:\/\/www.merlinproperties.com\/pt\/wp-json\/wp\/v2\/categories?post=7320"}],"curies":[{"name":"wp","href":"https:\/\/api.w.org\/{rel}","templated":true}]}}