{"id":7235,"date":"2023-11-30T10:12:18","date_gmt":"2023-11-30T10:12:18","guid":{"rendered":"https:\/\/www.merlinproperties.com\/pt\/?p=7235"},"modified":"2025-05-08T07:45:08","modified_gmt":"2025-05-08T07:45:08","slug":"ismael-clemente-participou-no-10o-forum-imobiliario","status":"publish","type":"post","link":"https:\/\/www.merlinproperties.com\/pt\/sin-categoria\/ismael-clemente-participou-no-10o-forum-imobiliario\/","title":{"rendered":"Ismael Clemente participou no 10\u00ba F\u00f3rum Imobili\u00e1rio"},"content":{"rendered":"<p>Ismael Clemente, CEO da MERLIN Properties, participou no 10\u00ba F\u00f3rum Imobili\u00e1rio \u201cO impacto intersetorial do Imobili\u00e1rio: criando espa\u00e7os transformadores na cidade do s\u00e9culo XXI\u201d, organizado pela IE Business School.<\/p>\n<p>Na mesa redonda, \u201cInvestimento imobili\u00e1rio\u201d, debateu a situa\u00e7\u00e3o econ\u00f3mica e como esta afecta o imobili\u00e1rio, juntamente com:<\/p>\n<p>Cristina Garcia-Peri S\u00f3cia S\u00e9nior da Azora<br \/>\nMANUEL ROMERA ROBLES Diretor do Setor Financeiro da IE Business School<br \/>\nGema Alfaro Sim\u00f3n Moderadora e S\u00f3cia Associada do ALFARO-MANRIQUE Atelier<\/p>\n<p>#Imobili\u00e1ria<\/p>\n","protected":false},"excerpt":{"rendered":"<p>Ismael Clemente, CEO da MERLIN Properties, participou no 10\u00ba F\u00f3rum Imobili\u00e1rio \u201cO impacto intersetorial do Imobili\u00e1rio: criando espa\u00e7os transformadores na cidade do s\u00e9culo XXI\u201d, organizado pela IE Business School. Na mesa redonda, \u201cInvestimento imobili\u00e1rio\u201d, debateu a situa\u00e7\u00e3o econ\u00f3mica e como esta afecta o imobili\u00e1rio, juntamente com: Cristina Garcia-Peri S\u00f3cia S\u00e9nior da Azora MANUEL ROMERA ROBLES [&hellip;]<\/p>\n","protected":false},"author":13,"featured_media":7237,"comment_status":"closed","ping_status":"open","sticky":false,"template":"","format":"standard","meta":{"footnotes":""},"categories":[90,41,1],"class_list":["post-7235","post","type-post","status-publish","format-standard","has-post-thumbnail","hentry","category-corporativo","category-dia-a-dia","category-sin-categoria"],"acf":[],"yoast_head":"<!-- This site is optimized with the Yoast SEO plugin v26.5 - https:\/\/yoast.com\/wordpress\/plugins\/seo\/ -->\n<title>Ismael Clemente participou no 10\u00ba F\u00f3rum Imobili\u00e1rio - Merlin Properties Socimi, S.A. (PT)<\/title>\n<meta name=\"robots\" content=\"index, follow, max-snippet:-1, max-image-preview:large, max-video-preview:-1\" \/>\n<link rel=\"canonical\" href=\"https:\/\/www.merlinproperties.com\/pt\/sin-categoria\/ismael-clemente-participou-no-10o-forum-imobiliario\/\" \/>\n<meta property=\"og:locale\" content=\"es_ES\" \/>\n<meta property=\"og:type\" content=\"article\" \/>\n<meta property=\"og:title\" content=\"Ismael Clemente participou no 10\u00ba F\u00f3rum Imobili\u00e1rio - Merlin Properties Socimi, S.A. (PT)\" \/>\n<meta property=\"og:description\" content=\"Ismael Clemente, CEO da MERLIN Properties, participou no 10\u00ba F\u00f3rum Imobili\u00e1rio \u201cO impacto intersetorial do Imobili\u00e1rio: criando espa\u00e7os transformadores na cidade do s\u00e9culo XXI\u201d, organizado pela IE Business School. Na mesa redonda, \u201cInvestimento imobili\u00e1rio\u201d, debateu a situa\u00e7\u00e3o econ\u00f3mica e como esta afecta o imobili\u00e1rio, juntamente com: Cristina Garcia-Peri S\u00f3cia S\u00e9nior da Azora MANUEL ROMERA ROBLES [&hellip;]\" \/>\n<meta property=\"og:url\" content=\"https:\/\/www.merlinproperties.com\/pt\/sin-categoria\/ismael-clemente-participou-no-10o-forum-imobiliario\/\" \/>\n<meta property=\"og:site_name\" content=\"Merlin Properties Socimi, S.A. (PT)\" \/>\n<meta property=\"article:published_time\" content=\"2023-11-30T10:12:18+00:00\" \/>\n<meta property=\"article:modified_time\" content=\"2025-05-08T07:45:08+00:00\" \/>\n<meta property=\"og:image\" content=\"https:\/\/www.merlinproperties.com\/pt\/wp-content\/uploads\/sites\/3\/2023\/12\/foro-ismael-clemente-hor-2.png\" \/>\n\t<meta property=\"og:image:width\" content=\"1200\" \/>\n\t<meta property=\"og:image:height\" content=\"800\" \/>\n\t<meta property=\"og:image:type\" content=\"image\/png\" \/>\n<meta name=\"twitter:card\" content=\"summary_large_image\" \/>\n<meta name=\"twitter:label1\" content=\"Escrito por\" \/>\n\t<meta name=\"twitter:data1\" content=\"\" \/>\n\t<meta name=\"twitter:label2\" content=\"Tiempo de lectura\" \/>\n\t<meta name=\"twitter:data2\" content=\"1 minuto\" \/>\n<script type=\"application\/ld+json\" class=\"yoast-schema-graph\">{\"@context\":\"https:\/\/schema.org\",\"@graph\":[{\"@type\":\"Article\",\"@id\":\"https:\/\/www.merlinproperties.com\/pt\/sin-categoria\/ismael-clemente-participou-no-10o-forum-imobiliario\/#article\",\"isPartOf\":{\"@id\":\"https:\/\/www.merlinproperties.com\/pt\/sin-categoria\/ismael-clemente-participou-no-10o-forum-imobiliario\/\"},\"author\":{\"name\":\"\",\"@id\":\"\"},\"headline\":\"Ismael Clemente participou no 10\u00ba F\u00f3rum Imobili\u00e1rio\",\"datePublished\":\"2023-11-30T10:12:18+00:00\",\"dateModified\":\"2025-05-08T07:45:08+00:00\",\"mainEntityOfPage\":{\"@id\":\"https:\/\/www.merlinproperties.com\/pt\/sin-categoria\/ismael-clemente-participou-no-10o-forum-imobiliario\/\"},\"wordCount\":95,\"publisher\":{\"@id\":\"https:\/\/www.merlinproperties.com\/pt\/#organization\"},\"image\":{\"@id\":\"https:\/\/www.merlinproperties.com\/pt\/sin-categoria\/ismael-clemente-participou-no-10o-forum-imobiliario\/#primaryimage\"},\"thumbnailUrl\":\"https:\/\/www.merlinproperties.com\/pt\/wp-content\/uploads\/sites\/3\/2023\/12\/foro-ismael-clemente-hor-2.png\",\"articleSection\":[\"Corporativo\",\"D\u00eda a d\u00eda\"],\"inLanguage\":\"es\"},{\"@type\":\"WebPage\",\"@id\":\"https:\/\/www.merlinproperties.com\/pt\/sin-categoria\/ismael-clemente-participou-no-10o-forum-imobiliario\/\",\"url\":\"https:\/\/www.merlinproperties.com\/pt\/sin-categoria\/ismael-clemente-participou-no-10o-forum-imobiliario\/\",\"name\":\"Ismael Clemente participou no 10\u00ba F\u00f3rum Imobili\u00e1rio - Merlin Properties Socimi, S.A. (PT)\",\"isPartOf\":{\"@id\":\"https:\/\/www.merlinproperties.com\/pt\/#website\"},\"primaryImageOfPage\":{\"@id\":\"https:\/\/www.merlinproperties.com\/pt\/sin-categoria\/ismael-clemente-participou-no-10o-forum-imobiliario\/#primaryimage\"},\"image\":{\"@id\":\"https:\/\/www.merlinproperties.com\/pt\/sin-categoria\/ismael-clemente-participou-no-10o-forum-imobiliario\/#primaryimage\"},\"thumbnailUrl\":\"https:\/\/www.merlinproperties.com\/pt\/wp-content\/uploads\/sites\/3\/2023\/12\/foro-ismael-clemente-hor-2.png\",\"datePublished\":\"2023-11-30T10:12:18+00:00\",\"dateModified\":\"2025-05-08T07:45:08+00:00\",\"inLanguage\":\"es\",\"potentialAction\":[{\"@type\":\"ReadAction\",\"target\":[\"https:\/\/www.merlinproperties.com\/pt\/sin-categoria\/ismael-clemente-participou-no-10o-forum-imobiliario\/\"]}]},{\"@type\":\"ImageObject\",\"inLanguage\":\"es\",\"@id\":\"https:\/\/www.merlinproperties.com\/pt\/sin-categoria\/ismael-clemente-participou-no-10o-forum-imobiliario\/#primaryimage\",\"url\":\"https:\/\/www.merlinproperties.com\/pt\/wp-content\/uploads\/sites\/3\/2023\/12\/foro-ismael-clemente-hor-2.png\",\"contentUrl\":\"https:\/\/www.merlinproperties.com\/pt\/wp-content\/uploads\/sites\/3\/2023\/12\/foro-ismael-clemente-hor-2.png\",\"width\":1200,\"height\":800},{\"@type\":\"WebSite\",\"@id\":\"https:\/\/www.merlinproperties.com\/pt\/#website\",\"url\":\"https:\/\/www.merlinproperties.com\/pt\/\",\"name\":\"Merlin Properties Socimi, S.A. (PT)\",\"description\":\"Compa\u00f1\u00eda Inmobiliaria, cotizada, l\u00edder en el sector de activos terciarios en la Pen\u00ednsula Ib\u00e9rica.\",\"publisher\":{\"@id\":\"https:\/\/www.merlinproperties.com\/pt\/#organization\"},\"potentialAction\":[{\"@type\":\"SearchAction\",\"target\":{\"@type\":\"EntryPoint\",\"urlTemplate\":\"https:\/\/www.merlinproperties.com\/pt\/?s={search_term_string}\"},\"query-input\":{\"@type\":\"PropertyValueSpecification\",\"valueRequired\":true,\"valueName\":\"search_term_string\"}}],\"inLanguage\":\"es\"},{\"@type\":\"Organization\",\"@id\":\"https:\/\/www.merlinproperties.com\/pt\/#organization\",\"name\":\"Merlin Properties Socimi, S.A. (PT)\",\"url\":\"https:\/\/www.merlinproperties.com\/pt\/\",\"logo\":{\"@type\":\"ImageObject\",\"inLanguage\":\"es\",\"@id\":\"https:\/\/www.merlinproperties.com\/pt\/#\/schema\/logo\/image\/\",\"url\":\"https:\/\/www.merlinproperties.com\/pt\/wp-content\/uploads\/sites\/3\/2023\/03\/Merlin-Logo-Horizontal-Negativo-scaled-3.png\",\"contentUrl\":\"https:\/\/www.merlinproperties.com\/pt\/wp-content\/uploads\/sites\/3\/2023\/03\/Merlin-Logo-Horizontal-Negativo-scaled-3.png\",\"width\":600,\"height\":204,\"caption\":\"Merlin Properties Socimi, S.A. (PT)\"},\"image\":{\"@id\":\"https:\/\/www.merlinproperties.com\/pt\/#\/schema\/logo\/image\/\"}},{\"@type\":\"Person\",\"@id\":\"\",\"url\":\"https:\/\/www.merlinproperties.com\/pt\/author\/\"}]}<\/script>\n<!-- \/ Yoast SEO plugin. -->","yoast_head_json":{"title":"Ismael Clemente participou no 10\u00ba F\u00f3rum Imobili\u00e1rio - Merlin Properties Socimi, S.A. (PT)","robots":{"index":"index","follow":"follow","max-snippet":"max-snippet:-1","max-image-preview":"max-image-preview:large","max-video-preview":"max-video-preview:-1"},"canonical":"https:\/\/www.merlinproperties.com\/pt\/sin-categoria\/ismael-clemente-participou-no-10o-forum-imobiliario\/","og_locale":"es_ES","og_type":"article","og_title":"Ismael Clemente participou no 10\u00ba F\u00f3rum Imobili\u00e1rio - Merlin Properties Socimi, S.A. (PT)","og_description":"Ismael Clemente, CEO da MERLIN Properties, participou no 10\u00ba F\u00f3rum Imobili\u00e1rio \u201cO impacto intersetorial do Imobili\u00e1rio: criando espa\u00e7os transformadores na cidade do s\u00e9culo XXI\u201d, organizado pela IE Business School. Na mesa redonda, \u201cInvestimento imobili\u00e1rio\u201d, debateu a situa\u00e7\u00e3o econ\u00f3mica e como esta afecta o imobili\u00e1rio, juntamente com: Cristina Garcia-Peri S\u00f3cia S\u00e9nior da Azora MANUEL ROMERA ROBLES [&hellip;]","og_url":"https:\/\/www.merlinproperties.com\/pt\/sin-categoria\/ismael-clemente-participou-no-10o-forum-imobiliario\/","og_site_name":"Merlin Properties Socimi, S.A. (PT)","article_published_time":"2023-11-30T10:12:18+00:00","article_modified_time":"2025-05-08T07:45:08+00:00","og_image":[{"width":1200,"height":800,"url":"https:\/\/www.merlinproperties.com\/pt\/wp-content\/uploads\/sites\/3\/2023\/12\/foro-ismael-clemente-hor-2.png","type":"image\/png"}],"twitter_card":"summary_large_image","twitter_misc":{"Escrito por":"","Tiempo de lectura":"1 minuto"},"schema":{"@context":"https:\/\/schema.org","@graph":[{"@type":"Article","@id":"https:\/\/www.merlinproperties.com\/pt\/sin-categoria\/ismael-clemente-participou-no-10o-forum-imobiliario\/#article","isPartOf":{"@id":"https:\/\/www.merlinproperties.com\/pt\/sin-categoria\/ismael-clemente-participou-no-10o-forum-imobiliario\/"},"author":{"name":"","@id":""},"headline":"Ismael Clemente participou no 10\u00ba F\u00f3rum Imobili\u00e1rio","datePublished":"2023-11-30T10:12:18+00:00","dateModified":"2025-05-08T07:45:08+00:00","mainEntityOfPage":{"@id":"https:\/\/www.merlinproperties.com\/pt\/sin-categoria\/ismael-clemente-participou-no-10o-forum-imobiliario\/"},"wordCount":95,"publisher":{"@id":"https:\/\/www.merlinproperties.com\/pt\/#organization"},"image":{"@id":"https:\/\/www.merlinproperties.com\/pt\/sin-categoria\/ismael-clemente-participou-no-10o-forum-imobiliario\/#primaryimage"},"thumbnailUrl":"https:\/\/www.merlinproperties.com\/pt\/wp-content\/uploads\/sites\/3\/2023\/12\/foro-ismael-clemente-hor-2.png","articleSection":["Corporativo","D\u00eda a d\u00eda"],"inLanguage":"es"},{"@type":"WebPage","@id":"https:\/\/www.merlinproperties.com\/pt\/sin-categoria\/ismael-clemente-participou-no-10o-forum-imobiliario\/","url":"https:\/\/www.merlinproperties.com\/pt\/sin-categoria\/ismael-clemente-participou-no-10o-forum-imobiliario\/","name":"Ismael Clemente participou no 10\u00ba F\u00f3rum Imobili\u00e1rio - Merlin Properties Socimi, S.A. (PT)","isPartOf":{"@id":"https:\/\/www.merlinproperties.com\/pt\/#website"},"primaryImageOfPage":{"@id":"https:\/\/www.merlinproperties.com\/pt\/sin-categoria\/ismael-clemente-participou-no-10o-forum-imobiliario\/#primaryimage"},"image":{"@id":"https:\/\/www.merlinproperties.com\/pt\/sin-categoria\/ismael-clemente-participou-no-10o-forum-imobiliario\/#primaryimage"},"thumbnailUrl":"https:\/\/www.merlinproperties.com\/pt\/wp-content\/uploads\/sites\/3\/2023\/12\/foro-ismael-clemente-hor-2.png","datePublished":"2023-11-30T10:12:18+00:00","dateModified":"2025-05-08T07:45:08+00:00","inLanguage":"es","potentialAction":[{"@type":"ReadAction","target":["https:\/\/www.merlinproperties.com\/pt\/sin-categoria\/ismael-clemente-participou-no-10o-forum-imobiliario\/"]}]},{"@type":"ImageObject","inLanguage":"es","@id":"https:\/\/www.merlinproperties.com\/pt\/sin-categoria\/ismael-clemente-participou-no-10o-forum-imobiliario\/#primaryimage","url":"https:\/\/www.merlinproperties.com\/pt\/wp-content\/uploads\/sites\/3\/2023\/12\/foro-ismael-clemente-hor-2.png","contentUrl":"https:\/\/www.merlinproperties.com\/pt\/wp-content\/uploads\/sites\/3\/2023\/12\/foro-ismael-clemente-hor-2.png","width":1200,"height":800},{"@type":"WebSite","@id":"https:\/\/www.merlinproperties.com\/pt\/#website","url":"https:\/\/www.merlinproperties.com\/pt\/","name":"Merlin Properties Socimi, S.A. (PT)","description":"Compa\u00f1\u00eda Inmobiliaria, cotizada, l\u00edder en el sector de activos terciarios en la Pen\u00ednsula Ib\u00e9rica.","publisher":{"@id":"https:\/\/www.merlinproperties.com\/pt\/#organization"},"potentialAction":[{"@type":"SearchAction","target":{"@type":"EntryPoint","urlTemplate":"https:\/\/www.merlinproperties.com\/pt\/?s={search_term_string}"},"query-input":{"@type":"PropertyValueSpecification","valueRequired":true,"valueName":"search_term_string"}}],"inLanguage":"es"},{"@type":"Organization","@id":"https:\/\/www.merlinproperties.com\/pt\/#organization","name":"Merlin Properties Socimi, S.A. (PT)","url":"https:\/\/www.merlinproperties.com\/pt\/","logo":{"@type":"ImageObject","inLanguage":"es","@id":"https:\/\/www.merlinproperties.com\/pt\/#\/schema\/logo\/image\/","url":"https:\/\/www.merlinproperties.com\/pt\/wp-content\/uploads\/sites\/3\/2023\/03\/Merlin-Logo-Horizontal-Negativo-scaled-3.png","contentUrl":"https:\/\/www.merlinproperties.com\/pt\/wp-content\/uploads\/sites\/3\/2023\/03\/Merlin-Logo-Horizontal-Negativo-scaled-3.png","width":600,"height":204,"caption":"Merlin Properties Socimi, S.A. (PT)"},"image":{"@id":"https:\/\/www.merlinproperties.com\/pt\/#\/schema\/logo\/image\/"}},{"@type":"Person","@id":"","url":"https:\/\/www.merlinproperties.com\/pt\/author\/"}]}},"_links":{"self":[{"href":"https:\/\/www.merlinproperties.com\/pt\/wp-json\/wp\/v2\/posts\/7235","targetHints":{"allow":["GET"]}}],"collection":[{"href":"https:\/\/www.merlinproperties.com\/pt\/wp-json\/wp\/v2\/posts"}],"about":[{"href":"https:\/\/www.merlinproperties.com\/pt\/wp-json\/wp\/v2\/types\/post"}],"author":[{"embeddable":true,"href":"https:\/\/www.merlinproperties.com\/pt\/wp-json\/wp\/v2\/users\/13"}],"replies":[{"embeddable":true,"href":"https:\/\/www.merlinproperties.com\/pt\/wp-json\/wp\/v2\/comments?post=7235"}],"version-history":[{"count":1,"href":"https:\/\/www.merlinproperties.com\/pt\/wp-json\/wp\/v2\/posts\/7235\/revisions"}],"predecessor-version":[{"id":8558,"href":"https:\/\/www.merlinproperties.com\/pt\/wp-json\/wp\/v2\/posts\/7235\/revisions\/8558"}],"wp:featuredmedia":[{"embeddable":true,"href":"https:\/\/www.merlinproperties.com\/pt\/wp-json\/wp\/v2\/media\/7237"}],"wp:attachment":[{"href":"https:\/\/www.merlinproperties.com\/pt\/wp-json\/wp\/v2\/media?parent=7235"}],"wp:term":[{"taxonomy":"category","embeddable":true,"href":"https:\/\/www.merlinproperties.com\/pt\/wp-json\/wp\/v2\/categories?post=7235"}],"curies":[{"name":"wp","href":"https:\/\/api.w.org\/{rel}","templated":true}]}}