{"id":7142,"date":"2023-09-20T09:13:51","date_gmt":"2023-09-20T09:13:51","guid":{"rendered":"https:\/\/www.merlinproperties.com\/pt\/?p=7142"},"modified":"2025-05-08T07:45:22","modified_gmt":"2025-05-08T07:45:22","slug":"celebramos-a-semana-europeia-da-mobilidade","status":"publish","type":"post","link":"https:\/\/www.merlinproperties.com\/pt\/dia-a-dia\/celebramos-a-semana-europeia-da-mobilidade\/","title":{"rendered":"Celebramos a Semana Europeia da Mobilidade"},"content":{"rendered":"<p>No Merlin Hub oferecemos servi\u00e7os de mobilidade aos nossos clientes como shuttles, incentivos aos colaboradores que optem por op\u00e7\u00f5es sustent\u00e1veis \u200b\u200bou promo\u00e7\u00e3o de carpooling, entre outros.<\/p>\n<p>Gra\u00e7as aos programas de mobilidade que desenvolvemos entre maio de 2022 e maio de 2023, conseguimos:<\/p>\n<p>&#8211; Reduzir o tr\u00e1fego em +64.000 viagens de carro<br \/>\n&#8211; Transportar quase 87.000 passageiros<br \/>\n&#8211; Economize 75.000 kg em emiss\u00f5es de CO2<\/p>\n<p>Al\u00e9m disso, em colabora\u00e7\u00e3o com a C\u00e2mara Municipal de Madrid e o Cons\u00f3rcio de Transportes, estamos a criar uma nova faixa de autocarros na A-1 de quase 1 km para transportes p\u00fablicos e discricion\u00e1rios, de onde sair\u00e3o mais de 50.000 trabalhadores da zona norte de Madrid. ser\u00e1 beneficiado.<\/p>\n<p>&nbsp;<\/p>\n<p><img loading=\"lazy\" decoding=\"async\" class=\"size-medium wp-image-7143 aligncenter\" src=\"https:\/\/www.merlinproperties.com\/pt\/wp-content\/uploads\/sites\/3\/2023\/09\/180923_Programasmovilidad-3-630x630.jpg\" alt=\"\" width=\"630\" height=\"630\" srcset=\"https:\/\/www.merlinproperties.com\/pt\/wp-content\/uploads\/sites\/3\/2023\/09\/180923_Programasmovilidad-3-630x630.jpg 630w, https:\/\/www.merlinproperties.com\/pt\/wp-content\/uploads\/sites\/3\/2023\/09\/180923_Programasmovilidad-3-450x450.jpg 450w, https:\/\/www.merlinproperties.com\/pt\/wp-content\/uploads\/sites\/3\/2023\/09\/180923_Programasmovilidad-3-768x768.jpg 768w, https:\/\/www.merlinproperties.com\/pt\/wp-content\/uploads\/sites\/3\/2023\/09\/180923_Programasmovilidad-3.jpg 1080w\" sizes=\"auto, (max-width: 630px) 100vw, 630px\" \/><\/p>\n","protected":false},"excerpt":{"rendered":"<p>No Merlin Hub oferecemos servi\u00e7os de mobilidade aos nossos clientes como shuttles, incentivos aos colaboradores que optem por op\u00e7\u00f5es sustent\u00e1veis \u200b\u200bou promo\u00e7\u00e3o de carpooling, entre outros. Gra\u00e7as aos programas de mobilidade que desenvolvemos entre maio de 2022 e maio de 2023, conseguimos: &#8211; Reduzir o tr\u00e1fego em +64.000 viagens de carro &#8211; Transportar quase 87.000 [&hellip;]<\/p>\n","protected":false},"author":13,"featured_media":7145,"comment_status":"closed","ping_status":"open","sticky":false,"template":"","format":"standard","meta":{"footnotes":""},"categories":[90,41,77],"class_list":["post-7142","post","type-post","status-publish","format-standard","has-post-thumbnail","hentry","category-corporativo","category-dia-a-dia","category-sostenibilidad"],"acf":[],"yoast_head":"<!-- This site is optimized with the Yoast SEO plugin v26.5 - https:\/\/yoast.com\/wordpress\/plugins\/seo\/ -->\n<title>Celebramos a Semana Europeia da Mobilidade - Merlin Properties Socimi, S.A. (PT)<\/title>\n<meta name=\"robots\" content=\"index, follow, max-snippet:-1, max-image-preview:large, max-video-preview:-1\" \/>\n<link rel=\"canonical\" href=\"https:\/\/www.merlinproperties.com\/pt\/dia-a-dia\/celebramos-a-semana-europeia-da-mobilidade\/\" \/>\n<meta property=\"og:locale\" content=\"es_ES\" \/>\n<meta property=\"og:type\" content=\"article\" \/>\n<meta property=\"og:title\" content=\"Celebramos a Semana Europeia da Mobilidade - Merlin Properties Socimi, S.A. (PT)\" \/>\n<meta property=\"og:description\" content=\"No Merlin Hub oferecemos servi\u00e7os de mobilidade aos nossos clientes como shuttles, incentivos aos colaboradores que optem por op\u00e7\u00f5es sustent\u00e1veis \u200b\u200bou promo\u00e7\u00e3o de carpooling, entre outros. Gra\u00e7as aos programas de mobilidade que desenvolvemos entre maio de 2022 e maio de 2023, conseguimos: &#8211; Reduzir o tr\u00e1fego em +64.000 viagens de carro &#8211; Transportar quase 87.000 [&hellip;]\" \/>\n<meta property=\"og:url\" content=\"https:\/\/www.merlinproperties.com\/pt\/dia-a-dia\/celebramos-a-semana-europeia-da-mobilidade\/\" \/>\n<meta property=\"og:site_name\" content=\"Merlin Properties Socimi, S.A. (PT)\" \/>\n<meta property=\"article:published_time\" content=\"2023-09-20T09:13:51+00:00\" \/>\n<meta property=\"article:modified_time\" content=\"2025-05-08T07:45:22+00:00\" \/>\n<meta property=\"og:image\" content=\"https:\/\/www.merlinproperties.com\/pt\/wp-content\/uploads\/sites\/3\/2023\/09\/ADEQUA._0048-1.jpg\" \/>\n\t<meta property=\"og:image:width\" content=\"1200\" \/>\n\t<meta property=\"og:image:height\" content=\"747\" \/>\n\t<meta property=\"og:image:type\" content=\"image\/jpeg\" \/>\n<meta name=\"twitter:card\" content=\"summary_large_image\" \/>\n<meta name=\"twitter:label1\" content=\"Escrito por\" \/>\n\t<meta name=\"twitter:data1\" content=\"\" \/>\n\t<meta name=\"twitter:label2\" content=\"Tiempo de lectura\" \/>\n\t<meta name=\"twitter:data2\" content=\"1 minuto\" \/>\n<script type=\"application\/ld+json\" class=\"yoast-schema-graph\">{\"@context\":\"https:\/\/schema.org\",\"@graph\":[{\"@type\":\"Article\",\"@id\":\"https:\/\/www.merlinproperties.com\/pt\/dia-a-dia\/celebramos-a-semana-europeia-da-mobilidade\/#article\",\"isPartOf\":{\"@id\":\"https:\/\/www.merlinproperties.com\/pt\/dia-a-dia\/celebramos-a-semana-europeia-da-mobilidade\/\"},\"author\":{\"name\":\"\",\"@id\":\"\"},\"headline\":\"Celebramos a Semana Europeia da Mobilidade\",\"datePublished\":\"2023-09-20T09:13:51+00:00\",\"dateModified\":\"2025-05-08T07:45:22+00:00\",\"mainEntityOfPage\":{\"@id\":\"https:\/\/www.merlinproperties.com\/pt\/dia-a-dia\/celebramos-a-semana-europeia-da-mobilidade\/\"},\"wordCount\":126,\"publisher\":{\"@id\":\"https:\/\/www.merlinproperties.com\/pt\/#organization\"},\"image\":{\"@id\":\"https:\/\/www.merlinproperties.com\/pt\/dia-a-dia\/celebramos-a-semana-europeia-da-mobilidade\/#primaryimage\"},\"thumbnailUrl\":\"https:\/\/www.merlinproperties.com\/pt\/wp-content\/uploads\/sites\/3\/2023\/09\/ADEQUA._0048-1.jpg\",\"articleSection\":[\"Corporativo\",\"D\u00eda a d\u00eda\",\"Sostenibilidad\"],\"inLanguage\":\"es\"},{\"@type\":\"WebPage\",\"@id\":\"https:\/\/www.merlinproperties.com\/pt\/dia-a-dia\/celebramos-a-semana-europeia-da-mobilidade\/\",\"url\":\"https:\/\/www.merlinproperties.com\/pt\/dia-a-dia\/celebramos-a-semana-europeia-da-mobilidade\/\",\"name\":\"Celebramos a Semana Europeia da Mobilidade - Merlin Properties Socimi, S.A. (PT)\",\"isPartOf\":{\"@id\":\"https:\/\/www.merlinproperties.com\/pt\/#website\"},\"primaryImageOfPage\":{\"@id\":\"https:\/\/www.merlinproperties.com\/pt\/dia-a-dia\/celebramos-a-semana-europeia-da-mobilidade\/#primaryimage\"},\"image\":{\"@id\":\"https:\/\/www.merlinproperties.com\/pt\/dia-a-dia\/celebramos-a-semana-europeia-da-mobilidade\/#primaryimage\"},\"thumbnailUrl\":\"https:\/\/www.merlinproperties.com\/pt\/wp-content\/uploads\/sites\/3\/2023\/09\/ADEQUA._0048-1.jpg\",\"datePublished\":\"2023-09-20T09:13:51+00:00\",\"dateModified\":\"2025-05-08T07:45:22+00:00\",\"inLanguage\":\"es\",\"potentialAction\":[{\"@type\":\"ReadAction\",\"target\":[\"https:\/\/www.merlinproperties.com\/pt\/dia-a-dia\/celebramos-a-semana-europeia-da-mobilidade\/\"]}]},{\"@type\":\"ImageObject\",\"inLanguage\":\"es\",\"@id\":\"https:\/\/www.merlinproperties.com\/pt\/dia-a-dia\/celebramos-a-semana-europeia-da-mobilidade\/#primaryimage\",\"url\":\"https:\/\/www.merlinproperties.com\/pt\/wp-content\/uploads\/sites\/3\/2023\/09\/ADEQUA._0048-1.jpg\",\"contentUrl\":\"https:\/\/www.merlinproperties.com\/pt\/wp-content\/uploads\/sites\/3\/2023\/09\/ADEQUA._0048-1.jpg\",\"width\":1200,\"height\":747},{\"@type\":\"WebSite\",\"@id\":\"https:\/\/www.merlinproperties.com\/pt\/#website\",\"url\":\"https:\/\/www.merlinproperties.com\/pt\/\",\"name\":\"Merlin Properties Socimi, S.A. (PT)\",\"description\":\"Compa\u00f1\u00eda Inmobiliaria, cotizada, l\u00edder en el sector de activos terciarios en la Pen\u00ednsula Ib\u00e9rica.\",\"publisher\":{\"@id\":\"https:\/\/www.merlinproperties.com\/pt\/#organization\"},\"potentialAction\":[{\"@type\":\"SearchAction\",\"target\":{\"@type\":\"EntryPoint\",\"urlTemplate\":\"https:\/\/www.merlinproperties.com\/pt\/?s={search_term_string}\"},\"query-input\":{\"@type\":\"PropertyValueSpecification\",\"valueRequired\":true,\"valueName\":\"search_term_string\"}}],\"inLanguage\":\"es\"},{\"@type\":\"Organization\",\"@id\":\"https:\/\/www.merlinproperties.com\/pt\/#organization\",\"name\":\"Merlin Properties Socimi, S.A. (PT)\",\"url\":\"https:\/\/www.merlinproperties.com\/pt\/\",\"logo\":{\"@type\":\"ImageObject\",\"inLanguage\":\"es\",\"@id\":\"https:\/\/www.merlinproperties.com\/pt\/#\/schema\/logo\/image\/\",\"url\":\"https:\/\/www.merlinproperties.com\/pt\/wp-content\/uploads\/sites\/3\/2023\/03\/Merlin-Logo-Horizontal-Negativo-scaled-3.png\",\"contentUrl\":\"https:\/\/www.merlinproperties.com\/pt\/wp-content\/uploads\/sites\/3\/2023\/03\/Merlin-Logo-Horizontal-Negativo-scaled-3.png\",\"width\":600,\"height\":204,\"caption\":\"Merlin Properties Socimi, S.A. (PT)\"},\"image\":{\"@id\":\"https:\/\/www.merlinproperties.com\/pt\/#\/schema\/logo\/image\/\"}},{\"@type\":\"Person\",\"@id\":\"\",\"url\":\"https:\/\/www.merlinproperties.com\/pt\/author\/\"}]}<\/script>\n<!-- \/ Yoast SEO plugin. -->","yoast_head_json":{"title":"Celebramos a Semana Europeia da Mobilidade - Merlin Properties Socimi, S.A. (PT)","robots":{"index":"index","follow":"follow","max-snippet":"max-snippet:-1","max-image-preview":"max-image-preview:large","max-video-preview":"max-video-preview:-1"},"canonical":"https:\/\/www.merlinproperties.com\/pt\/dia-a-dia\/celebramos-a-semana-europeia-da-mobilidade\/","og_locale":"es_ES","og_type":"article","og_title":"Celebramos a Semana Europeia da Mobilidade - Merlin Properties Socimi, S.A. (PT)","og_description":"No Merlin Hub oferecemos servi\u00e7os de mobilidade aos nossos clientes como shuttles, incentivos aos colaboradores que optem por op\u00e7\u00f5es sustent\u00e1veis \u200b\u200bou promo\u00e7\u00e3o de carpooling, entre outros. Gra\u00e7as aos programas de mobilidade que desenvolvemos entre maio de 2022 e maio de 2023, conseguimos: &#8211; Reduzir o tr\u00e1fego em +64.000 viagens de carro &#8211; Transportar quase 87.000 [&hellip;]","og_url":"https:\/\/www.merlinproperties.com\/pt\/dia-a-dia\/celebramos-a-semana-europeia-da-mobilidade\/","og_site_name":"Merlin Properties Socimi, S.A. (PT)","article_published_time":"2023-09-20T09:13:51+00:00","article_modified_time":"2025-05-08T07:45:22+00:00","og_image":[{"width":1200,"height":747,"url":"https:\/\/www.merlinproperties.com\/pt\/wp-content\/uploads\/sites\/3\/2023\/09\/ADEQUA._0048-1.jpg","type":"image\/jpeg"}],"twitter_card":"summary_large_image","twitter_misc":{"Escrito por":"","Tiempo de lectura":"1 minuto"},"schema":{"@context":"https:\/\/schema.org","@graph":[{"@type":"Article","@id":"https:\/\/www.merlinproperties.com\/pt\/dia-a-dia\/celebramos-a-semana-europeia-da-mobilidade\/#article","isPartOf":{"@id":"https:\/\/www.merlinproperties.com\/pt\/dia-a-dia\/celebramos-a-semana-europeia-da-mobilidade\/"},"author":{"name":"","@id":""},"headline":"Celebramos a Semana Europeia da Mobilidade","datePublished":"2023-09-20T09:13:51+00:00","dateModified":"2025-05-08T07:45:22+00:00","mainEntityOfPage":{"@id":"https:\/\/www.merlinproperties.com\/pt\/dia-a-dia\/celebramos-a-semana-europeia-da-mobilidade\/"},"wordCount":126,"publisher":{"@id":"https:\/\/www.merlinproperties.com\/pt\/#organization"},"image":{"@id":"https:\/\/www.merlinproperties.com\/pt\/dia-a-dia\/celebramos-a-semana-europeia-da-mobilidade\/#primaryimage"},"thumbnailUrl":"https:\/\/www.merlinproperties.com\/pt\/wp-content\/uploads\/sites\/3\/2023\/09\/ADEQUA._0048-1.jpg","articleSection":["Corporativo","D\u00eda a d\u00eda","Sostenibilidad"],"inLanguage":"es"},{"@type":"WebPage","@id":"https:\/\/www.merlinproperties.com\/pt\/dia-a-dia\/celebramos-a-semana-europeia-da-mobilidade\/","url":"https:\/\/www.merlinproperties.com\/pt\/dia-a-dia\/celebramos-a-semana-europeia-da-mobilidade\/","name":"Celebramos a Semana Europeia da Mobilidade - Merlin Properties Socimi, S.A. (PT)","isPartOf":{"@id":"https:\/\/www.merlinproperties.com\/pt\/#website"},"primaryImageOfPage":{"@id":"https:\/\/www.merlinproperties.com\/pt\/dia-a-dia\/celebramos-a-semana-europeia-da-mobilidade\/#primaryimage"},"image":{"@id":"https:\/\/www.merlinproperties.com\/pt\/dia-a-dia\/celebramos-a-semana-europeia-da-mobilidade\/#primaryimage"},"thumbnailUrl":"https:\/\/www.merlinproperties.com\/pt\/wp-content\/uploads\/sites\/3\/2023\/09\/ADEQUA._0048-1.jpg","datePublished":"2023-09-20T09:13:51+00:00","dateModified":"2025-05-08T07:45:22+00:00","inLanguage":"es","potentialAction":[{"@type":"ReadAction","target":["https:\/\/www.merlinproperties.com\/pt\/dia-a-dia\/celebramos-a-semana-europeia-da-mobilidade\/"]}]},{"@type":"ImageObject","inLanguage":"es","@id":"https:\/\/www.merlinproperties.com\/pt\/dia-a-dia\/celebramos-a-semana-europeia-da-mobilidade\/#primaryimage","url":"https:\/\/www.merlinproperties.com\/pt\/wp-content\/uploads\/sites\/3\/2023\/09\/ADEQUA._0048-1.jpg","contentUrl":"https:\/\/www.merlinproperties.com\/pt\/wp-content\/uploads\/sites\/3\/2023\/09\/ADEQUA._0048-1.jpg","width":1200,"height":747},{"@type":"WebSite","@id":"https:\/\/www.merlinproperties.com\/pt\/#website","url":"https:\/\/www.merlinproperties.com\/pt\/","name":"Merlin Properties Socimi, S.A. (PT)","description":"Compa\u00f1\u00eda Inmobiliaria, cotizada, l\u00edder en el sector de activos terciarios en la Pen\u00ednsula Ib\u00e9rica.","publisher":{"@id":"https:\/\/www.merlinproperties.com\/pt\/#organization"},"potentialAction":[{"@type":"SearchAction","target":{"@type":"EntryPoint","urlTemplate":"https:\/\/www.merlinproperties.com\/pt\/?s={search_term_string}"},"query-input":{"@type":"PropertyValueSpecification","valueRequired":true,"valueName":"search_term_string"}}],"inLanguage":"es"},{"@type":"Organization","@id":"https:\/\/www.merlinproperties.com\/pt\/#organization","name":"Merlin Properties Socimi, S.A. (PT)","url":"https:\/\/www.merlinproperties.com\/pt\/","logo":{"@type":"ImageObject","inLanguage":"es","@id":"https:\/\/www.merlinproperties.com\/pt\/#\/schema\/logo\/image\/","url":"https:\/\/www.merlinproperties.com\/pt\/wp-content\/uploads\/sites\/3\/2023\/03\/Merlin-Logo-Horizontal-Negativo-scaled-3.png","contentUrl":"https:\/\/www.merlinproperties.com\/pt\/wp-content\/uploads\/sites\/3\/2023\/03\/Merlin-Logo-Horizontal-Negativo-scaled-3.png","width":600,"height":204,"caption":"Merlin Properties Socimi, S.A. (PT)"},"image":{"@id":"https:\/\/www.merlinproperties.com\/pt\/#\/schema\/logo\/image\/"}},{"@type":"Person","@id":"","url":"https:\/\/www.merlinproperties.com\/pt\/author\/"}]}},"_links":{"self":[{"href":"https:\/\/www.merlinproperties.com\/pt\/wp-json\/wp\/v2\/posts\/7142","targetHints":{"allow":["GET"]}}],"collection":[{"href":"https:\/\/www.merlinproperties.com\/pt\/wp-json\/wp\/v2\/posts"}],"about":[{"href":"https:\/\/www.merlinproperties.com\/pt\/wp-json\/wp\/v2\/types\/post"}],"author":[{"embeddable":true,"href":"https:\/\/www.merlinproperties.com\/pt\/wp-json\/wp\/v2\/users\/13"}],"replies":[{"embeddable":true,"href":"https:\/\/www.merlinproperties.com\/pt\/wp-json\/wp\/v2\/comments?post=7142"}],"version-history":[{"count":1,"href":"https:\/\/www.merlinproperties.com\/pt\/wp-json\/wp\/v2\/posts\/7142\/revisions"}],"predecessor-version":[{"id":8569,"href":"https:\/\/www.merlinproperties.com\/pt\/wp-json\/wp\/v2\/posts\/7142\/revisions\/8569"}],"wp:featuredmedia":[{"embeddable":true,"href":"https:\/\/www.merlinproperties.com\/pt\/wp-json\/wp\/v2\/media\/7145"}],"wp:attachment":[{"href":"https:\/\/www.merlinproperties.com\/pt\/wp-json\/wp\/v2\/media?parent=7142"}],"wp:term":[{"taxonomy":"category","embeddable":true,"href":"https:\/\/www.merlinproperties.com\/pt\/wp-json\/wp\/v2\/categories?post=7142"}],"curies":[{"name":"wp","href":"https:\/\/api.w.org\/{rel}","templated":true}]}}