{"id":6979,"date":"2023-03-01T16:05:06","date_gmt":"2023-03-01T16:05:06","guid":{"rendered":"https:\/\/www.merlinproperties.com\/pt\/?p=6979"},"modified":"2025-05-08T07:45:50","modified_gmt":"2025-05-08T07:45:50","slug":"realizou-se-a-v-iberica-reitlisted-conference","status":"publish","type":"post","link":"https:\/\/www.merlinproperties.com\/pt\/dia-a-dia\/realizou-se-a-v-iberica-reitlisted-conference\/","title":{"rendered":"REALIZOU-SE A V IB\u00c9RICA REIT&amp;LISTED CONFERENCE"},"content":{"rendered":"<p>Realizou-se ontem a V IBERIAN REIT&amp;LISTED CONFERENCE organizada pela Iberian Property.<\/p>\n<p>Durante o evento, Ismael Clemente, o nosso CEO, falou sobre as novas realidades do setor imobili\u00e1rio numa mesa redonda, moderada por Ant\u00f3nio Gil (Diretor da Iberian Property), juntamente com:<br \/>\nMiguel Pereda (CEO da Lar Espa\u00f1a Real Estate SOCIMI)<br \/>\nPere Vi\u00f1olas Serra (CEO da Colonial Real Estate)<br \/>\nDavid Mart\u00ednez Montero (CEO da AEDAS Homes)<\/p>\n<p>Ines Arellano, Diretora da MERLIN Properties, participou de \u201cCen\u00e1rios do Armagedom para im\u00f3veis \u2013 s\u00e9rio?\u201d moderado por Richard Betts (Diretor de M\u00eddia Imobili\u00e1ria) no qual tamb\u00e9m participaram:<br \/>\nCarlos Portocarrero (Clifford Chance Partner)<br \/>\nCarlos Krohmer (Diretor de Desenvolvimento Corporativo da Colonial)<br \/>\nPaloma Taltavull de La Paz (Professora da Universidade de Alicante)<br \/>\nAlfredo Echevarr\u00eda (Diretor de An\u00e1lise do Farol)<\/p>\n<p>#Imobili\u00e1ria<\/p>\n","protected":false},"excerpt":{"rendered":"<p>Realizou-se ontem a V IBERIAN REIT&amp;LISTED CONFERENCE organizada pela Iberian Property. Durante o evento, Ismael Clemente, o nosso CEO, falou sobre as novas realidades do setor imobili\u00e1rio numa mesa redonda, moderada por Ant\u00f3nio Gil (Diretor da Iberian Property), juntamente com: Miguel Pereda (CEO da Lar Espa\u00f1a Real Estate SOCIMI) Pere Vi\u00f1olas Serra (CEO da Colonial [&hellip;]<\/p>\n","protected":false},"author":13,"featured_media":6981,"comment_status":"closed","ping_status":"open","sticky":false,"template":"","format":"standard","meta":{"footnotes":""},"categories":[41],"class_list":["post-6979","post","type-post","status-publish","format-standard","has-post-thumbnail","hentry","category-dia-a-dia"],"acf":[],"yoast_head":"<!-- This site is optimized with the Yoast SEO plugin v26.5 - https:\/\/yoast.com\/wordpress\/plugins\/seo\/ -->\n<title>REALIZOU-SE A V IB\u00c9RICA REIT&amp;LISTED CONFERENCE - Merlin Properties Socimi, S.A. (PT)<\/title>\n<meta name=\"robots\" content=\"index, follow, max-snippet:-1, max-image-preview:large, max-video-preview:-1\" \/>\n<link rel=\"canonical\" href=\"https:\/\/www.merlinproperties.com\/pt\/dia-a-dia\/realizou-se-a-v-iberica-reitlisted-conference\/\" \/>\n<meta property=\"og:locale\" content=\"es_ES\" \/>\n<meta property=\"og:type\" content=\"article\" \/>\n<meta property=\"og:title\" content=\"REALIZOU-SE A V IB\u00c9RICA REIT&amp;LISTED CONFERENCE - Merlin Properties Socimi, S.A. (PT)\" \/>\n<meta property=\"og:description\" content=\"Realizou-se ontem a V IBERIAN REIT&amp;LISTED CONFERENCE organizada pela Iberian Property. Durante o evento, Ismael Clemente, o nosso CEO, falou sobre as novas realidades do setor imobili\u00e1rio numa mesa redonda, moderada por Ant\u00f3nio Gil (Diretor da Iberian Property), juntamente com: Miguel Pereda (CEO da Lar Espa\u00f1a Real Estate SOCIMI) Pere Vi\u00f1olas Serra (CEO da Colonial [&hellip;]\" \/>\n<meta property=\"og:url\" content=\"https:\/\/www.merlinproperties.com\/pt\/dia-a-dia\/realizou-se-a-v-iberica-reitlisted-conference\/\" \/>\n<meta property=\"og:site_name\" content=\"Merlin Properties Socimi, S.A. (PT)\" \/>\n<meta property=\"article:published_time\" content=\"2023-03-01T16:05:06+00:00\" \/>\n<meta property=\"article:modified_time\" content=\"2025-05-08T07:45:50+00:00\" \/>\n<meta property=\"og:image\" content=\"https:\/\/www.merlinproperties.com\/pt\/wp-content\/uploads\/sites\/3\/2023\/06\/Iberan-Reit-1-1.jpg\" \/>\n\t<meta property=\"og:image:width\" content=\"2048\" \/>\n\t<meta property=\"og:image:height\" content=\"1151\" \/>\n\t<meta property=\"og:image:type\" content=\"image\/jpeg\" \/>\n<meta name=\"twitter:card\" content=\"summary_large_image\" \/>\n<meta name=\"twitter:label1\" content=\"Escrito por\" \/>\n\t<meta name=\"twitter:data1\" content=\"\" \/>\n\t<meta name=\"twitter:label2\" content=\"Tiempo de lectura\" \/>\n\t<meta name=\"twitter:data2\" content=\"1 minuto\" \/>\n<script type=\"application\/ld+json\" class=\"yoast-schema-graph\">{\"@context\":\"https:\/\/schema.org\",\"@graph\":[{\"@type\":\"Article\",\"@id\":\"https:\/\/www.merlinproperties.com\/pt\/dia-a-dia\/realizou-se-a-v-iberica-reitlisted-conference\/#article\",\"isPartOf\":{\"@id\":\"https:\/\/www.merlinproperties.com\/pt\/dia-a-dia\/realizou-se-a-v-iberica-reitlisted-conference\/\"},\"author\":{\"name\":\"\",\"@id\":\"\"},\"headline\":\"REALIZOU-SE A V IB\u00c9RICA REIT&amp;LISTED CONFERENCE\",\"datePublished\":\"2023-03-01T16:05:06+00:00\",\"dateModified\":\"2025-05-08T07:45:50+00:00\",\"mainEntityOfPage\":{\"@id\":\"https:\/\/www.merlinproperties.com\/pt\/dia-a-dia\/realizou-se-a-v-iberica-reitlisted-conference\/\"},\"wordCount\":146,\"publisher\":{\"@id\":\"https:\/\/www.merlinproperties.com\/pt\/#organization\"},\"image\":{\"@id\":\"https:\/\/www.merlinproperties.com\/pt\/dia-a-dia\/realizou-se-a-v-iberica-reitlisted-conference\/#primaryimage\"},\"thumbnailUrl\":\"https:\/\/www.merlinproperties.com\/pt\/wp-content\/uploads\/sites\/3\/2023\/06\/Iberan-Reit-1-1.jpg\",\"articleSection\":[\"D\u00eda a d\u00eda\"],\"inLanguage\":\"es\"},{\"@type\":\"WebPage\",\"@id\":\"https:\/\/www.merlinproperties.com\/pt\/dia-a-dia\/realizou-se-a-v-iberica-reitlisted-conference\/\",\"url\":\"https:\/\/www.merlinproperties.com\/pt\/dia-a-dia\/realizou-se-a-v-iberica-reitlisted-conference\/\",\"name\":\"REALIZOU-SE A V IB\u00c9RICA REIT&amp;LISTED CONFERENCE - Merlin Properties Socimi, S.A. (PT)\",\"isPartOf\":{\"@id\":\"https:\/\/www.merlinproperties.com\/pt\/#website\"},\"primaryImageOfPage\":{\"@id\":\"https:\/\/www.merlinproperties.com\/pt\/dia-a-dia\/realizou-se-a-v-iberica-reitlisted-conference\/#primaryimage\"},\"image\":{\"@id\":\"https:\/\/www.merlinproperties.com\/pt\/dia-a-dia\/realizou-se-a-v-iberica-reitlisted-conference\/#primaryimage\"},\"thumbnailUrl\":\"https:\/\/www.merlinproperties.com\/pt\/wp-content\/uploads\/sites\/3\/2023\/06\/Iberan-Reit-1-1.jpg\",\"datePublished\":\"2023-03-01T16:05:06+00:00\",\"dateModified\":\"2025-05-08T07:45:50+00:00\",\"inLanguage\":\"es\",\"potentialAction\":[{\"@type\":\"ReadAction\",\"target\":[\"https:\/\/www.merlinproperties.com\/pt\/dia-a-dia\/realizou-se-a-v-iberica-reitlisted-conference\/\"]}]},{\"@type\":\"ImageObject\",\"inLanguage\":\"es\",\"@id\":\"https:\/\/www.merlinproperties.com\/pt\/dia-a-dia\/realizou-se-a-v-iberica-reitlisted-conference\/#primaryimage\",\"url\":\"https:\/\/www.merlinproperties.com\/pt\/wp-content\/uploads\/sites\/3\/2023\/06\/Iberan-Reit-1-1.jpg\",\"contentUrl\":\"https:\/\/www.merlinproperties.com\/pt\/wp-content\/uploads\/sites\/3\/2023\/06\/Iberan-Reit-1-1.jpg\",\"width\":2048,\"height\":1151},{\"@type\":\"WebSite\",\"@id\":\"https:\/\/www.merlinproperties.com\/pt\/#website\",\"url\":\"https:\/\/www.merlinproperties.com\/pt\/\",\"name\":\"Merlin Properties Socimi, S.A. (PT)\",\"description\":\"Compa\u00f1\u00eda Inmobiliaria, cotizada, l\u00edder en el sector de activos terciarios en la Pen\u00ednsula Ib\u00e9rica.\",\"publisher\":{\"@id\":\"https:\/\/www.merlinproperties.com\/pt\/#organization\"},\"potentialAction\":[{\"@type\":\"SearchAction\",\"target\":{\"@type\":\"EntryPoint\",\"urlTemplate\":\"https:\/\/www.merlinproperties.com\/pt\/?s={search_term_string}\"},\"query-input\":{\"@type\":\"PropertyValueSpecification\",\"valueRequired\":true,\"valueName\":\"search_term_string\"}}],\"inLanguage\":\"es\"},{\"@type\":\"Organization\",\"@id\":\"https:\/\/www.merlinproperties.com\/pt\/#organization\",\"name\":\"Merlin Properties Socimi, S.A. (PT)\",\"url\":\"https:\/\/www.merlinproperties.com\/pt\/\",\"logo\":{\"@type\":\"ImageObject\",\"inLanguage\":\"es\",\"@id\":\"https:\/\/www.merlinproperties.com\/pt\/#\/schema\/logo\/image\/\",\"url\":\"https:\/\/www.merlinproperties.com\/pt\/wp-content\/uploads\/sites\/3\/2023\/03\/Merlin-Logo-Horizontal-Negativo-scaled-3.png\",\"contentUrl\":\"https:\/\/www.merlinproperties.com\/pt\/wp-content\/uploads\/sites\/3\/2023\/03\/Merlin-Logo-Horizontal-Negativo-scaled-3.png\",\"width\":600,\"height\":204,\"caption\":\"Merlin Properties Socimi, S.A. (PT)\"},\"image\":{\"@id\":\"https:\/\/www.merlinproperties.com\/pt\/#\/schema\/logo\/image\/\"}},{\"@type\":\"Person\",\"@id\":\"\",\"url\":\"https:\/\/www.merlinproperties.com\/pt\/author\/\"}]}<\/script>\n<!-- \/ Yoast SEO plugin. -->","yoast_head_json":{"title":"REALIZOU-SE A V IB\u00c9RICA REIT&amp;LISTED CONFERENCE - Merlin Properties Socimi, S.A. (PT)","robots":{"index":"index","follow":"follow","max-snippet":"max-snippet:-1","max-image-preview":"max-image-preview:large","max-video-preview":"max-video-preview:-1"},"canonical":"https:\/\/www.merlinproperties.com\/pt\/dia-a-dia\/realizou-se-a-v-iberica-reitlisted-conference\/","og_locale":"es_ES","og_type":"article","og_title":"REALIZOU-SE A V IB\u00c9RICA REIT&amp;LISTED CONFERENCE - Merlin Properties Socimi, S.A. (PT)","og_description":"Realizou-se ontem a V IBERIAN REIT&amp;LISTED CONFERENCE organizada pela Iberian Property. Durante o evento, Ismael Clemente, o nosso CEO, falou sobre as novas realidades do setor imobili\u00e1rio numa mesa redonda, moderada por Ant\u00f3nio Gil (Diretor da Iberian Property), juntamente com: Miguel Pereda (CEO da Lar Espa\u00f1a Real Estate SOCIMI) Pere Vi\u00f1olas Serra (CEO da Colonial [&hellip;]","og_url":"https:\/\/www.merlinproperties.com\/pt\/dia-a-dia\/realizou-se-a-v-iberica-reitlisted-conference\/","og_site_name":"Merlin Properties Socimi, S.A. (PT)","article_published_time":"2023-03-01T16:05:06+00:00","article_modified_time":"2025-05-08T07:45:50+00:00","og_image":[{"width":2048,"height":1151,"url":"https:\/\/www.merlinproperties.com\/pt\/wp-content\/uploads\/sites\/3\/2023\/06\/Iberan-Reit-1-1.jpg","type":"image\/jpeg"}],"twitter_card":"summary_large_image","twitter_misc":{"Escrito por":"","Tiempo de lectura":"1 minuto"},"schema":{"@context":"https:\/\/schema.org","@graph":[{"@type":"Article","@id":"https:\/\/www.merlinproperties.com\/pt\/dia-a-dia\/realizou-se-a-v-iberica-reitlisted-conference\/#article","isPartOf":{"@id":"https:\/\/www.merlinproperties.com\/pt\/dia-a-dia\/realizou-se-a-v-iberica-reitlisted-conference\/"},"author":{"name":"","@id":""},"headline":"REALIZOU-SE A V IB\u00c9RICA REIT&amp;LISTED CONFERENCE","datePublished":"2023-03-01T16:05:06+00:00","dateModified":"2025-05-08T07:45:50+00:00","mainEntityOfPage":{"@id":"https:\/\/www.merlinproperties.com\/pt\/dia-a-dia\/realizou-se-a-v-iberica-reitlisted-conference\/"},"wordCount":146,"publisher":{"@id":"https:\/\/www.merlinproperties.com\/pt\/#organization"},"image":{"@id":"https:\/\/www.merlinproperties.com\/pt\/dia-a-dia\/realizou-se-a-v-iberica-reitlisted-conference\/#primaryimage"},"thumbnailUrl":"https:\/\/www.merlinproperties.com\/pt\/wp-content\/uploads\/sites\/3\/2023\/06\/Iberan-Reit-1-1.jpg","articleSection":["D\u00eda a d\u00eda"],"inLanguage":"es"},{"@type":"WebPage","@id":"https:\/\/www.merlinproperties.com\/pt\/dia-a-dia\/realizou-se-a-v-iberica-reitlisted-conference\/","url":"https:\/\/www.merlinproperties.com\/pt\/dia-a-dia\/realizou-se-a-v-iberica-reitlisted-conference\/","name":"REALIZOU-SE A V IB\u00c9RICA REIT&amp;LISTED CONFERENCE - Merlin Properties Socimi, S.A. (PT)","isPartOf":{"@id":"https:\/\/www.merlinproperties.com\/pt\/#website"},"primaryImageOfPage":{"@id":"https:\/\/www.merlinproperties.com\/pt\/dia-a-dia\/realizou-se-a-v-iberica-reitlisted-conference\/#primaryimage"},"image":{"@id":"https:\/\/www.merlinproperties.com\/pt\/dia-a-dia\/realizou-se-a-v-iberica-reitlisted-conference\/#primaryimage"},"thumbnailUrl":"https:\/\/www.merlinproperties.com\/pt\/wp-content\/uploads\/sites\/3\/2023\/06\/Iberan-Reit-1-1.jpg","datePublished":"2023-03-01T16:05:06+00:00","dateModified":"2025-05-08T07:45:50+00:00","inLanguage":"es","potentialAction":[{"@type":"ReadAction","target":["https:\/\/www.merlinproperties.com\/pt\/dia-a-dia\/realizou-se-a-v-iberica-reitlisted-conference\/"]}]},{"@type":"ImageObject","inLanguage":"es","@id":"https:\/\/www.merlinproperties.com\/pt\/dia-a-dia\/realizou-se-a-v-iberica-reitlisted-conference\/#primaryimage","url":"https:\/\/www.merlinproperties.com\/pt\/wp-content\/uploads\/sites\/3\/2023\/06\/Iberan-Reit-1-1.jpg","contentUrl":"https:\/\/www.merlinproperties.com\/pt\/wp-content\/uploads\/sites\/3\/2023\/06\/Iberan-Reit-1-1.jpg","width":2048,"height":1151},{"@type":"WebSite","@id":"https:\/\/www.merlinproperties.com\/pt\/#website","url":"https:\/\/www.merlinproperties.com\/pt\/","name":"Merlin Properties Socimi, S.A. (PT)","description":"Compa\u00f1\u00eda Inmobiliaria, cotizada, l\u00edder en el sector de activos terciarios en la Pen\u00ednsula Ib\u00e9rica.","publisher":{"@id":"https:\/\/www.merlinproperties.com\/pt\/#organization"},"potentialAction":[{"@type":"SearchAction","target":{"@type":"EntryPoint","urlTemplate":"https:\/\/www.merlinproperties.com\/pt\/?s={search_term_string}"},"query-input":{"@type":"PropertyValueSpecification","valueRequired":true,"valueName":"search_term_string"}}],"inLanguage":"es"},{"@type":"Organization","@id":"https:\/\/www.merlinproperties.com\/pt\/#organization","name":"Merlin Properties Socimi, S.A. (PT)","url":"https:\/\/www.merlinproperties.com\/pt\/","logo":{"@type":"ImageObject","inLanguage":"es","@id":"https:\/\/www.merlinproperties.com\/pt\/#\/schema\/logo\/image\/","url":"https:\/\/www.merlinproperties.com\/pt\/wp-content\/uploads\/sites\/3\/2023\/03\/Merlin-Logo-Horizontal-Negativo-scaled-3.png","contentUrl":"https:\/\/www.merlinproperties.com\/pt\/wp-content\/uploads\/sites\/3\/2023\/03\/Merlin-Logo-Horizontal-Negativo-scaled-3.png","width":600,"height":204,"caption":"Merlin Properties Socimi, S.A. (PT)"},"image":{"@id":"https:\/\/www.merlinproperties.com\/pt\/#\/schema\/logo\/image\/"}},{"@type":"Person","@id":"","url":"https:\/\/www.merlinproperties.com\/pt\/author\/"}]}},"_links":{"self":[{"href":"https:\/\/www.merlinproperties.com\/pt\/wp-json\/wp\/v2\/posts\/6979","targetHints":{"allow":["GET"]}}],"collection":[{"href":"https:\/\/www.merlinproperties.com\/pt\/wp-json\/wp\/v2\/posts"}],"about":[{"href":"https:\/\/www.merlinproperties.com\/pt\/wp-json\/wp\/v2\/types\/post"}],"author":[{"embeddable":true,"href":"https:\/\/www.merlinproperties.com\/pt\/wp-json\/wp\/v2\/users\/13"}],"replies":[{"embeddable":true,"href":"https:\/\/www.merlinproperties.com\/pt\/wp-json\/wp\/v2\/comments?post=6979"}],"version-history":[{"count":1,"href":"https:\/\/www.merlinproperties.com\/pt\/wp-json\/wp\/v2\/posts\/6979\/revisions"}],"predecessor-version":[{"id":8581,"href":"https:\/\/www.merlinproperties.com\/pt\/wp-json\/wp\/v2\/posts\/6979\/revisions\/8581"}],"wp:featuredmedia":[{"embeddable":true,"href":"https:\/\/www.merlinproperties.com\/pt\/wp-json\/wp\/v2\/media\/6981"}],"wp:attachment":[{"href":"https:\/\/www.merlinproperties.com\/pt\/wp-json\/wp\/v2\/media?parent=6979"}],"wp:term":[{"taxonomy":"category","embeddable":true,"href":"https:\/\/www.merlinproperties.com\/pt\/wp-json\/wp\/v2\/categories?post=6979"}],"curies":[{"name":"wp","href":"https:\/\/api.w.org\/{rel}","templated":true}]}}