{"id":6762,"date":"2023-02-17T11:06:08","date_gmt":"2023-02-17T11:06:08","guid":{"rendered":"https:\/\/www.merlinproperties.com\/pt\/?p=6762"},"modified":"2025-05-08T07:45:51","modified_gmt":"2025-05-08T07:45:51","slug":"torre-glories-llum-bcn","status":"publish","type":"post","link":"https:\/\/www.merlinproperties.com\/pt\/dia-a-dia\/torre-glories-llum-bcn\/","title":{"rendered":"Torre Gl\u00f2ries esteve presente, este fim-de-semana, no #LlumBCN, o Festival das Artes Luminosas da Barcelona"},"content":{"rendered":"<p>#TorreGl\u00f2ries esteve presente, este fim-de-semana, no #LlumBCN, o Festival de Artes Luminosas, no qual Poblenou em #Barcelona estar\u00e1 iluminado durante tr\u00eas noites para testar diferentes formas de imaginar a cidade do amanh\u00e3.<\/p>\n<p>Este ano, o Farol Atmosf\u00e9rico, do artista Richard Vijgen, uma visualiza\u00e7\u00e3o em tempo real de tudo aquilo que \u00e9 inv\u00edsivel na atmosfera da cidade, transformou a pele da Torre num grande cata-vento meterol\u00f3gico.<\/p>\n<p>Uma experi\u00eancia \u00fanica em que milhares de espectadores puderam desfrutar de um olhar consciente e respons\u00e1vel sobre o ecossistema urbano de Barcelona.<\/p>\n<p>#Escrit\u00f3rios<\/p>\n<div style=\"width: 1920px;\" class=\"wp-video\"><!--[if lt IE 9]><script>document.createElement('video');<\/script><![endif]-->\n<video class=\"wp-video-shortcode\" id=\"video-6762-1\" width=\"1920\" height=\"1080\" preload=\"metadata\" controls=\"controls\"><source type=\"video\/mp4\" src=\"https:\/\/www.merlinproperties.com\/pt\/wp-content\/uploads\/sites\/3\/2023\/02\/Festival-Llum-Barcelona-23-mediana-1.mp4?_=1\" \/><a href=\"https:\/\/www.merlinproperties.com\/pt\/wp-content\/uploads\/sites\/3\/2023\/02\/Festival-Llum-Barcelona-23-mediana-1.mp4\">https:\/\/www.merlinproperties.com\/pt\/wp-content\/uploads\/sites\/3\/2023\/02\/Festival-Llum-Barcelona-23-mediana-1.mp4<\/a><\/video><\/div>\n","protected":false},"excerpt":{"rendered":"<p>#TorreGl\u00f2ries esteve presente, este fim-de-semana, no #LlumBCN, o Festival de Artes Luminosas, no qual Poblenou em #Barcelona estar\u00e1 iluminado durante tr\u00eas noites para testar diferentes formas de imaginar a cidade do amanh\u00e3. Este ano, o Farol Atmosf\u00e9rico, do artista Richard Vijgen, uma visualiza\u00e7\u00e3o em tempo real de tudo aquilo que \u00e9 inv\u00edsivel na atmosfera da [&hellip;]<\/p>\n","protected":false},"author":13,"featured_media":6773,"comment_status":"closed","ping_status":"open","sticky":false,"template":"","format":"standard","meta":{"footnotes":""},"categories":[41,46],"class_list":["post-6762","post","type-post","status-publish","format-standard","has-post-thumbnail","hentry","category-dia-a-dia","category-dia-oficinas"],"acf":[],"yoast_head":"<!-- This site is optimized with the Yoast SEO plugin v26.5 - https:\/\/yoast.com\/wordpress\/plugins\/seo\/ -->\n<title>Torre Gl\u00f2ries esteve presente, este fim-de-semana, no #LlumBCN, o Festival das Artes Luminosas da Barcelona - Merlin Properties Socimi, S.A. (PT)<\/title>\n<meta name=\"description\" content=\"Torre Gl\u00f2ries esteve presente, este fim de semana, no #LlumBCN, o Festival de Artes Luminosas de Barcelona\" \/>\n<meta name=\"robots\" content=\"index, follow, max-snippet:-1, max-image-preview:large, max-video-preview:-1\" \/>\n<link rel=\"canonical\" href=\"https:\/\/www.merlinproperties.com\/pt\/dia-a-dia\/torre-glories-llum-bcn\/\" \/>\n<meta property=\"og:locale\" content=\"es_ES\" \/>\n<meta property=\"og:type\" content=\"article\" \/>\n<meta property=\"og:title\" content=\"Torre Gl\u00f2ries esteve presente, este fim-de-semana, no #LlumBCN, o Festival das Artes Luminosas da Barcelona - Merlin Properties Socimi, S.A. (PT)\" \/>\n<meta property=\"og:description\" content=\"Torre Gl\u00f2ries esteve presente, este fim de semana, no #LlumBCN, o Festival de Artes Luminosas de Barcelona\" \/>\n<meta property=\"og:url\" content=\"https:\/\/www.merlinproperties.com\/pt\/dia-a-dia\/torre-glories-llum-bcn\/\" \/>\n<meta property=\"og:site_name\" content=\"Merlin Properties Socimi, S.A. (PT)\" \/>\n<meta property=\"article:published_time\" content=\"2023-02-17T11:06:08+00:00\" \/>\n<meta property=\"article:modified_time\" content=\"2025-05-08T07:45:51+00:00\" \/>\n<meta property=\"og:image\" content=\"https:\/\/www.merlinproperties.com\/pt\/wp-content\/uploads\/sites\/3\/2023\/02\/IMG_4279-1200x800-1.jpg\" \/>\n\t<meta property=\"og:image:width\" content=\"1200\" \/>\n\t<meta property=\"og:image:height\" content=\"800\" \/>\n\t<meta property=\"og:image:type\" content=\"image\/jpeg\" \/>\n<meta name=\"twitter:card\" content=\"summary_large_image\" \/>\n<meta name=\"twitter:label1\" content=\"Escrito por\" \/>\n\t<meta name=\"twitter:data1\" content=\"\" \/>\n\t<meta name=\"twitter:label2\" content=\"Tiempo de lectura\" \/>\n\t<meta name=\"twitter:data2\" content=\"1 minuto\" \/>\n<script type=\"application\/ld+json\" class=\"yoast-schema-graph\">{\"@context\":\"https:\/\/schema.org\",\"@graph\":[{\"@type\":\"Article\",\"@id\":\"https:\/\/www.merlinproperties.com\/pt\/dia-a-dia\/torre-glories-llum-bcn\/#article\",\"isPartOf\":{\"@id\":\"https:\/\/www.merlinproperties.com\/pt\/dia-a-dia\/torre-glories-llum-bcn\/\"},\"author\":{\"name\":\"\",\"@id\":\"\"},\"headline\":\"Torre Gl\u00f2ries esteve presente, este fim-de-semana, no #LlumBCN, o Festival das Artes Luminosas da Barcelona\",\"datePublished\":\"2023-02-17T11:06:08+00:00\",\"dateModified\":\"2025-05-08T07:45:51+00:00\",\"mainEntityOfPage\":{\"@id\":\"https:\/\/www.merlinproperties.com\/pt\/dia-a-dia\/torre-glories-llum-bcn\/\"},\"wordCount\":128,\"publisher\":{\"@id\":\"https:\/\/www.merlinproperties.com\/pt\/#organization\"},\"image\":{\"@id\":\"https:\/\/www.merlinproperties.com\/pt\/dia-a-dia\/torre-glories-llum-bcn\/#primaryimage\"},\"thumbnailUrl\":\"https:\/\/www.merlinproperties.com\/pt\/wp-content\/uploads\/sites\/3\/2023\/02\/IMG_4279-1200x800-1.jpg\",\"articleSection\":[\"D\u00eda a d\u00eda\",\"Oficinas\"],\"inLanguage\":\"es\"},{\"@type\":\"WebPage\",\"@id\":\"https:\/\/www.merlinproperties.com\/pt\/dia-a-dia\/torre-glories-llum-bcn\/\",\"url\":\"https:\/\/www.merlinproperties.com\/pt\/dia-a-dia\/torre-glories-llum-bcn\/\",\"name\":\"Torre Gl\u00f2ries esteve presente, este fim-de-semana, no #LlumBCN, o Festival das Artes Luminosas da Barcelona - Merlin Properties Socimi, S.A. (PT)\",\"isPartOf\":{\"@id\":\"https:\/\/www.merlinproperties.com\/pt\/#website\"},\"primaryImageOfPage\":{\"@id\":\"https:\/\/www.merlinproperties.com\/pt\/dia-a-dia\/torre-glories-llum-bcn\/#primaryimage\"},\"image\":{\"@id\":\"https:\/\/www.merlinproperties.com\/pt\/dia-a-dia\/torre-glories-llum-bcn\/#primaryimage\"},\"thumbnailUrl\":\"https:\/\/www.merlinproperties.com\/pt\/wp-content\/uploads\/sites\/3\/2023\/02\/IMG_4279-1200x800-1.jpg\",\"datePublished\":\"2023-02-17T11:06:08+00:00\",\"dateModified\":\"2025-05-08T07:45:51+00:00\",\"description\":\"Torre Gl\u00f2ries esteve presente, este fim de semana, no #LlumBCN, o Festival de Artes Luminosas de Barcelona\",\"inLanguage\":\"es\",\"potentialAction\":[{\"@type\":\"ReadAction\",\"target\":[\"https:\/\/www.merlinproperties.com\/pt\/dia-a-dia\/torre-glories-llum-bcn\/\"]}]},{\"@type\":\"ImageObject\",\"inLanguage\":\"es\",\"@id\":\"https:\/\/www.merlinproperties.com\/pt\/dia-a-dia\/torre-glories-llum-bcn\/#primaryimage\",\"url\":\"https:\/\/www.merlinproperties.com\/pt\/wp-content\/uploads\/sites\/3\/2023\/02\/IMG_4279-1200x800-1.jpg\",\"contentUrl\":\"https:\/\/www.merlinproperties.com\/pt\/wp-content\/uploads\/sites\/3\/2023\/02\/IMG_4279-1200x800-1.jpg\",\"width\":1200,\"height\":800},{\"@type\":\"WebSite\",\"@id\":\"https:\/\/www.merlinproperties.com\/pt\/#website\",\"url\":\"https:\/\/www.merlinproperties.com\/pt\/\",\"name\":\"Merlin Properties Socimi, S.A. (PT)\",\"description\":\"Compa\u00f1\u00eda Inmobiliaria, cotizada, l\u00edder en el sector de activos terciarios en la Pen\u00ednsula Ib\u00e9rica.\",\"publisher\":{\"@id\":\"https:\/\/www.merlinproperties.com\/pt\/#organization\"},\"potentialAction\":[{\"@type\":\"SearchAction\",\"target\":{\"@type\":\"EntryPoint\",\"urlTemplate\":\"https:\/\/www.merlinproperties.com\/pt\/?s={search_term_string}\"},\"query-input\":{\"@type\":\"PropertyValueSpecification\",\"valueRequired\":true,\"valueName\":\"search_term_string\"}}],\"inLanguage\":\"es\"},{\"@type\":\"Organization\",\"@id\":\"https:\/\/www.merlinproperties.com\/pt\/#organization\",\"name\":\"Merlin Properties Socimi, S.A. (PT)\",\"url\":\"https:\/\/www.merlinproperties.com\/pt\/\",\"logo\":{\"@type\":\"ImageObject\",\"inLanguage\":\"es\",\"@id\":\"https:\/\/www.merlinproperties.com\/pt\/#\/schema\/logo\/image\/\",\"url\":\"https:\/\/www.merlinproperties.com\/pt\/wp-content\/uploads\/sites\/3\/2023\/03\/Merlin-Logo-Horizontal-Negativo-scaled-3.png\",\"contentUrl\":\"https:\/\/www.merlinproperties.com\/pt\/wp-content\/uploads\/sites\/3\/2023\/03\/Merlin-Logo-Horizontal-Negativo-scaled-3.png\",\"width\":600,\"height\":204,\"caption\":\"Merlin Properties Socimi, S.A. (PT)\"},\"image\":{\"@id\":\"https:\/\/www.merlinproperties.com\/pt\/#\/schema\/logo\/image\/\"}},{\"@type\":\"Person\",\"@id\":\"\",\"url\":\"https:\/\/www.merlinproperties.com\/pt\/author\/\"}]}<\/script>\n<!-- \/ Yoast SEO plugin. -->","yoast_head_json":{"title":"Torre Gl\u00f2ries esteve presente, este fim-de-semana, no #LlumBCN, o Festival das Artes Luminosas da Barcelona - Merlin Properties Socimi, S.A. (PT)","description":"Torre Gl\u00f2ries esteve presente, este fim de semana, no #LlumBCN, o Festival de Artes Luminosas de Barcelona","robots":{"index":"index","follow":"follow","max-snippet":"max-snippet:-1","max-image-preview":"max-image-preview:large","max-video-preview":"max-video-preview:-1"},"canonical":"https:\/\/www.merlinproperties.com\/pt\/dia-a-dia\/torre-glories-llum-bcn\/","og_locale":"es_ES","og_type":"article","og_title":"Torre Gl\u00f2ries esteve presente, este fim-de-semana, no #LlumBCN, o Festival das Artes Luminosas da Barcelona - Merlin Properties Socimi, S.A. (PT)","og_description":"Torre Gl\u00f2ries esteve presente, este fim de semana, no #LlumBCN, o Festival de Artes Luminosas de Barcelona","og_url":"https:\/\/www.merlinproperties.com\/pt\/dia-a-dia\/torre-glories-llum-bcn\/","og_site_name":"Merlin Properties Socimi, S.A. (PT)","article_published_time":"2023-02-17T11:06:08+00:00","article_modified_time":"2025-05-08T07:45:51+00:00","og_image":[{"width":1200,"height":800,"url":"https:\/\/www.merlinproperties.com\/pt\/wp-content\/uploads\/sites\/3\/2023\/02\/IMG_4279-1200x800-1.jpg","type":"image\/jpeg"}],"twitter_card":"summary_large_image","twitter_misc":{"Escrito por":"","Tiempo de lectura":"1 minuto"},"schema":{"@context":"https:\/\/schema.org","@graph":[{"@type":"Article","@id":"https:\/\/www.merlinproperties.com\/pt\/dia-a-dia\/torre-glories-llum-bcn\/#article","isPartOf":{"@id":"https:\/\/www.merlinproperties.com\/pt\/dia-a-dia\/torre-glories-llum-bcn\/"},"author":{"name":"","@id":""},"headline":"Torre Gl\u00f2ries esteve presente, este fim-de-semana, no #LlumBCN, o Festival das Artes Luminosas da Barcelona","datePublished":"2023-02-17T11:06:08+00:00","dateModified":"2025-05-08T07:45:51+00:00","mainEntityOfPage":{"@id":"https:\/\/www.merlinproperties.com\/pt\/dia-a-dia\/torre-glories-llum-bcn\/"},"wordCount":128,"publisher":{"@id":"https:\/\/www.merlinproperties.com\/pt\/#organization"},"image":{"@id":"https:\/\/www.merlinproperties.com\/pt\/dia-a-dia\/torre-glories-llum-bcn\/#primaryimage"},"thumbnailUrl":"https:\/\/www.merlinproperties.com\/pt\/wp-content\/uploads\/sites\/3\/2023\/02\/IMG_4279-1200x800-1.jpg","articleSection":["D\u00eda a d\u00eda","Oficinas"],"inLanguage":"es"},{"@type":"WebPage","@id":"https:\/\/www.merlinproperties.com\/pt\/dia-a-dia\/torre-glories-llum-bcn\/","url":"https:\/\/www.merlinproperties.com\/pt\/dia-a-dia\/torre-glories-llum-bcn\/","name":"Torre Gl\u00f2ries esteve presente, este fim-de-semana, no #LlumBCN, o Festival das Artes Luminosas da Barcelona - Merlin Properties Socimi, S.A. (PT)","isPartOf":{"@id":"https:\/\/www.merlinproperties.com\/pt\/#website"},"primaryImageOfPage":{"@id":"https:\/\/www.merlinproperties.com\/pt\/dia-a-dia\/torre-glories-llum-bcn\/#primaryimage"},"image":{"@id":"https:\/\/www.merlinproperties.com\/pt\/dia-a-dia\/torre-glories-llum-bcn\/#primaryimage"},"thumbnailUrl":"https:\/\/www.merlinproperties.com\/pt\/wp-content\/uploads\/sites\/3\/2023\/02\/IMG_4279-1200x800-1.jpg","datePublished":"2023-02-17T11:06:08+00:00","dateModified":"2025-05-08T07:45:51+00:00","description":"Torre Gl\u00f2ries esteve presente, este fim de semana, no #LlumBCN, o Festival de Artes Luminosas de Barcelona","inLanguage":"es","potentialAction":[{"@type":"ReadAction","target":["https:\/\/www.merlinproperties.com\/pt\/dia-a-dia\/torre-glories-llum-bcn\/"]}]},{"@type":"ImageObject","inLanguage":"es","@id":"https:\/\/www.merlinproperties.com\/pt\/dia-a-dia\/torre-glories-llum-bcn\/#primaryimage","url":"https:\/\/www.merlinproperties.com\/pt\/wp-content\/uploads\/sites\/3\/2023\/02\/IMG_4279-1200x800-1.jpg","contentUrl":"https:\/\/www.merlinproperties.com\/pt\/wp-content\/uploads\/sites\/3\/2023\/02\/IMG_4279-1200x800-1.jpg","width":1200,"height":800},{"@type":"WebSite","@id":"https:\/\/www.merlinproperties.com\/pt\/#website","url":"https:\/\/www.merlinproperties.com\/pt\/","name":"Merlin Properties Socimi, S.A. (PT)","description":"Compa\u00f1\u00eda Inmobiliaria, cotizada, l\u00edder en el sector de activos terciarios en la Pen\u00ednsula Ib\u00e9rica.","publisher":{"@id":"https:\/\/www.merlinproperties.com\/pt\/#organization"},"potentialAction":[{"@type":"SearchAction","target":{"@type":"EntryPoint","urlTemplate":"https:\/\/www.merlinproperties.com\/pt\/?s={search_term_string}"},"query-input":{"@type":"PropertyValueSpecification","valueRequired":true,"valueName":"search_term_string"}}],"inLanguage":"es"},{"@type":"Organization","@id":"https:\/\/www.merlinproperties.com\/pt\/#organization","name":"Merlin Properties Socimi, S.A. (PT)","url":"https:\/\/www.merlinproperties.com\/pt\/","logo":{"@type":"ImageObject","inLanguage":"es","@id":"https:\/\/www.merlinproperties.com\/pt\/#\/schema\/logo\/image\/","url":"https:\/\/www.merlinproperties.com\/pt\/wp-content\/uploads\/sites\/3\/2023\/03\/Merlin-Logo-Horizontal-Negativo-scaled-3.png","contentUrl":"https:\/\/www.merlinproperties.com\/pt\/wp-content\/uploads\/sites\/3\/2023\/03\/Merlin-Logo-Horizontal-Negativo-scaled-3.png","width":600,"height":204,"caption":"Merlin Properties Socimi, S.A. (PT)"},"image":{"@id":"https:\/\/www.merlinproperties.com\/pt\/#\/schema\/logo\/image\/"}},{"@type":"Person","@id":"","url":"https:\/\/www.merlinproperties.com\/pt\/author\/"}]}},"_links":{"self":[{"href":"https:\/\/www.merlinproperties.com\/pt\/wp-json\/wp\/v2\/posts\/6762","targetHints":{"allow":["GET"]}}],"collection":[{"href":"https:\/\/www.merlinproperties.com\/pt\/wp-json\/wp\/v2\/posts"}],"about":[{"href":"https:\/\/www.merlinproperties.com\/pt\/wp-json\/wp\/v2\/types\/post"}],"author":[{"embeddable":true,"href":"https:\/\/www.merlinproperties.com\/pt\/wp-json\/wp\/v2\/users\/13"}],"replies":[{"embeddable":true,"href":"https:\/\/www.merlinproperties.com\/pt\/wp-json\/wp\/v2\/comments?post=6762"}],"version-history":[{"count":1,"href":"https:\/\/www.merlinproperties.com\/pt\/wp-json\/wp\/v2\/posts\/6762\/revisions"}],"predecessor-version":[{"id":8514,"href":"https:\/\/www.merlinproperties.com\/pt\/wp-json\/wp\/v2\/posts\/6762\/revisions\/8514"}],"wp:featuredmedia":[{"embeddable":true,"href":"https:\/\/www.merlinproperties.com\/pt\/wp-json\/wp\/v2\/media\/6773"}],"wp:attachment":[{"href":"https:\/\/www.merlinproperties.com\/pt\/wp-json\/wp\/v2\/media?parent=6762"}],"wp:term":[{"taxonomy":"category","embeddable":true,"href":"https:\/\/www.merlinproperties.com\/pt\/wp-json\/wp\/v2\/categories?post=6762"}],"curies":[{"name":"wp","href":"https:\/\/api.w.org\/{rel}","templated":true}]}}