{"id":6760,"date":"2023-02-17T10:52:22","date_gmt":"2023-02-17T10:52:22","guid":{"rendered":"https:\/\/www.merlinproperties.com\/pt\/?p=6760"},"modified":"2025-05-08T07:45:51","modified_gmt":"2025-05-08T07:45:51","slug":"ismael-clemente-circulo-ecuestre-barcelona","status":"publish","type":"post","link":"https:\/\/www.merlinproperties.com\/pt\/dia-a-dia\/ismael-clemente-circulo-ecuestre-barcelona\/","title":{"rendered":"Ismael Clemente, teve a oportunidade de participar numa palestra no C\u00edrculo Equestre de Barcelona"},"content":{"rendered":"<p>O nosso CEO, Ismael Clemente, teve a oportunidade de participar numa palestra no C\u00edrculo Equestre de Barcelona, na qual refletiu sobre as oportunidades que existem no setor #realista, mesmo nos seus momentos mais baixos:<\/p>\n<p>\u00abO setor imobili\u00e1rio est\u00e1 em permanente evolu\u00e7\u00e3o e reiven\u00e7\u00e3o. H\u00e1 sempre oportunidades, mas para capitaliz\u00e1-las \u00e9 importante seguir o ciclo e saber qual o patrim\u00f3nio que pode ser interessante no futuro, mantendo-se atento a novos tipos de activos que possam surgir no mercado\u00bb.<\/p>\n<p>#realestate #MERLINProperties<\/p>\n","protected":false},"excerpt":{"rendered":"<p>O nosso CEO, Ismael Clemente, teve a oportunidade de participar numa palestra no C\u00edrculo Equestre de Barcelona, na qual refletiu sobre as oportunidades que existem no setor #realista, mesmo nos seus momentos mais baixos: \u00abO setor imobili\u00e1rio est\u00e1 em permanente evolu\u00e7\u00e3o e reiven\u00e7\u00e3o. H\u00e1 sempre oportunidades, mas para capitaliz\u00e1-las \u00e9 importante seguir o ciclo e [&hellip;]<\/p>\n","protected":false},"author":13,"featured_media":6763,"comment_status":"closed","ping_status":"open","sticky":false,"template":"","format":"standard","meta":{"footnotes":""},"categories":[41,46],"class_list":["post-6760","post","type-post","status-publish","format-standard","has-post-thumbnail","hentry","category-dia-a-dia","category-dia-oficinas"],"acf":[],"yoast_head":"<!-- This site is optimized with the Yoast SEO plugin v26.5 - https:\/\/yoast.com\/wordpress\/plugins\/seo\/ -->\n<title>Ismael Clemente, teve a oportunidade de participar numa palestra no C\u00edrculo Equestre de Barcelona - Merlin Properties Socimi, S.A. (PT)<\/title>\n<meta name=\"description\" content=\"O nosso CEO, Ismael Clemente, teve a oportunidade de participar numa palestra no C\u00edrculo Equestre de Barcelona.\" \/>\n<meta name=\"robots\" content=\"index, follow, max-snippet:-1, max-image-preview:large, max-video-preview:-1\" \/>\n<link rel=\"canonical\" href=\"https:\/\/www.merlinproperties.com\/pt\/dia-a-dia\/ismael-clemente-circulo-ecuestre-barcelona\/\" \/>\n<meta property=\"og:locale\" content=\"es_ES\" \/>\n<meta property=\"og:type\" content=\"article\" \/>\n<meta property=\"og:title\" content=\"Ismael Clemente, teve a oportunidade de participar numa palestra no C\u00edrculo Equestre de Barcelona - Merlin Properties Socimi, S.A. (PT)\" \/>\n<meta property=\"og:description\" content=\"O nosso CEO, Ismael Clemente, teve a oportunidade de participar numa palestra no C\u00edrculo Equestre de Barcelona.\" \/>\n<meta property=\"og:url\" content=\"https:\/\/www.merlinproperties.com\/pt\/dia-a-dia\/ismael-clemente-circulo-ecuestre-barcelona\/\" \/>\n<meta property=\"og:site_name\" content=\"Merlin Properties Socimi, S.A. (PT)\" \/>\n<meta property=\"article:published_time\" content=\"2023-02-17T10:52:22+00:00\" \/>\n<meta property=\"article:modified_time\" content=\"2025-05-08T07:45:51+00:00\" \/>\n<meta property=\"og:image\" content=\"https:\/\/www.merlinproperties.com\/pt\/wp-content\/uploads\/sites\/3\/2023\/02\/Circulo-Ecuestre-Barcelona-2-2-scaled.jpg\" \/>\n\t<meta property=\"og:image:width\" content=\"2560\" \/>\n\t<meta property=\"og:image:height\" content=\"1696\" \/>\n\t<meta property=\"og:image:type\" content=\"image\/jpeg\" \/>\n<meta name=\"twitter:card\" content=\"summary_large_image\" \/>\n<meta name=\"twitter:label1\" content=\"Escrito por\" \/>\n\t<meta name=\"twitter:data1\" content=\"\" \/>\n\t<meta name=\"twitter:label2\" content=\"Tiempo de lectura\" \/>\n\t<meta name=\"twitter:data2\" content=\"1 minuto\" \/>\n<script type=\"application\/ld+json\" class=\"yoast-schema-graph\">{\"@context\":\"https:\/\/schema.org\",\"@graph\":[{\"@type\":\"Article\",\"@id\":\"https:\/\/www.merlinproperties.com\/pt\/dia-a-dia\/ismael-clemente-circulo-ecuestre-barcelona\/#article\",\"isPartOf\":{\"@id\":\"https:\/\/www.merlinproperties.com\/pt\/dia-a-dia\/ismael-clemente-circulo-ecuestre-barcelona\/\"},\"author\":{\"name\":\"\",\"@id\":\"\"},\"headline\":\"Ismael Clemente, teve a oportunidade de participar numa palestra no C\u00edrculo Equestre de Barcelona\",\"datePublished\":\"2023-02-17T10:52:22+00:00\",\"dateModified\":\"2025-05-08T07:45:51+00:00\",\"mainEntityOfPage\":{\"@id\":\"https:\/\/www.merlinproperties.com\/pt\/dia-a-dia\/ismael-clemente-circulo-ecuestre-barcelona\/\"},\"wordCount\":99,\"publisher\":{\"@id\":\"https:\/\/www.merlinproperties.com\/pt\/#organization\"},\"image\":{\"@id\":\"https:\/\/www.merlinproperties.com\/pt\/dia-a-dia\/ismael-clemente-circulo-ecuestre-barcelona\/#primaryimage\"},\"thumbnailUrl\":\"https:\/\/www.merlinproperties.com\/pt\/wp-content\/uploads\/sites\/3\/2023\/02\/Circulo-Ecuestre-Barcelona-2-2-scaled.jpg\",\"articleSection\":[\"D\u00eda a d\u00eda\",\"Oficinas\"],\"inLanguage\":\"es\"},{\"@type\":\"WebPage\",\"@id\":\"https:\/\/www.merlinproperties.com\/pt\/dia-a-dia\/ismael-clemente-circulo-ecuestre-barcelona\/\",\"url\":\"https:\/\/www.merlinproperties.com\/pt\/dia-a-dia\/ismael-clemente-circulo-ecuestre-barcelona\/\",\"name\":\"Ismael Clemente, teve a oportunidade de participar numa palestra no C\u00edrculo Equestre de Barcelona - Merlin Properties Socimi, S.A. (PT)\",\"isPartOf\":{\"@id\":\"https:\/\/www.merlinproperties.com\/pt\/#website\"},\"primaryImageOfPage\":{\"@id\":\"https:\/\/www.merlinproperties.com\/pt\/dia-a-dia\/ismael-clemente-circulo-ecuestre-barcelona\/#primaryimage\"},\"image\":{\"@id\":\"https:\/\/www.merlinproperties.com\/pt\/dia-a-dia\/ismael-clemente-circulo-ecuestre-barcelona\/#primaryimage\"},\"thumbnailUrl\":\"https:\/\/www.merlinproperties.com\/pt\/wp-content\/uploads\/sites\/3\/2023\/02\/Circulo-Ecuestre-Barcelona-2-2-scaled.jpg\",\"datePublished\":\"2023-02-17T10:52:22+00:00\",\"dateModified\":\"2025-05-08T07:45:51+00:00\",\"description\":\"O nosso CEO, Ismael Clemente, teve a oportunidade de participar numa palestra no C\u00edrculo Equestre de Barcelona.\",\"inLanguage\":\"es\",\"potentialAction\":[{\"@type\":\"ReadAction\",\"target\":[\"https:\/\/www.merlinproperties.com\/pt\/dia-a-dia\/ismael-clemente-circulo-ecuestre-barcelona\/\"]}]},{\"@type\":\"ImageObject\",\"inLanguage\":\"es\",\"@id\":\"https:\/\/www.merlinproperties.com\/pt\/dia-a-dia\/ismael-clemente-circulo-ecuestre-barcelona\/#primaryimage\",\"url\":\"https:\/\/www.merlinproperties.com\/pt\/wp-content\/uploads\/sites\/3\/2023\/02\/Circulo-Ecuestre-Barcelona-2-2-scaled.jpg\",\"contentUrl\":\"https:\/\/www.merlinproperties.com\/pt\/wp-content\/uploads\/sites\/3\/2023\/02\/Circulo-Ecuestre-Barcelona-2-2-scaled.jpg\",\"width\":2560,\"height\":1696},{\"@type\":\"WebSite\",\"@id\":\"https:\/\/www.merlinproperties.com\/pt\/#website\",\"url\":\"https:\/\/www.merlinproperties.com\/pt\/\",\"name\":\"Merlin Properties Socimi, S.A. (PT)\",\"description\":\"Compa\u00f1\u00eda Inmobiliaria, cotizada, l\u00edder en el sector de activos terciarios en la Pen\u00ednsula Ib\u00e9rica.\",\"publisher\":{\"@id\":\"https:\/\/www.merlinproperties.com\/pt\/#organization\"},\"potentialAction\":[{\"@type\":\"SearchAction\",\"target\":{\"@type\":\"EntryPoint\",\"urlTemplate\":\"https:\/\/www.merlinproperties.com\/pt\/?s={search_term_string}\"},\"query-input\":{\"@type\":\"PropertyValueSpecification\",\"valueRequired\":true,\"valueName\":\"search_term_string\"}}],\"inLanguage\":\"es\"},{\"@type\":\"Organization\",\"@id\":\"https:\/\/www.merlinproperties.com\/pt\/#organization\",\"name\":\"Merlin Properties Socimi, S.A. (PT)\",\"url\":\"https:\/\/www.merlinproperties.com\/pt\/\",\"logo\":{\"@type\":\"ImageObject\",\"inLanguage\":\"es\",\"@id\":\"https:\/\/www.merlinproperties.com\/pt\/#\/schema\/logo\/image\/\",\"url\":\"https:\/\/www.merlinproperties.com\/pt\/wp-content\/uploads\/sites\/3\/2023\/03\/Merlin-Logo-Horizontal-Negativo-scaled-3.png\",\"contentUrl\":\"https:\/\/www.merlinproperties.com\/pt\/wp-content\/uploads\/sites\/3\/2023\/03\/Merlin-Logo-Horizontal-Negativo-scaled-3.png\",\"width\":600,\"height\":204,\"caption\":\"Merlin Properties Socimi, S.A. (PT)\"},\"image\":{\"@id\":\"https:\/\/www.merlinproperties.com\/pt\/#\/schema\/logo\/image\/\"}},{\"@type\":\"Person\",\"@id\":\"\",\"url\":\"https:\/\/www.merlinproperties.com\/pt\/author\/\"}]}<\/script>\n<!-- \/ Yoast SEO plugin. -->","yoast_head_json":{"title":"Ismael Clemente, teve a oportunidade de participar numa palestra no C\u00edrculo Equestre de Barcelona - Merlin Properties Socimi, S.A. (PT)","description":"O nosso CEO, Ismael Clemente, teve a oportunidade de participar numa palestra no C\u00edrculo Equestre de Barcelona.","robots":{"index":"index","follow":"follow","max-snippet":"max-snippet:-1","max-image-preview":"max-image-preview:large","max-video-preview":"max-video-preview:-1"},"canonical":"https:\/\/www.merlinproperties.com\/pt\/dia-a-dia\/ismael-clemente-circulo-ecuestre-barcelona\/","og_locale":"es_ES","og_type":"article","og_title":"Ismael Clemente, teve a oportunidade de participar numa palestra no C\u00edrculo Equestre de Barcelona - Merlin Properties Socimi, S.A. (PT)","og_description":"O nosso CEO, Ismael Clemente, teve a oportunidade de participar numa palestra no C\u00edrculo Equestre de Barcelona.","og_url":"https:\/\/www.merlinproperties.com\/pt\/dia-a-dia\/ismael-clemente-circulo-ecuestre-barcelona\/","og_site_name":"Merlin Properties Socimi, S.A. (PT)","article_published_time":"2023-02-17T10:52:22+00:00","article_modified_time":"2025-05-08T07:45:51+00:00","og_image":[{"width":2560,"height":1696,"url":"https:\/\/www.merlinproperties.com\/pt\/wp-content\/uploads\/sites\/3\/2023\/02\/Circulo-Ecuestre-Barcelona-2-2-scaled.jpg","type":"image\/jpeg"}],"twitter_card":"summary_large_image","twitter_misc":{"Escrito por":"","Tiempo de lectura":"1 minuto"},"schema":{"@context":"https:\/\/schema.org","@graph":[{"@type":"Article","@id":"https:\/\/www.merlinproperties.com\/pt\/dia-a-dia\/ismael-clemente-circulo-ecuestre-barcelona\/#article","isPartOf":{"@id":"https:\/\/www.merlinproperties.com\/pt\/dia-a-dia\/ismael-clemente-circulo-ecuestre-barcelona\/"},"author":{"name":"","@id":""},"headline":"Ismael Clemente, teve a oportunidade de participar numa palestra no C\u00edrculo Equestre de Barcelona","datePublished":"2023-02-17T10:52:22+00:00","dateModified":"2025-05-08T07:45:51+00:00","mainEntityOfPage":{"@id":"https:\/\/www.merlinproperties.com\/pt\/dia-a-dia\/ismael-clemente-circulo-ecuestre-barcelona\/"},"wordCount":99,"publisher":{"@id":"https:\/\/www.merlinproperties.com\/pt\/#organization"},"image":{"@id":"https:\/\/www.merlinproperties.com\/pt\/dia-a-dia\/ismael-clemente-circulo-ecuestre-barcelona\/#primaryimage"},"thumbnailUrl":"https:\/\/www.merlinproperties.com\/pt\/wp-content\/uploads\/sites\/3\/2023\/02\/Circulo-Ecuestre-Barcelona-2-2-scaled.jpg","articleSection":["D\u00eda a d\u00eda","Oficinas"],"inLanguage":"es"},{"@type":"WebPage","@id":"https:\/\/www.merlinproperties.com\/pt\/dia-a-dia\/ismael-clemente-circulo-ecuestre-barcelona\/","url":"https:\/\/www.merlinproperties.com\/pt\/dia-a-dia\/ismael-clemente-circulo-ecuestre-barcelona\/","name":"Ismael Clemente, teve a oportunidade de participar numa palestra no C\u00edrculo Equestre de Barcelona - Merlin Properties Socimi, S.A. (PT)","isPartOf":{"@id":"https:\/\/www.merlinproperties.com\/pt\/#website"},"primaryImageOfPage":{"@id":"https:\/\/www.merlinproperties.com\/pt\/dia-a-dia\/ismael-clemente-circulo-ecuestre-barcelona\/#primaryimage"},"image":{"@id":"https:\/\/www.merlinproperties.com\/pt\/dia-a-dia\/ismael-clemente-circulo-ecuestre-barcelona\/#primaryimage"},"thumbnailUrl":"https:\/\/www.merlinproperties.com\/pt\/wp-content\/uploads\/sites\/3\/2023\/02\/Circulo-Ecuestre-Barcelona-2-2-scaled.jpg","datePublished":"2023-02-17T10:52:22+00:00","dateModified":"2025-05-08T07:45:51+00:00","description":"O nosso CEO, Ismael Clemente, teve a oportunidade de participar numa palestra no C\u00edrculo Equestre de Barcelona.","inLanguage":"es","potentialAction":[{"@type":"ReadAction","target":["https:\/\/www.merlinproperties.com\/pt\/dia-a-dia\/ismael-clemente-circulo-ecuestre-barcelona\/"]}]},{"@type":"ImageObject","inLanguage":"es","@id":"https:\/\/www.merlinproperties.com\/pt\/dia-a-dia\/ismael-clemente-circulo-ecuestre-barcelona\/#primaryimage","url":"https:\/\/www.merlinproperties.com\/pt\/wp-content\/uploads\/sites\/3\/2023\/02\/Circulo-Ecuestre-Barcelona-2-2-scaled.jpg","contentUrl":"https:\/\/www.merlinproperties.com\/pt\/wp-content\/uploads\/sites\/3\/2023\/02\/Circulo-Ecuestre-Barcelona-2-2-scaled.jpg","width":2560,"height":1696},{"@type":"WebSite","@id":"https:\/\/www.merlinproperties.com\/pt\/#website","url":"https:\/\/www.merlinproperties.com\/pt\/","name":"Merlin Properties Socimi, S.A. (PT)","description":"Compa\u00f1\u00eda Inmobiliaria, cotizada, l\u00edder en el sector de activos terciarios en la Pen\u00ednsula Ib\u00e9rica.","publisher":{"@id":"https:\/\/www.merlinproperties.com\/pt\/#organization"},"potentialAction":[{"@type":"SearchAction","target":{"@type":"EntryPoint","urlTemplate":"https:\/\/www.merlinproperties.com\/pt\/?s={search_term_string}"},"query-input":{"@type":"PropertyValueSpecification","valueRequired":true,"valueName":"search_term_string"}}],"inLanguage":"es"},{"@type":"Organization","@id":"https:\/\/www.merlinproperties.com\/pt\/#organization","name":"Merlin Properties Socimi, S.A. (PT)","url":"https:\/\/www.merlinproperties.com\/pt\/","logo":{"@type":"ImageObject","inLanguage":"es","@id":"https:\/\/www.merlinproperties.com\/pt\/#\/schema\/logo\/image\/","url":"https:\/\/www.merlinproperties.com\/pt\/wp-content\/uploads\/sites\/3\/2023\/03\/Merlin-Logo-Horizontal-Negativo-scaled-3.png","contentUrl":"https:\/\/www.merlinproperties.com\/pt\/wp-content\/uploads\/sites\/3\/2023\/03\/Merlin-Logo-Horizontal-Negativo-scaled-3.png","width":600,"height":204,"caption":"Merlin Properties Socimi, S.A. (PT)"},"image":{"@id":"https:\/\/www.merlinproperties.com\/pt\/#\/schema\/logo\/image\/"}},{"@type":"Person","@id":"","url":"https:\/\/www.merlinproperties.com\/pt\/author\/"}]}},"_links":{"self":[{"href":"https:\/\/www.merlinproperties.com\/pt\/wp-json\/wp\/v2\/posts\/6760","targetHints":{"allow":["GET"]}}],"collection":[{"href":"https:\/\/www.merlinproperties.com\/pt\/wp-json\/wp\/v2\/posts"}],"about":[{"href":"https:\/\/www.merlinproperties.com\/pt\/wp-json\/wp\/v2\/types\/post"}],"author":[{"embeddable":true,"href":"https:\/\/www.merlinproperties.com\/pt\/wp-json\/wp\/v2\/users\/13"}],"replies":[{"embeddable":true,"href":"https:\/\/www.merlinproperties.com\/pt\/wp-json\/wp\/v2\/comments?post=6760"}],"version-history":[{"count":1,"href":"https:\/\/www.merlinproperties.com\/pt\/wp-json\/wp\/v2\/posts\/6760\/revisions"}],"predecessor-version":[{"id":8515,"href":"https:\/\/www.merlinproperties.com\/pt\/wp-json\/wp\/v2\/posts\/6760\/revisions\/8515"}],"wp:featuredmedia":[{"embeddable":true,"href":"https:\/\/www.merlinproperties.com\/pt\/wp-json\/wp\/v2\/media\/6763"}],"wp:attachment":[{"href":"https:\/\/www.merlinproperties.com\/pt\/wp-json\/wp\/v2\/media?parent=6760"}],"wp:term":[{"taxonomy":"category","embeddable":true,"href":"https:\/\/www.merlinproperties.com\/pt\/wp-json\/wp\/v2\/categories?post=6760"}],"curies":[{"name":"wp","href":"https:\/\/api.w.org\/{rel}","templated":true}]}}