{"id":6673,"date":"2023-02-16T18:30:08","date_gmt":"2023-02-16T18:30:08","guid":{"rendered":"https:\/\/www.merlinproperties.com\/pt\/?p=6673"},"modified":"2025-05-08T07:46:15","modified_gmt":"2025-05-08T07:46:15","slug":"the-district-show","status":"publish","type":"post","link":"https:\/\/www.merlinproperties.com\/pt\/dia-a-dia\/the-district-show\/","title":{"rendered":"The district show"},"content":{"rendered":"<p>Estivemos presentes no The District Show, numa mesa redonda na qual Ismael Clement deu a sua vis\u00e3o juntamente com Pere Vi\u00f1olas Serra, o CEO da Colonial, e Miguel Pereda, o Vice-Presidente do Grupo Lar sobre a import\u00e2ncia da diversifica\u00e7\u00e3o no contexto atual do #RealEstateSector.<\/p>\n<p>Por outro lado, Fernando Ram\u00edrez Baeza comentou sobre o LOOM e os modelos h\u00edbridos nos escrit\u00f3rios como um elemento fundamental para atrair e reter talentos. Tamb\u00e9m participaram nesta mesa redonda Carlos Madrid Abril, o CEO da Europa-Center AG, Teresa C\u00edscar, a Diretora do Flex Spain Office Leasing na JLL e Philippe Jimenez Potente &#8211; IWG Group, Country Manager de Espanha na IWC plc.<\/p>\n<p>Al\u00e9m disso, Francisco Porras, Elisabet Cirici i Amell, diretora de Opera\u00e7\u00f5es do INCAS\u00d2L, Institut Catal\u00e0 del S\u00f2l e Francisco Javier Cirac Ginesta, Country Manager do ISG, debateram sobre a ascens\u00e3o e capacidade dos #DataCenters para serem um ativo imobili\u00e1rio de longo prazo no mercado.<\/p>\n<p>Um agradecimento ao #TheDistrict2022, foi um prazer ter participado neste evento.<\/p>\n","protected":false},"excerpt":{"rendered":"<p>Estivemos presentes no The District Show, numa mesa redonda na qual Ismael Clement deu a sua vis\u00e3o juntamente com Pere Vi\u00f1olas Serra, o CEO da Colonial, e Miguel Pereda, o Vice-Presidente do Grupo Lar sobre a import\u00e2ncia da diversifica\u00e7\u00e3o no contexto atual do #RealEstateSector. Por outro lado, Fernando Ram\u00edrez Baeza comentou sobre o LOOM e [&hellip;]<\/p>\n","protected":false},"author":13,"featured_media":6674,"comment_status":"closed","ping_status":"open","sticky":false,"template":"","format":"standard","meta":{"footnotes":""},"categories":[41,46],"class_list":["post-6673","post","type-post","status-publish","format-standard","has-post-thumbnail","hentry","category-dia-a-dia","category-dia-oficinas"],"acf":[],"yoast_head":"<!-- This site is optimized with the Yoast SEO plugin v26.5 - https:\/\/yoast.com\/wordpress\/plugins\/seo\/ -->\n<title>The district show - Merlin Properties Socimi, S.A. (PT)<\/title>\n<meta name=\"description\" content=\"Ismael Clemente deu a sua vis\u00e3o juntamente com Pere Vi\u00f1olas Serra, CEO da Colonial e Miguel Pereda, Vice-presidente do Grupo Lar.\" \/>\n<meta name=\"robots\" content=\"index, follow, max-snippet:-1, max-image-preview:large, max-video-preview:-1\" \/>\n<link rel=\"canonical\" href=\"https:\/\/www.merlinproperties.com\/pt\/dia-a-dia\/the-district-show\/\" \/>\n<meta property=\"og:locale\" content=\"es_ES\" \/>\n<meta property=\"og:type\" content=\"article\" \/>\n<meta property=\"og:title\" content=\"The district show - Merlin Properties Socimi, S.A. (PT)\" \/>\n<meta property=\"og:description\" content=\"Ismael Clemente deu a sua vis\u00e3o juntamente com Pere Vi\u00f1olas Serra, CEO da Colonial e Miguel Pereda, Vice-presidente do Grupo Lar.\" \/>\n<meta property=\"og:url\" content=\"https:\/\/www.merlinproperties.com\/pt\/dia-a-dia\/the-district-show\/\" \/>\n<meta property=\"og:site_name\" content=\"Merlin Properties Socimi, S.A. (PT)\" \/>\n<meta property=\"article:published_time\" content=\"2023-02-16T18:30:08+00:00\" \/>\n<meta property=\"article:modified_time\" content=\"2025-05-08T07:46:15+00:00\" \/>\n<meta property=\"og:image\" content=\"https:\/\/www.merlinproperties.com\/pt\/wp-content\/uploads\/sites\/3\/2023\/02\/The-District-Show-2.jpg\" \/>\n\t<meta property=\"og:image:width\" content=\"2048\" \/>\n\t<meta property=\"og:image:height\" content=\"1130\" \/>\n\t<meta property=\"og:image:type\" content=\"image\/jpeg\" \/>\n<meta name=\"twitter:card\" content=\"summary_large_image\" \/>\n<meta name=\"twitter:label1\" content=\"Escrito por\" \/>\n\t<meta name=\"twitter:data1\" content=\"\" \/>\n\t<meta name=\"twitter:label2\" content=\"Tiempo de lectura\" \/>\n\t<meta name=\"twitter:data2\" content=\"1 minuto\" \/>\n<script type=\"application\/ld+json\" class=\"yoast-schema-graph\">{\"@context\":\"https:\/\/schema.org\",\"@graph\":[{\"@type\":\"Article\",\"@id\":\"https:\/\/www.merlinproperties.com\/pt\/dia-a-dia\/the-district-show\/#article\",\"isPartOf\":{\"@id\":\"https:\/\/www.merlinproperties.com\/pt\/dia-a-dia\/the-district-show\/\"},\"author\":{\"name\":\"\",\"@id\":\"\"},\"headline\":\"The district show\",\"datePublished\":\"2023-02-16T18:30:08+00:00\",\"dateModified\":\"2025-05-08T07:46:15+00:00\",\"mainEntityOfPage\":{\"@id\":\"https:\/\/www.merlinproperties.com\/pt\/dia-a-dia\/the-district-show\/\"},\"wordCount\":180,\"publisher\":{\"@id\":\"https:\/\/www.merlinproperties.com\/pt\/#organization\"},\"image\":{\"@id\":\"https:\/\/www.merlinproperties.com\/pt\/dia-a-dia\/the-district-show\/#primaryimage\"},\"thumbnailUrl\":\"https:\/\/www.merlinproperties.com\/pt\/wp-content\/uploads\/sites\/3\/2023\/02\/The-District-Show-2.jpg\",\"articleSection\":[\"D\u00eda a d\u00eda\",\"Oficinas\"],\"inLanguage\":\"es\"},{\"@type\":\"WebPage\",\"@id\":\"https:\/\/www.merlinproperties.com\/pt\/dia-a-dia\/the-district-show\/\",\"url\":\"https:\/\/www.merlinproperties.com\/pt\/dia-a-dia\/the-district-show\/\",\"name\":\"The district show - Merlin Properties Socimi, S.A. (PT)\",\"isPartOf\":{\"@id\":\"https:\/\/www.merlinproperties.com\/pt\/#website\"},\"primaryImageOfPage\":{\"@id\":\"https:\/\/www.merlinproperties.com\/pt\/dia-a-dia\/the-district-show\/#primaryimage\"},\"image\":{\"@id\":\"https:\/\/www.merlinproperties.com\/pt\/dia-a-dia\/the-district-show\/#primaryimage\"},\"thumbnailUrl\":\"https:\/\/www.merlinproperties.com\/pt\/wp-content\/uploads\/sites\/3\/2023\/02\/The-District-Show-2.jpg\",\"datePublished\":\"2023-02-16T18:30:08+00:00\",\"dateModified\":\"2025-05-08T07:46:15+00:00\",\"description\":\"Ismael Clemente deu a sua vis\u00e3o juntamente com Pere Vi\u00f1olas Serra, CEO da Colonial e Miguel Pereda, Vice-presidente do Grupo Lar.\",\"inLanguage\":\"es\",\"potentialAction\":[{\"@type\":\"ReadAction\",\"target\":[\"https:\/\/www.merlinproperties.com\/pt\/dia-a-dia\/the-district-show\/\"]}]},{\"@type\":\"ImageObject\",\"inLanguage\":\"es\",\"@id\":\"https:\/\/www.merlinproperties.com\/pt\/dia-a-dia\/the-district-show\/#primaryimage\",\"url\":\"https:\/\/www.merlinproperties.com\/pt\/wp-content\/uploads\/sites\/3\/2023\/02\/The-District-Show-2.jpg\",\"contentUrl\":\"https:\/\/www.merlinproperties.com\/pt\/wp-content\/uploads\/sites\/3\/2023\/02\/The-District-Show-2.jpg\",\"width\":2048,\"height\":1130},{\"@type\":\"WebSite\",\"@id\":\"https:\/\/www.merlinproperties.com\/pt\/#website\",\"url\":\"https:\/\/www.merlinproperties.com\/pt\/\",\"name\":\"Merlin Properties Socimi, S.A. (PT)\",\"description\":\"Compa\u00f1\u00eda Inmobiliaria, cotizada, l\u00edder en el sector de activos terciarios en la Pen\u00ednsula Ib\u00e9rica.\",\"publisher\":{\"@id\":\"https:\/\/www.merlinproperties.com\/pt\/#organization\"},\"potentialAction\":[{\"@type\":\"SearchAction\",\"target\":{\"@type\":\"EntryPoint\",\"urlTemplate\":\"https:\/\/www.merlinproperties.com\/pt\/?s={search_term_string}\"},\"query-input\":{\"@type\":\"PropertyValueSpecification\",\"valueRequired\":true,\"valueName\":\"search_term_string\"}}],\"inLanguage\":\"es\"},{\"@type\":\"Organization\",\"@id\":\"https:\/\/www.merlinproperties.com\/pt\/#organization\",\"name\":\"Merlin Properties Socimi, S.A. (PT)\",\"url\":\"https:\/\/www.merlinproperties.com\/pt\/\",\"logo\":{\"@type\":\"ImageObject\",\"inLanguage\":\"es\",\"@id\":\"https:\/\/www.merlinproperties.com\/pt\/#\/schema\/logo\/image\/\",\"url\":\"https:\/\/www.merlinproperties.com\/pt\/wp-content\/uploads\/sites\/3\/2023\/03\/Merlin-Logo-Horizontal-Negativo-scaled-3.png\",\"contentUrl\":\"https:\/\/www.merlinproperties.com\/pt\/wp-content\/uploads\/sites\/3\/2023\/03\/Merlin-Logo-Horizontal-Negativo-scaled-3.png\",\"width\":600,\"height\":204,\"caption\":\"Merlin Properties Socimi, S.A. (PT)\"},\"image\":{\"@id\":\"https:\/\/www.merlinproperties.com\/pt\/#\/schema\/logo\/image\/\"}},{\"@type\":\"Person\",\"@id\":\"\",\"url\":\"https:\/\/www.merlinproperties.com\/pt\/author\/\"}]}<\/script>\n<!-- \/ Yoast SEO plugin. -->","yoast_head_json":{"title":"The district show - Merlin Properties Socimi, S.A. (PT)","description":"Ismael Clemente deu a sua vis\u00e3o juntamente com Pere Vi\u00f1olas Serra, CEO da Colonial e Miguel Pereda, Vice-presidente do Grupo Lar.","robots":{"index":"index","follow":"follow","max-snippet":"max-snippet:-1","max-image-preview":"max-image-preview:large","max-video-preview":"max-video-preview:-1"},"canonical":"https:\/\/www.merlinproperties.com\/pt\/dia-a-dia\/the-district-show\/","og_locale":"es_ES","og_type":"article","og_title":"The district show - Merlin Properties Socimi, S.A. (PT)","og_description":"Ismael Clemente deu a sua vis\u00e3o juntamente com Pere Vi\u00f1olas Serra, CEO da Colonial e Miguel Pereda, Vice-presidente do Grupo Lar.","og_url":"https:\/\/www.merlinproperties.com\/pt\/dia-a-dia\/the-district-show\/","og_site_name":"Merlin Properties Socimi, S.A. (PT)","article_published_time":"2023-02-16T18:30:08+00:00","article_modified_time":"2025-05-08T07:46:15+00:00","og_image":[{"width":2048,"height":1130,"url":"https:\/\/www.merlinproperties.com\/pt\/wp-content\/uploads\/sites\/3\/2023\/02\/The-District-Show-2.jpg","type":"image\/jpeg"}],"twitter_card":"summary_large_image","twitter_misc":{"Escrito por":"","Tiempo de lectura":"1 minuto"},"schema":{"@context":"https:\/\/schema.org","@graph":[{"@type":"Article","@id":"https:\/\/www.merlinproperties.com\/pt\/dia-a-dia\/the-district-show\/#article","isPartOf":{"@id":"https:\/\/www.merlinproperties.com\/pt\/dia-a-dia\/the-district-show\/"},"author":{"name":"","@id":""},"headline":"The district show","datePublished":"2023-02-16T18:30:08+00:00","dateModified":"2025-05-08T07:46:15+00:00","mainEntityOfPage":{"@id":"https:\/\/www.merlinproperties.com\/pt\/dia-a-dia\/the-district-show\/"},"wordCount":180,"publisher":{"@id":"https:\/\/www.merlinproperties.com\/pt\/#organization"},"image":{"@id":"https:\/\/www.merlinproperties.com\/pt\/dia-a-dia\/the-district-show\/#primaryimage"},"thumbnailUrl":"https:\/\/www.merlinproperties.com\/pt\/wp-content\/uploads\/sites\/3\/2023\/02\/The-District-Show-2.jpg","articleSection":["D\u00eda a d\u00eda","Oficinas"],"inLanguage":"es"},{"@type":"WebPage","@id":"https:\/\/www.merlinproperties.com\/pt\/dia-a-dia\/the-district-show\/","url":"https:\/\/www.merlinproperties.com\/pt\/dia-a-dia\/the-district-show\/","name":"The district show - Merlin Properties Socimi, S.A. (PT)","isPartOf":{"@id":"https:\/\/www.merlinproperties.com\/pt\/#website"},"primaryImageOfPage":{"@id":"https:\/\/www.merlinproperties.com\/pt\/dia-a-dia\/the-district-show\/#primaryimage"},"image":{"@id":"https:\/\/www.merlinproperties.com\/pt\/dia-a-dia\/the-district-show\/#primaryimage"},"thumbnailUrl":"https:\/\/www.merlinproperties.com\/pt\/wp-content\/uploads\/sites\/3\/2023\/02\/The-District-Show-2.jpg","datePublished":"2023-02-16T18:30:08+00:00","dateModified":"2025-05-08T07:46:15+00:00","description":"Ismael Clemente deu a sua vis\u00e3o juntamente com Pere Vi\u00f1olas Serra, CEO da Colonial e Miguel Pereda, Vice-presidente do Grupo Lar.","inLanguage":"es","potentialAction":[{"@type":"ReadAction","target":["https:\/\/www.merlinproperties.com\/pt\/dia-a-dia\/the-district-show\/"]}]},{"@type":"ImageObject","inLanguage":"es","@id":"https:\/\/www.merlinproperties.com\/pt\/dia-a-dia\/the-district-show\/#primaryimage","url":"https:\/\/www.merlinproperties.com\/pt\/wp-content\/uploads\/sites\/3\/2023\/02\/The-District-Show-2.jpg","contentUrl":"https:\/\/www.merlinproperties.com\/pt\/wp-content\/uploads\/sites\/3\/2023\/02\/The-District-Show-2.jpg","width":2048,"height":1130},{"@type":"WebSite","@id":"https:\/\/www.merlinproperties.com\/pt\/#website","url":"https:\/\/www.merlinproperties.com\/pt\/","name":"Merlin Properties Socimi, S.A. (PT)","description":"Compa\u00f1\u00eda Inmobiliaria, cotizada, l\u00edder en el sector de activos terciarios en la Pen\u00ednsula Ib\u00e9rica.","publisher":{"@id":"https:\/\/www.merlinproperties.com\/pt\/#organization"},"potentialAction":[{"@type":"SearchAction","target":{"@type":"EntryPoint","urlTemplate":"https:\/\/www.merlinproperties.com\/pt\/?s={search_term_string}"},"query-input":{"@type":"PropertyValueSpecification","valueRequired":true,"valueName":"search_term_string"}}],"inLanguage":"es"},{"@type":"Organization","@id":"https:\/\/www.merlinproperties.com\/pt\/#organization","name":"Merlin Properties Socimi, S.A. (PT)","url":"https:\/\/www.merlinproperties.com\/pt\/","logo":{"@type":"ImageObject","inLanguage":"es","@id":"https:\/\/www.merlinproperties.com\/pt\/#\/schema\/logo\/image\/","url":"https:\/\/www.merlinproperties.com\/pt\/wp-content\/uploads\/sites\/3\/2023\/03\/Merlin-Logo-Horizontal-Negativo-scaled-3.png","contentUrl":"https:\/\/www.merlinproperties.com\/pt\/wp-content\/uploads\/sites\/3\/2023\/03\/Merlin-Logo-Horizontal-Negativo-scaled-3.png","width":600,"height":204,"caption":"Merlin Properties Socimi, S.A. (PT)"},"image":{"@id":"https:\/\/www.merlinproperties.com\/pt\/#\/schema\/logo\/image\/"}},{"@type":"Person","@id":"","url":"https:\/\/www.merlinproperties.com\/pt\/author\/"}]}},"_links":{"self":[{"href":"https:\/\/www.merlinproperties.com\/pt\/wp-json\/wp\/v2\/posts\/6673","targetHints":{"allow":["GET"]}}],"collection":[{"href":"https:\/\/www.merlinproperties.com\/pt\/wp-json\/wp\/v2\/posts"}],"about":[{"href":"https:\/\/www.merlinproperties.com\/pt\/wp-json\/wp\/v2\/types\/post"}],"author":[{"embeddable":true,"href":"https:\/\/www.merlinproperties.com\/pt\/wp-json\/wp\/v2\/users\/13"}],"replies":[{"embeddable":true,"href":"https:\/\/www.merlinproperties.com\/pt\/wp-json\/wp\/v2\/comments?post=6673"}],"version-history":[{"count":1,"href":"https:\/\/www.merlinproperties.com\/pt\/wp-json\/wp\/v2\/posts\/6673\/revisions"}],"predecessor-version":[{"id":8535,"href":"https:\/\/www.merlinproperties.com\/pt\/wp-json\/wp\/v2\/posts\/6673\/revisions\/8535"}],"wp:featuredmedia":[{"embeddable":true,"href":"https:\/\/www.merlinproperties.com\/pt\/wp-json\/wp\/v2\/media\/6674"}],"wp:attachment":[{"href":"https:\/\/www.merlinproperties.com\/pt\/wp-json\/wp\/v2\/media?parent=6673"}],"wp:term":[{"taxonomy":"category","embeddable":true,"href":"https:\/\/www.merlinproperties.com\/pt\/wp-json\/wp\/v2\/categories?post=6673"}],"curies":[{"name":"wp","href":"https:\/\/api.w.org\/{rel}","templated":true}]}}