{"id":9311,"date":"2025-12-03T16:15:14","date_gmt":"2025-12-03T16:15:14","guid":{"rendered":"https:\/\/www.merlinproperties.com\/en\/?p=9311"},"modified":"2025-12-03T16:16:46","modified_gmt":"2025-12-03T16:16:46","slug":"9311","status":"publish","type":"post","link":"https:\/\/www.merlinproperties.com\/en\/dia-a-dia\/9311\/","title":{"rendered":"We present the new Valencia B\u00e9tera Park logistics park, consolidating our presence in the Valencian Community."},"content":{"rendered":"<p>We present the new Valencia B\u00e9tera Park logistics park, consolidating our presence in the Valencian Community.<\/p>\n<p>Today we presented the new Valencia B\u00e9tera Park logistics park, attended by the Mayor of B\u00e9tera, Elia Verdev\u00edo Escrib\u00e1, our CEO Ismael Clemente together with the MERLIN Properties Logistics team and representatives of our partners in the CL\u00c1SICA URBANA and Pavasal projects.<\/p>\n<p>\u2705 Its strategic location in Valencia&#8217;s first logistics ring, combined with the important role of the Mediterranean Corridor in national and international distribution, makes B\u00e9tera a key location in a context where logistics is a fundamental pillar of economic competitiveness.<\/p>\n<p>\u2705 The logistics park, with more than 95,000 m\u00b2 (GLA), will have three 25,000 m\u00b2 warehouses and one 20,000 m\u00b2 warehouse, all state-of-the-art, with 11-metre clear heights and 50-metre manoeuvring areas, ready to meet the demands of e-commerce, international distribution and the optimisation of logistics processes.<\/p>\n<p>\u2705 The first warehouse, currently under construction, will be completed before the end of summer 2026.<\/p>\n<p>\u2705 It will have LEED Gold energy certification, photovoltaic installations and construction solutions that guarantee high standards of quality and sustainability.<\/p>\n<p>This park reflects MERLIN&#8217;s commitment to the logistics sector in the Valencian Community and consolidates our presence in a region that has positioned itself as one of the main logistics hubs in the country.<\/p>\n<p><img loading=\"lazy\" decoding=\"async\" class=\"alignnone size-medium wp-image-9313\" src=\"https:\/\/www.merlinproperties.com\/en\/wp-content\/uploads\/sites\/2\/2025\/12\/628E7AE2-2EA5-46EC-8095-5248ECAC657D-810x630.jpeg\" alt=\"\" width=\"810\" height=\"630\" srcset=\"https:\/\/www.merlinproperties.com\/en\/wp-content\/uploads\/sites\/2\/2025\/12\/628E7AE2-2EA5-46EC-8095-5248ECAC657D-810x630.jpeg 810w, https:\/\/www.merlinproperties.com\/en\/wp-content\/uploads\/sites\/2\/2025\/12\/628E7AE2-2EA5-46EC-8095-5248ECAC657D-450x350.jpeg 450w, https:\/\/www.merlinproperties.com\/en\/wp-content\/uploads\/sites\/2\/2025\/12\/628E7AE2-2EA5-46EC-8095-5248ECAC657D-768x597.jpeg 768w, https:\/\/www.merlinproperties.com\/en\/wp-content\/uploads\/sites\/2\/2025\/12\/628E7AE2-2EA5-46EC-8095-5248ECAC657D.jpeg 1061w\" sizes=\"auto, (max-width: 810px) 100vw, 810px\" \/><\/p>\n<figure id=\"attachment_9312\" aria-describedby=\"caption-attachment-9312\" style=\"width: 779px\" class=\"wp-caption alignnone\"><img loading=\"lazy\" decoding=\"async\" class=\"size-medium wp-image-9312\" src=\"https:\/\/www.merlinproperties.com\/en\/wp-content\/uploads\/sites\/2\/2025\/12\/Tezza-7913-779x630.jpeg\" alt=\"\" width=\"779\" height=\"630\" srcset=\"https:\/\/www.merlinproperties.com\/en\/wp-content\/uploads\/sites\/2\/2025\/12\/Tezza-7913-779x630.jpeg 779w, https:\/\/www.merlinproperties.com\/en\/wp-content\/uploads\/sites\/2\/2025\/12\/Tezza-7913-450x364.jpeg 450w, https:\/\/www.merlinproperties.com\/en\/wp-content\/uploads\/sites\/2\/2025\/12\/Tezza-7913-768x621.jpeg 768w, https:\/\/www.merlinproperties.com\/en\/wp-content\/uploads\/sites\/2\/2025\/12\/Tezza-7913.jpeg 1043w\" sizes=\"auto, (max-width: 779px) 100vw, 779px\" \/><figcaption id=\"caption-attachment-9312\" class=\"wp-caption-text\">Edited in Tezza with: Recortar<\/figcaption><\/figure>\n<p><img loading=\"lazy\" decoding=\"async\" class=\"alignnone size-medium wp-image-9314\" src=\"https:\/\/www.merlinproperties.com\/en\/wp-content\/uploads\/sites\/2\/2025\/12\/IMG_5056-840x608.jpeg\" alt=\"\" width=\"840\" height=\"608\" srcset=\"https:\/\/www.merlinproperties.com\/en\/wp-content\/uploads\/sites\/2\/2025\/12\/IMG_5056-840x608.jpeg 840w, https:\/\/www.merlinproperties.com\/en\/wp-content\/uploads\/sites\/2\/2025\/12\/IMG_5056-450x326.jpeg 450w, https:\/\/www.merlinproperties.com\/en\/wp-content\/uploads\/sites\/2\/2025\/12\/IMG_5056-768x556.jpeg 768w, https:\/\/www.merlinproperties.com\/en\/wp-content\/uploads\/sites\/2\/2025\/12\/IMG_5056.jpeg 1118w\" sizes=\"auto, (max-width: 840px) 100vw, 840px\" \/><\/p>\n<figure id=\"attachment_9315\" aria-describedby=\"caption-attachment-9315\" style=\"width: 840px\" class=\"wp-caption alignnone\"><img loading=\"lazy\" decoding=\"async\" class=\"size-medium wp-image-9315\" src=\"https:\/\/www.merlinproperties.com\/en\/wp-content\/uploads\/sites\/2\/2025\/12\/Tezza-0355-840x540.jpeg\" alt=\"\" width=\"840\" height=\"540\" srcset=\"https:\/\/www.merlinproperties.com\/en\/wp-content\/uploads\/sites\/2\/2025\/12\/Tezza-0355-840x540.jpeg 840w, https:\/\/www.merlinproperties.com\/en\/wp-content\/uploads\/sites\/2\/2025\/12\/Tezza-0355-450x289.jpeg 450w, https:\/\/www.merlinproperties.com\/en\/wp-content\/uploads\/sites\/2\/2025\/12\/Tezza-0355-768x493.jpeg 768w, https:\/\/www.merlinproperties.com\/en\/wp-content\/uploads\/sites\/2\/2025\/12\/Tezza-0355-1200x771.jpeg 1200w, https:\/\/www.merlinproperties.com\/en\/wp-content\/uploads\/sites\/2\/2025\/12\/Tezza-0355.jpeg 1258w\" sizes=\"auto, (max-width: 840px) 100vw, 840px\" \/><figcaption id=\"caption-attachment-9315\" class=\"wp-caption-text\">Edited in Tezza with: Brillo &amp; Contraste<\/figcaption><\/figure>\n<figure id=\"attachment_9316\" aria-describedby=\"caption-attachment-9316\" style=\"width: 840px\" class=\"wp-caption alignnone\"><img loading=\"lazy\" decoding=\"async\" class=\"size-medium wp-image-9316\" src=\"https:\/\/www.merlinproperties.com\/en\/wp-content\/uploads\/sites\/2\/2025\/12\/Tezza-0612-840x542.jpeg\" alt=\"\" width=\"840\" height=\"542\" srcset=\"https:\/\/www.merlinproperties.com\/en\/wp-content\/uploads\/sites\/2\/2025\/12\/Tezza-0612-840x542.jpeg 840w, https:\/\/www.merlinproperties.com\/en\/wp-content\/uploads\/sites\/2\/2025\/12\/Tezza-0612-450x290.jpeg 450w, https:\/\/www.merlinproperties.com\/en\/wp-content\/uploads\/sites\/2\/2025\/12\/Tezza-0612-768x495.jpeg 768w, https:\/\/www.merlinproperties.com\/en\/wp-content\/uploads\/sites\/2\/2025\/12\/Tezza-0612-1200x774.jpeg 1200w, https:\/\/www.merlinproperties.com\/en\/wp-content\/uploads\/sites\/2\/2025\/12\/Tezza-0612.jpeg 1245w\" sizes=\"auto, (max-width: 840px) 100vw, 840px\" \/><figcaption id=\"caption-attachment-9316\" class=\"wp-caption-text\">Edited in Tezza with: Contraste &amp; Sombras<\/figcaption><\/figure>\n","protected":false},"excerpt":{"rendered":"<p>We present the new Valencia B\u00e9tera Park logistics park, consolidating our presence in the Valencian Community. Today we presented the new Valencia B\u00e9tera Park logistics park, attended by the Mayor of B\u00e9tera, Elia Verdev\u00edo Escrib\u00e1, our CEO Ismael Clemente together with the MERLIN Properties Logistics team and representatives of our partners in the CL\u00c1SICA URBANA [&hellip;]<\/p>\n","protected":false},"author":14,"featured_media":9317,"comment_status":"closed","ping_status":"open","sticky":false,"template":"","format":"standard","meta":{"footnotes":""},"categories":[88,41,44],"class_list":["post-9311","post","type-post","status-publish","format-standard","has-post-thumbnail","hentry","category-corporativo","category-dia-a-dia","category-dia-logistica"],"acf":[],"yoast_head":"<!-- This site is optimized with the Yoast SEO plugin v26.5 - https:\/\/yoast.com\/wordpress\/plugins\/seo\/ -->\n<title>We present the new Valencia B\u00e9tera Park logistics park, consolidating our presence in the Valencian Community. - Merlin Properties Socimi, S.A. (EN)<\/title>\n<meta name=\"robots\" content=\"index, follow, max-snippet:-1, max-image-preview:large, max-video-preview:-1\" \/>\n<link rel=\"canonical\" href=\"https:\/\/www.merlinproperties.com\/en\/dia-a-dia\/9311\/\" \/>\n<meta property=\"og:locale\" content=\"es_ES\" \/>\n<meta property=\"og:type\" content=\"article\" \/>\n<meta property=\"og:title\" content=\"We present the new Valencia B\u00e9tera Park logistics park, consolidating our presence in the Valencian Community. - Merlin Properties Socimi, S.A. (EN)\" \/>\n<meta property=\"og:description\" content=\"We present the new Valencia B\u00e9tera Park logistics park, consolidating our presence in the Valencian Community. Today we presented the new Valencia B\u00e9tera Park logistics park, attended by the Mayor of B\u00e9tera, Elia Verdev\u00edo Escrib\u00e1, our CEO Ismael Clemente together with the MERLIN Properties Logistics team and representatives of our partners in the CL\u00c1SICA URBANA [&hellip;]\" \/>\n<meta property=\"og:url\" content=\"https:\/\/www.merlinproperties.com\/en\/dia-a-dia\/9311\/\" \/>\n<meta property=\"og:site_name\" content=\"Merlin Properties Socimi, S.A. (EN)\" \/>\n<meta property=\"article:published_time\" content=\"2025-12-03T16:15:14+00:00\" \/>\n<meta property=\"article:modified_time\" content=\"2025-12-03T16:16:46+00:00\" \/>\n<meta property=\"og:image\" content=\"https:\/\/www.merlinproperties.com\/en\/wp-content\/uploads\/sites\/2\/2025\/12\/Proyecto-nuevo-16-1.jpg\" \/>\n\t<meta property=\"og:image:width\" content=\"1500\" \/>\n\t<meta property=\"og:image:height\" content=\"500\" \/>\n\t<meta property=\"og:image:type\" content=\"image\/jpeg\" \/>\n<meta name=\"author\" content=\"albaclavero\" \/>\n<meta name=\"twitter:card\" content=\"summary_large_image\" \/>\n<meta name=\"twitter:label1\" content=\"Escrito por\" \/>\n\t<meta name=\"twitter:data1\" content=\"albaclavero\" \/>\n\t<meta name=\"twitter:label2\" content=\"Tiempo de lectura\" \/>\n\t<meta name=\"twitter:data2\" content=\"3 minutos\" \/>\n<script type=\"application\/ld+json\" class=\"yoast-schema-graph\">{\"@context\":\"https:\/\/schema.org\",\"@graph\":[{\"@type\":\"Article\",\"@id\":\"https:\/\/www.merlinproperties.com\/en\/dia-a-dia\/9311\/#article\",\"isPartOf\":{\"@id\":\"https:\/\/www.merlinproperties.com\/en\/dia-a-dia\/9311\/\"},\"author\":{\"name\":\"albaclavero\",\"@id\":\"https:\/\/www.merlinproperties.com\/en\/#\/schema\/person\/1bcb8cdc1d11df155e03700d933bee6a\"},\"headline\":\"We present the new Valencia B\u00e9tera Park logistics park, consolidating our presence in the Valencian Community.\",\"datePublished\":\"2025-12-03T16:15:14+00:00\",\"dateModified\":\"2025-12-03T16:16:46+00:00\",\"mainEntityOfPage\":{\"@id\":\"https:\/\/www.merlinproperties.com\/en\/dia-a-dia\/9311\/\"},\"wordCount\":272,\"publisher\":{\"@id\":\"https:\/\/www.merlinproperties.com\/en\/#organization\"},\"image\":{\"@id\":\"https:\/\/www.merlinproperties.com\/en\/dia-a-dia\/9311\/#primaryimage\"},\"thumbnailUrl\":\"https:\/\/www.merlinproperties.com\/en\/wp-content\/uploads\/sites\/2\/2025\/12\/Proyecto-nuevo-16-1.jpg\",\"articleSection\":[\"Corporativo\",\"D\u00eda a d\u00eda\",\"Log\u00edstica\"],\"inLanguage\":\"es\"},{\"@type\":\"WebPage\",\"@id\":\"https:\/\/www.merlinproperties.com\/en\/dia-a-dia\/9311\/\",\"url\":\"https:\/\/www.merlinproperties.com\/en\/dia-a-dia\/9311\/\",\"name\":\"We present the new Valencia B\u00e9tera Park logistics park, consolidating our presence in the Valencian Community. - Merlin Properties Socimi, S.A. (EN)\",\"isPartOf\":{\"@id\":\"https:\/\/www.merlinproperties.com\/en\/#website\"},\"primaryImageOfPage\":{\"@id\":\"https:\/\/www.merlinproperties.com\/en\/dia-a-dia\/9311\/#primaryimage\"},\"image\":{\"@id\":\"https:\/\/www.merlinproperties.com\/en\/dia-a-dia\/9311\/#primaryimage\"},\"thumbnailUrl\":\"https:\/\/www.merlinproperties.com\/en\/wp-content\/uploads\/sites\/2\/2025\/12\/Proyecto-nuevo-16-1.jpg\",\"datePublished\":\"2025-12-03T16:15:14+00:00\",\"dateModified\":\"2025-12-03T16:16:46+00:00\",\"inLanguage\":\"es\",\"potentialAction\":[{\"@type\":\"ReadAction\",\"target\":[\"https:\/\/www.merlinproperties.com\/en\/dia-a-dia\/9311\/\"]}]},{\"@type\":\"ImageObject\",\"inLanguage\":\"es\",\"@id\":\"https:\/\/www.merlinproperties.com\/en\/dia-a-dia\/9311\/#primaryimage\",\"url\":\"https:\/\/www.merlinproperties.com\/en\/wp-content\/uploads\/sites\/2\/2025\/12\/Proyecto-nuevo-16-1.jpg\",\"contentUrl\":\"https:\/\/www.merlinproperties.com\/en\/wp-content\/uploads\/sites\/2\/2025\/12\/Proyecto-nuevo-16-1.jpg\",\"width\":1500,\"height\":500},{\"@type\":\"WebSite\",\"@id\":\"https:\/\/www.merlinproperties.com\/en\/#website\",\"url\":\"https:\/\/www.merlinproperties.com\/en\/\",\"name\":\"Merlin Properties Socimi, S.A. (EN)\",\"description\":\"Compa\u00f1\u00eda Inmobiliaria, cotizada, l\u00edder en el sector de activos terciarios en la Pen\u00ednsula Ib\u00e9rica.\",\"publisher\":{\"@id\":\"https:\/\/www.merlinproperties.com\/en\/#organization\"},\"potentialAction\":[{\"@type\":\"SearchAction\",\"target\":{\"@type\":\"EntryPoint\",\"urlTemplate\":\"https:\/\/www.merlinproperties.com\/en\/?s={search_term_string}\"},\"query-input\":{\"@type\":\"PropertyValueSpecification\",\"valueRequired\":true,\"valueName\":\"search_term_string\"}}],\"inLanguage\":\"es\"},{\"@type\":\"Organization\",\"@id\":\"https:\/\/www.merlinproperties.com\/en\/#organization\",\"name\":\"Merlin Properties Socimi, S.A. (EN)\",\"url\":\"https:\/\/www.merlinproperties.com\/en\/\",\"logo\":{\"@type\":\"ImageObject\",\"inLanguage\":\"es\",\"@id\":\"https:\/\/www.merlinproperties.com\/en\/#\/schema\/logo\/image\/\",\"url\":\"https:\/\/www.merlinproperties.com\/en\/wp-content\/uploads\/sites\/2\/2023\/03\/Merlin-Logo-Horizontal-Negativo-scaled-2.png\",\"contentUrl\":\"https:\/\/www.merlinproperties.com\/en\/wp-content\/uploads\/sites\/2\/2023\/03\/Merlin-Logo-Horizontal-Negativo-scaled-2.png\",\"width\":600,\"height\":204,\"caption\":\"Merlin Properties Socimi, S.A. (EN)\"},\"image\":{\"@id\":\"https:\/\/www.merlinproperties.com\/en\/#\/schema\/logo\/image\/\"}},{\"@type\":\"Person\",\"@id\":\"https:\/\/www.merlinproperties.com\/en\/#\/schema\/person\/1bcb8cdc1d11df155e03700d933bee6a\",\"name\":\"albaclavero\",\"image\":{\"@type\":\"ImageObject\",\"inLanguage\":\"es\",\"@id\":\"https:\/\/www.merlinproperties.com\/en\/#\/schema\/person\/image\/\",\"url\":\"https:\/\/secure.gravatar.com\/avatar\/bb2cd22b45218e9e06701ca4b693cdd392bd06fc7d29be2b9339b092c70bced0?s=96&d=mm&r=g\",\"contentUrl\":\"https:\/\/secure.gravatar.com\/avatar\/bb2cd22b45218e9e06701ca4b693cdd392bd06fc7d29be2b9339b092c70bced0?s=96&d=mm&r=g\",\"caption\":\"albaclavero\"},\"url\":\"https:\/\/www.merlinproperties.com\/en\/author\/albaclavero\/\"}]}<\/script>\n<!-- \/ Yoast SEO plugin. -->","yoast_head_json":{"title":"We present the new Valencia B\u00e9tera Park logistics park, consolidating our presence in the Valencian Community. - Merlin Properties Socimi, S.A. (EN)","robots":{"index":"index","follow":"follow","max-snippet":"max-snippet:-1","max-image-preview":"max-image-preview:large","max-video-preview":"max-video-preview:-1"},"canonical":"https:\/\/www.merlinproperties.com\/en\/dia-a-dia\/9311\/","og_locale":"es_ES","og_type":"article","og_title":"We present the new Valencia B\u00e9tera Park logistics park, consolidating our presence in the Valencian Community. - Merlin Properties Socimi, S.A. (EN)","og_description":"We present the new Valencia B\u00e9tera Park logistics park, consolidating our presence in the Valencian Community. Today we presented the new Valencia B\u00e9tera Park logistics park, attended by the Mayor of B\u00e9tera, Elia Verdev\u00edo Escrib\u00e1, our CEO Ismael Clemente together with the MERLIN Properties Logistics team and representatives of our partners in the CL\u00c1SICA URBANA [&hellip;]","og_url":"https:\/\/www.merlinproperties.com\/en\/dia-a-dia\/9311\/","og_site_name":"Merlin Properties Socimi, S.A. (EN)","article_published_time":"2025-12-03T16:15:14+00:00","article_modified_time":"2025-12-03T16:16:46+00:00","og_image":[{"width":1500,"height":500,"url":"https:\/\/www.merlinproperties.com\/en\/wp-content\/uploads\/sites\/2\/2025\/12\/Proyecto-nuevo-16-1.jpg","type":"image\/jpeg"}],"author":"albaclavero","twitter_card":"summary_large_image","twitter_misc":{"Escrito por":"albaclavero","Tiempo de lectura":"3 minutos"},"schema":{"@context":"https:\/\/schema.org","@graph":[{"@type":"Article","@id":"https:\/\/www.merlinproperties.com\/en\/dia-a-dia\/9311\/#article","isPartOf":{"@id":"https:\/\/www.merlinproperties.com\/en\/dia-a-dia\/9311\/"},"author":{"name":"albaclavero","@id":"https:\/\/www.merlinproperties.com\/en\/#\/schema\/person\/1bcb8cdc1d11df155e03700d933bee6a"},"headline":"We present the new Valencia B\u00e9tera Park logistics park, consolidating our presence in the Valencian Community.","datePublished":"2025-12-03T16:15:14+00:00","dateModified":"2025-12-03T16:16:46+00:00","mainEntityOfPage":{"@id":"https:\/\/www.merlinproperties.com\/en\/dia-a-dia\/9311\/"},"wordCount":272,"publisher":{"@id":"https:\/\/www.merlinproperties.com\/en\/#organization"},"image":{"@id":"https:\/\/www.merlinproperties.com\/en\/dia-a-dia\/9311\/#primaryimage"},"thumbnailUrl":"https:\/\/www.merlinproperties.com\/en\/wp-content\/uploads\/sites\/2\/2025\/12\/Proyecto-nuevo-16-1.jpg","articleSection":["Corporativo","D\u00eda a d\u00eda","Log\u00edstica"],"inLanguage":"es"},{"@type":"WebPage","@id":"https:\/\/www.merlinproperties.com\/en\/dia-a-dia\/9311\/","url":"https:\/\/www.merlinproperties.com\/en\/dia-a-dia\/9311\/","name":"We present the new Valencia B\u00e9tera Park logistics park, consolidating our presence in the Valencian Community. - Merlin Properties Socimi, S.A. (EN)","isPartOf":{"@id":"https:\/\/www.merlinproperties.com\/en\/#website"},"primaryImageOfPage":{"@id":"https:\/\/www.merlinproperties.com\/en\/dia-a-dia\/9311\/#primaryimage"},"image":{"@id":"https:\/\/www.merlinproperties.com\/en\/dia-a-dia\/9311\/#primaryimage"},"thumbnailUrl":"https:\/\/www.merlinproperties.com\/en\/wp-content\/uploads\/sites\/2\/2025\/12\/Proyecto-nuevo-16-1.jpg","datePublished":"2025-12-03T16:15:14+00:00","dateModified":"2025-12-03T16:16:46+00:00","inLanguage":"es","potentialAction":[{"@type":"ReadAction","target":["https:\/\/www.merlinproperties.com\/en\/dia-a-dia\/9311\/"]}]},{"@type":"ImageObject","inLanguage":"es","@id":"https:\/\/www.merlinproperties.com\/en\/dia-a-dia\/9311\/#primaryimage","url":"https:\/\/www.merlinproperties.com\/en\/wp-content\/uploads\/sites\/2\/2025\/12\/Proyecto-nuevo-16-1.jpg","contentUrl":"https:\/\/www.merlinproperties.com\/en\/wp-content\/uploads\/sites\/2\/2025\/12\/Proyecto-nuevo-16-1.jpg","width":1500,"height":500},{"@type":"WebSite","@id":"https:\/\/www.merlinproperties.com\/en\/#website","url":"https:\/\/www.merlinproperties.com\/en\/","name":"Merlin Properties Socimi, S.A. (EN)","description":"Compa\u00f1\u00eda Inmobiliaria, cotizada, l\u00edder en el sector de activos terciarios en la Pen\u00ednsula Ib\u00e9rica.","publisher":{"@id":"https:\/\/www.merlinproperties.com\/en\/#organization"},"potentialAction":[{"@type":"SearchAction","target":{"@type":"EntryPoint","urlTemplate":"https:\/\/www.merlinproperties.com\/en\/?s={search_term_string}"},"query-input":{"@type":"PropertyValueSpecification","valueRequired":true,"valueName":"search_term_string"}}],"inLanguage":"es"},{"@type":"Organization","@id":"https:\/\/www.merlinproperties.com\/en\/#organization","name":"Merlin Properties Socimi, S.A. (EN)","url":"https:\/\/www.merlinproperties.com\/en\/","logo":{"@type":"ImageObject","inLanguage":"es","@id":"https:\/\/www.merlinproperties.com\/en\/#\/schema\/logo\/image\/","url":"https:\/\/www.merlinproperties.com\/en\/wp-content\/uploads\/sites\/2\/2023\/03\/Merlin-Logo-Horizontal-Negativo-scaled-2.png","contentUrl":"https:\/\/www.merlinproperties.com\/en\/wp-content\/uploads\/sites\/2\/2023\/03\/Merlin-Logo-Horizontal-Negativo-scaled-2.png","width":600,"height":204,"caption":"Merlin Properties Socimi, S.A. (EN)"},"image":{"@id":"https:\/\/www.merlinproperties.com\/en\/#\/schema\/logo\/image\/"}},{"@type":"Person","@id":"https:\/\/www.merlinproperties.com\/en\/#\/schema\/person\/1bcb8cdc1d11df155e03700d933bee6a","name":"albaclavero","image":{"@type":"ImageObject","inLanguage":"es","@id":"https:\/\/www.merlinproperties.com\/en\/#\/schema\/person\/image\/","url":"https:\/\/secure.gravatar.com\/avatar\/bb2cd22b45218e9e06701ca4b693cdd392bd06fc7d29be2b9339b092c70bced0?s=96&d=mm&r=g","contentUrl":"https:\/\/secure.gravatar.com\/avatar\/bb2cd22b45218e9e06701ca4b693cdd392bd06fc7d29be2b9339b092c70bced0?s=96&d=mm&r=g","caption":"albaclavero"},"url":"https:\/\/www.merlinproperties.com\/en\/author\/albaclavero\/"}]}},"_links":{"self":[{"href":"https:\/\/www.merlinproperties.com\/en\/wp-json\/wp\/v2\/posts\/9311","targetHints":{"allow":["GET"]}}],"collection":[{"href":"https:\/\/www.merlinproperties.com\/en\/wp-json\/wp\/v2\/posts"}],"about":[{"href":"https:\/\/www.merlinproperties.com\/en\/wp-json\/wp\/v2\/types\/post"}],"author":[{"embeddable":true,"href":"https:\/\/www.merlinproperties.com\/en\/wp-json\/wp\/v2\/users\/14"}],"replies":[{"embeddable":true,"href":"https:\/\/www.merlinproperties.com\/en\/wp-json\/wp\/v2\/comments?post=9311"}],"version-history":[{"count":2,"href":"https:\/\/www.merlinproperties.com\/en\/wp-json\/wp\/v2\/posts\/9311\/revisions"}],"predecessor-version":[{"id":9319,"href":"https:\/\/www.merlinproperties.com\/en\/wp-json\/wp\/v2\/posts\/9311\/revisions\/9319"}],"wp:featuredmedia":[{"embeddable":true,"href":"https:\/\/www.merlinproperties.com\/en\/wp-json\/wp\/v2\/media\/9317"}],"wp:attachment":[{"href":"https:\/\/www.merlinproperties.com\/en\/wp-json\/wp\/v2\/media?parent=9311"}],"wp:term":[{"taxonomy":"category","embeddable":true,"href":"https:\/\/www.merlinproperties.com\/en\/wp-json\/wp\/v2\/categories?post=9311"}],"curies":[{"name":"wp","href":"https:\/\/api.w.org\/{rel}","templated":true}]}}