{"id":6615,"date":"2023-02-13T18:10:08","date_gmt":"2023-02-13T18:10:08","guid":{"rendered":"https:\/\/www.merlinproperties.com\/en\/?p=6615"},"modified":"2025-05-08T07:38:05","modified_gmt":"2025-05-08T07:38:05","slug":"ismael-clemente-has-participated-in-portugal-estate-summit-roundtable","status":"publish","type":"post","link":"https:\/\/www.merlinproperties.com\/en\/dia-a-dia\/ismael-clemente-has-participated-in-portugal-estate-summit-roundtable\/","title":{"rendered":"Portugal Real Estate Summit"},"content":{"rendered":"<p>Lisbon hosted the #PortugalRealEstateSummit, a leading international investment event.<\/p>\n<p>Every year, this #RealEstateSummit invites the main leaders of the sector to discuss and share different perspectives on investment.<\/p>\n<p>Our CEO, Ismael Clemente, participated in the roundtable &#8220;New economic horizons for Portugal&#8221; moderated by Roger M. Cooke MBE FRICS together with Pedro Siza Vieira, former Minister of State for Economy and Digital Transition and Elizabeth Mathieu, Founder and CEO of SouthCap.<\/p>\n<p>We thank the organizers for the invitation to participate one more year in this benchmark event.<\/p>\n","protected":false},"excerpt":{"rendered":"<p>Lisbon hosted the #PortugalRealEstateSummit, a leading international investment event. Every year, this #RealEstateSummit invites the main leaders of the sector to discuss and share different perspectives on investment. Our CEO, Ismael Clemente, participated in the roundtable &#8220;New economic horizons for Portugal&#8221; moderated by Roger M. Cooke MBE FRICS together with Pedro Siza Vieira, former Minister [&hellip;]<\/p>\n","protected":false},"author":13,"featured_media":6616,"comment_status":"closed","ping_status":"open","sticky":false,"template":"","format":"standard","meta":{"footnotes":""},"categories":[41,46],"class_list":["post-6615","post","type-post","status-publish","format-standard","has-post-thumbnail","hentry","category-dia-a-dia","category-dia-oficinas"],"acf":[],"yoast_head":"<!-- This site is optimized with the Yoast SEO plugin v26.5 - https:\/\/yoast.com\/wordpress\/plugins\/seo\/ -->\n<title>Portugal Real Estate Summit - Merlin Properties Socimi, S.A. (EN)<\/title>\n<meta name=\"description\" content=\"Merlin\u00b4s CEO, Ismael Clemente, participated in the roundtable of Real Estate Summit in Lisbon.\" \/>\n<meta name=\"robots\" content=\"index, follow, max-snippet:-1, max-image-preview:large, max-video-preview:-1\" \/>\n<link rel=\"canonical\" href=\"https:\/\/www.merlinproperties.com\/en\/dia-a-dia\/ismael-clemente-has-participated-in-portugal-estate-summit-roundtable\/\" \/>\n<meta property=\"og:locale\" content=\"en_US\" \/>\n<meta property=\"og:type\" content=\"article\" \/>\n<meta property=\"og:title\" content=\"Portugal Real Estate Summit - Merlin Properties Socimi, S.A. (EN)\" \/>\n<meta property=\"og:description\" content=\"Merlin\u00b4s CEO, Ismael Clemente, participated in the roundtable of Real Estate Summit in Lisbon.\" \/>\n<meta property=\"og:url\" content=\"https:\/\/www.merlinproperties.com\/en\/dia-a-dia\/ismael-clemente-has-participated-in-portugal-estate-summit-roundtable\/\" \/>\n<meta property=\"og:site_name\" content=\"Merlin Properties Socimi, S.A. (EN)\" \/>\n<meta property=\"article:published_time\" content=\"2023-02-13T18:10:08+00:00\" \/>\n<meta property=\"article:modified_time\" content=\"2025-05-08T07:38:05+00:00\" \/>\n<meta property=\"og:image\" content=\"https:\/\/www.merlinproperties.com\/en\/wp-content\/uploads\/sites\/2\/2023\/02\/Real-Estate-Summitjpg-1.jpg\" \/>\n\t<meta property=\"og:image:width\" content=\"800\" \/>\n\t<meta property=\"og:image:height\" content=\"509\" \/>\n\t<meta property=\"og:image:type\" content=\"image\/jpeg\" \/>\n<meta name=\"twitter:card\" content=\"summary_large_image\" \/>\n<meta name=\"twitter:label1\" content=\"Written by\" \/>\n\t<meta name=\"twitter:data1\" content=\"\" \/>\n\t<meta name=\"twitter:label2\" content=\"Est. reading time\" \/>\n\t<meta name=\"twitter:data2\" content=\"1 minute\" \/>\n<script type=\"application\/ld+json\" class=\"yoast-schema-graph\">{\"@context\":\"https:\/\/schema.org\",\"@graph\":[{\"@type\":[\"Article\",\"BlogPosting\"],\"@id\":\"https:\/\/www.merlinproperties.com\/en\/dia-a-dia\/ismael-clemente-has-participated-in-portugal-estate-summit-roundtable\/#article\",\"isPartOf\":{\"@id\":\"https:\/\/www.merlinproperties.com\/en\/dia-a-dia\/ismael-clemente-has-participated-in-portugal-estate-summit-roundtable\/\"},\"author\":{\"name\":\"\",\"@id\":\"\"},\"headline\":\"Portugal Real Estate Summit\",\"datePublished\":\"2023-02-13T18:10:08+00:00\",\"dateModified\":\"2025-05-08T07:38:05+00:00\",\"mainEntityOfPage\":{\"@id\":\"https:\/\/www.merlinproperties.com\/en\/dia-a-dia\/ismael-clemente-has-participated-in-portugal-estate-summit-roundtable\/\"},\"wordCount\":90,\"publisher\":{\"@id\":\"https:\/\/www.merlinproperties.com\/en\/#organization\"},\"image\":{\"@id\":\"https:\/\/www.merlinproperties.com\/en\/dia-a-dia\/ismael-clemente-has-participated-in-portugal-estate-summit-roundtable\/#primaryimage\"},\"thumbnailUrl\":\"https:\/\/www.merlinproperties.com\/en\/wp-content\/uploads\/sites\/2\/2023\/02\/Real-Estate-Summitjpg-1.jpg\",\"articleSection\":[\"D\u00eda a d\u00eda\",\"Oficinas\"],\"inLanguage\":\"en-US\"},{\"@type\":\"WebPage\",\"@id\":\"https:\/\/www.merlinproperties.com\/en\/dia-a-dia\/ismael-clemente-has-participated-in-portugal-estate-summit-roundtable\/\",\"url\":\"https:\/\/www.merlinproperties.com\/en\/dia-a-dia\/ismael-clemente-has-participated-in-portugal-estate-summit-roundtable\/\",\"name\":\"Portugal Real Estate Summit - Merlin Properties Socimi, S.A. (EN)\",\"isPartOf\":{\"@id\":\"https:\/\/www.merlinproperties.com\/en\/#website\"},\"primaryImageOfPage\":{\"@id\":\"https:\/\/www.merlinproperties.com\/en\/dia-a-dia\/ismael-clemente-has-participated-in-portugal-estate-summit-roundtable\/#primaryimage\"},\"image\":{\"@id\":\"https:\/\/www.merlinproperties.com\/en\/dia-a-dia\/ismael-clemente-has-participated-in-portugal-estate-summit-roundtable\/#primaryimage\"},\"thumbnailUrl\":\"https:\/\/www.merlinproperties.com\/en\/wp-content\/uploads\/sites\/2\/2023\/02\/Real-Estate-Summitjpg-1.jpg\",\"datePublished\":\"2023-02-13T18:10:08+00:00\",\"dateModified\":\"2025-05-08T07:38:05+00:00\",\"description\":\"Merlin\u00b4s CEO, Ismael Clemente, participated in the roundtable of Real Estate Summit in Lisbon.\",\"inLanguage\":\"en-US\",\"potentialAction\":[{\"@type\":\"ReadAction\",\"target\":[\"https:\/\/www.merlinproperties.com\/en\/dia-a-dia\/ismael-clemente-has-participated-in-portugal-estate-summit-roundtable\/\"]}]},{\"@type\":\"ImageObject\",\"inLanguage\":\"en-US\",\"@id\":\"https:\/\/www.merlinproperties.com\/en\/dia-a-dia\/ismael-clemente-has-participated-in-portugal-estate-summit-roundtable\/#primaryimage\",\"url\":\"https:\/\/www.merlinproperties.com\/en\/wp-content\/uploads\/sites\/2\/2023\/02\/Real-Estate-Summitjpg-1.jpg\",\"contentUrl\":\"https:\/\/www.merlinproperties.com\/en\/wp-content\/uploads\/sites\/2\/2023\/02\/Real-Estate-Summitjpg-1.jpg\",\"width\":800,\"height\":509},{\"@type\":\"WebSite\",\"@id\":\"https:\/\/www.merlinproperties.com\/en\/#website\",\"url\":\"https:\/\/www.merlinproperties.com\/en\/\",\"name\":\"Merlin Properties Socimi, S.A. (EN)\",\"description\":\"Compa\u00f1\u00eda Inmobiliaria, cotizada, l\u00edder en el sector de activos terciarios en la Pen\u00ednsula Ib\u00e9rica.\",\"publisher\":{\"@id\":\"https:\/\/www.merlinproperties.com\/en\/#organization\"},\"potentialAction\":[{\"@type\":\"SearchAction\",\"target\":{\"@type\":\"EntryPoint\",\"urlTemplate\":\"https:\/\/www.merlinproperties.com\/en\/?s={search_term_string}\"},\"query-input\":{\"@type\":\"PropertyValueSpecification\",\"valueRequired\":true,\"valueName\":\"search_term_string\"}}],\"inLanguage\":\"en-US\"},{\"@type\":\"Organization\",\"@id\":\"https:\/\/www.merlinproperties.com\/en\/#organization\",\"name\":\"Merlin Properties Socimi, S.A. (EN)\",\"url\":\"https:\/\/www.merlinproperties.com\/en\/\",\"logo\":{\"@type\":\"ImageObject\",\"inLanguage\":\"en-US\",\"@id\":\"https:\/\/www.merlinproperties.com\/en\/#\/schema\/logo\/image\/\",\"url\":\"https:\/\/www.merlinproperties.com\/en\/wp-content\/uploads\/sites\/2\/2023\/03\/Merlin-Logo-Horizontal-Negativo-scaled-2.png\",\"contentUrl\":\"https:\/\/www.merlinproperties.com\/en\/wp-content\/uploads\/sites\/2\/2023\/03\/Merlin-Logo-Horizontal-Negativo-scaled-2.png\",\"width\":600,\"height\":204,\"caption\":\"Merlin Properties Socimi, S.A. (EN)\"},\"image\":{\"@id\":\"https:\/\/www.merlinproperties.com\/en\/#\/schema\/logo\/image\/\"}},{\"@type\":\"Person\",\"@id\":\"\"}]}<\/script>\n<!-- \/ Yoast SEO plugin. -->","yoast_head_json":{"title":"Portugal Real Estate Summit - Merlin Properties Socimi, S.A. (EN)","description":"Merlin\u00b4s CEO, Ismael Clemente, participated in the roundtable of Real Estate Summit in Lisbon.","robots":{"index":"index","follow":"follow","max-snippet":"max-snippet:-1","max-image-preview":"max-image-preview:large","max-video-preview":"max-video-preview:-1"},"canonical":"https:\/\/www.merlinproperties.com\/en\/dia-a-dia\/ismael-clemente-has-participated-in-portugal-estate-summit-roundtable\/","og_locale":"en_US","og_type":"article","og_title":"Portugal Real Estate Summit - Merlin Properties Socimi, S.A. (EN)","og_description":"Merlin\u00b4s CEO, Ismael Clemente, participated in the roundtable of Real Estate Summit in Lisbon.","og_url":"https:\/\/www.merlinproperties.com\/en\/dia-a-dia\/ismael-clemente-has-participated-in-portugal-estate-summit-roundtable\/","og_site_name":"Merlin Properties Socimi, S.A. (EN)","article_published_time":"2023-02-13T18:10:08+00:00","article_modified_time":"2025-05-08T07:38:05+00:00","og_image":[{"width":800,"height":509,"url":"https:\/\/www.merlinproperties.com\/en\/wp-content\/uploads\/sites\/2\/2023\/02\/Real-Estate-Summitjpg-1.jpg","type":"image\/jpeg"}],"twitter_card":"summary_large_image","twitter_misc":{"Written by":"","Est. reading time":"1 minute"},"schema":{"@context":"https:\/\/schema.org","@graph":[{"@type":["Article","BlogPosting"],"@id":"https:\/\/www.merlinproperties.com\/en\/dia-a-dia\/ismael-clemente-has-participated-in-portugal-estate-summit-roundtable\/#article","isPartOf":{"@id":"https:\/\/www.merlinproperties.com\/en\/dia-a-dia\/ismael-clemente-has-participated-in-portugal-estate-summit-roundtable\/"},"author":{"name":"","@id":""},"headline":"Portugal Real Estate Summit","datePublished":"2023-02-13T18:10:08+00:00","dateModified":"2025-05-08T07:38:05+00:00","mainEntityOfPage":{"@id":"https:\/\/www.merlinproperties.com\/en\/dia-a-dia\/ismael-clemente-has-participated-in-portugal-estate-summit-roundtable\/"},"wordCount":90,"publisher":{"@id":"https:\/\/www.merlinproperties.com\/en\/#organization"},"image":{"@id":"https:\/\/www.merlinproperties.com\/en\/dia-a-dia\/ismael-clemente-has-participated-in-portugal-estate-summit-roundtable\/#primaryimage"},"thumbnailUrl":"https:\/\/www.merlinproperties.com\/en\/wp-content\/uploads\/sites\/2\/2023\/02\/Real-Estate-Summitjpg-1.jpg","articleSection":["D\u00eda a d\u00eda","Oficinas"],"inLanguage":"en-US"},{"@type":"WebPage","@id":"https:\/\/www.merlinproperties.com\/en\/dia-a-dia\/ismael-clemente-has-participated-in-portugal-estate-summit-roundtable\/","url":"https:\/\/www.merlinproperties.com\/en\/dia-a-dia\/ismael-clemente-has-participated-in-portugal-estate-summit-roundtable\/","name":"Portugal Real Estate Summit - Merlin Properties Socimi, S.A. (EN)","isPartOf":{"@id":"https:\/\/www.merlinproperties.com\/en\/#website"},"primaryImageOfPage":{"@id":"https:\/\/www.merlinproperties.com\/en\/dia-a-dia\/ismael-clemente-has-participated-in-portugal-estate-summit-roundtable\/#primaryimage"},"image":{"@id":"https:\/\/www.merlinproperties.com\/en\/dia-a-dia\/ismael-clemente-has-participated-in-portugal-estate-summit-roundtable\/#primaryimage"},"thumbnailUrl":"https:\/\/www.merlinproperties.com\/en\/wp-content\/uploads\/sites\/2\/2023\/02\/Real-Estate-Summitjpg-1.jpg","datePublished":"2023-02-13T18:10:08+00:00","dateModified":"2025-05-08T07:38:05+00:00","description":"Merlin\u00b4s CEO, Ismael Clemente, participated in the roundtable of Real Estate Summit in Lisbon.","inLanguage":"en-US","potentialAction":[{"@type":"ReadAction","target":["https:\/\/www.merlinproperties.com\/en\/dia-a-dia\/ismael-clemente-has-participated-in-portugal-estate-summit-roundtable\/"]}]},{"@type":"ImageObject","inLanguage":"en-US","@id":"https:\/\/www.merlinproperties.com\/en\/dia-a-dia\/ismael-clemente-has-participated-in-portugal-estate-summit-roundtable\/#primaryimage","url":"https:\/\/www.merlinproperties.com\/en\/wp-content\/uploads\/sites\/2\/2023\/02\/Real-Estate-Summitjpg-1.jpg","contentUrl":"https:\/\/www.merlinproperties.com\/en\/wp-content\/uploads\/sites\/2\/2023\/02\/Real-Estate-Summitjpg-1.jpg","width":800,"height":509},{"@type":"WebSite","@id":"https:\/\/www.merlinproperties.com\/en\/#website","url":"https:\/\/www.merlinproperties.com\/en\/","name":"Merlin Properties Socimi, S.A. (EN)","description":"Compa\u00f1\u00eda Inmobiliaria, cotizada, l\u00edder en el sector de activos terciarios en la Pen\u00ednsula Ib\u00e9rica.","publisher":{"@id":"https:\/\/www.merlinproperties.com\/en\/#organization"},"potentialAction":[{"@type":"SearchAction","target":{"@type":"EntryPoint","urlTemplate":"https:\/\/www.merlinproperties.com\/en\/?s={search_term_string}"},"query-input":{"@type":"PropertyValueSpecification","valueRequired":true,"valueName":"search_term_string"}}],"inLanguage":"en-US"},{"@type":"Organization","@id":"https:\/\/www.merlinproperties.com\/en\/#organization","name":"Merlin Properties Socimi, S.A. (EN)","url":"https:\/\/www.merlinproperties.com\/en\/","logo":{"@type":"ImageObject","inLanguage":"en-US","@id":"https:\/\/www.merlinproperties.com\/en\/#\/schema\/logo\/image\/","url":"https:\/\/www.merlinproperties.com\/en\/wp-content\/uploads\/sites\/2\/2023\/03\/Merlin-Logo-Horizontal-Negativo-scaled-2.png","contentUrl":"https:\/\/www.merlinproperties.com\/en\/wp-content\/uploads\/sites\/2\/2023\/03\/Merlin-Logo-Horizontal-Negativo-scaled-2.png","width":600,"height":204,"caption":"Merlin Properties Socimi, S.A. (EN)"},"image":{"@id":"https:\/\/www.merlinproperties.com\/en\/#\/schema\/logo\/image\/"}},{"@type":"Person","@id":""}]}},"_links":{"self":[{"href":"https:\/\/www.merlinproperties.com\/en\/wp-json\/wp\/v2\/posts\/6615","targetHints":{"allow":["GET"]}}],"collection":[{"href":"https:\/\/www.merlinproperties.com\/en\/wp-json\/wp\/v2\/posts"}],"about":[{"href":"https:\/\/www.merlinproperties.com\/en\/wp-json\/wp\/v2\/types\/post"}],"author":[{"embeddable":true,"href":"https:\/\/www.merlinproperties.com\/en\/wp-json\/wp\/v2\/users\/13"}],"replies":[{"embeddable":true,"href":"https:\/\/www.merlinproperties.com\/en\/wp-json\/wp\/v2\/comments?post=6615"}],"version-history":[{"count":1,"href":"https:\/\/www.merlinproperties.com\/en\/wp-json\/wp\/v2\/posts\/6615\/revisions"}],"predecessor-version":[{"id":8626,"href":"https:\/\/www.merlinproperties.com\/en\/wp-json\/wp\/v2\/posts\/6615\/revisions\/8626"}],"wp:featuredmedia":[{"embeddable":true,"href":"https:\/\/www.merlinproperties.com\/en\/wp-json\/wp\/v2\/media\/6616"}],"wp:attachment":[{"href":"https:\/\/www.merlinproperties.com\/en\/wp-json\/wp\/v2\/media?parent=6615"}],"wp:term":[{"taxonomy":"category","embeddable":true,"href":"https:\/\/www.merlinproperties.com\/en\/wp-json\/wp\/v2\/categories?post=6615"}],"curies":[{"name":"wp","href":"https:\/\/api.w.org\/{rel}","templated":true}]}}